{"id":34429,"date":"2019-05-15T12:22:43","date_gmt":"2019-05-15T16:22:43","guid":{"rendered":"https:\/\/linitiative.ca\/International\/obseques-a-marrakech-de-lacteur-marocain-abdellah-amrani\/"},"modified":"2019-05-15T12:22:43","modified_gmt":"2019-05-15T16:22:43","slug":"obseques-a-marrakech-de-lacteur-marocain-abdellah-amrani","status":"publish","type":"post","link":"https:\/\/linitiative.ca\/International\/obseques-a-marrakech-de-lacteur-marocain-abdellah-amrani\/","title":{"rendered":"Obs\u00e8ques \u00e0 Marrakech de l\u2019acteur marocain Abdellah Amrani"},"content":{"rendered":"<div class=\"single-featured\"><img alt=\"\" data-src=\"http:\/\/www.mapmarrakech.ma\/map\/uploads\/2019\/05\/f\u00e9nurailleabdellahamrani-copier.jpg\"\/><\/div>\n<div class=\"single-post-excerpt post-excerpt-bc\" readability=\"37\">\n<p>Marrakech \u2013 Les obs\u00e8ques de l\u2019acteur marocain Abdellah Amrani, d\u00e9c\u00e9d\u00e9 mardi soir \u00e0 Marrakech, \u00e0 l\u2019\u00e2ge de 78 ans des suites d\u2019une longue maladie, ont eu lieu mercredi, \u00e0 la Cit\u00e9 ocre.<\/p>\n<\/div>\n<div class=\"entry-content clearfix single-post-content\" readability=\"56\">\n<p>Apr\u00e8s les pri\u00e8res d\u2019Ad-Dohr et du mort, la d\u00e9pouille du d\u00e9funt a \u00e9t\u00e9 inhum\u00e9e \u00e0 Marrakech dans un climat de recueillement et de pi\u00e9t\u00e9 en pr\u00e9sence de plusieurs artistes, les membres de sa famille, ses proches, ses amis et ses fans.<\/p>\n<p>Ic\u00f4ne du grand et du petit \u00e9cran marocain, le natif de Marrakech (1941) est consid\u00e9r\u00e9 parmi les artistes pionniers qui ont marqu\u00e9 de leur empreinte, le th\u00e9\u00e2tre, le petit \u00e9cran, la radio ainsi que le cin\u00e9ma.<\/p>\n<p>Il avait rejoint tr\u00e8s t\u00f4t la troupe du \u00ab\u00a0Th\u00e9\u00e2tre national\u00a0\u00bb (fond\u00e9e en 1952) qui regroupait une pl\u00e9iade des meilleurs acteurs marocains.<\/p>\n<p>Feu Abdellah Amrani est connu pour ses r\u00f4les dans de nombreux films et sitcoms \u00e0 succ\u00e8s, dont \u00ab\u00a0Les amis d\u2019hier\u00a0\u00bb (1997), \u00ab\u00a0Taif Nizar\u00a0\u00bb (2002), \u00ab\u00a0La symphonie marocaine\u00a0\u00bb (2006) et \u00ab\u00a0L\u2019orange am\u00e8re\u00a0\u00bb (2006).<\/p>\n<\/div>\n<p>Auteur: Meriem IGASS<br \/>\n<a href=\"http:\/\/www.mapmarrakech.ma\/fr\/obseques-a-marrakech-de-lacteur-marocain-abdellah-amrani\/\">Cliquez ici pour lire l&rsquo;article depuis sa source.<\/a><\/p>\n","protected":false},"excerpt":{"rendered":"<p>Marrakech \u2013 Les obs\u00e8ques de l\u2019acteur marocain Abdellah Amrani, d\u00e9c\u00e9d\u00e9 mardi soir \u00e0 Marrakech, \u00e0 l\u2019\u00e2ge de 78 ans des suites d\u2019une longue maladie, ont eu lieu mercredi, \u00e0 la Cit\u00e9 ocre. Apr\u00e8s les pri\u00e8res d\u2019Ad-Dohr et du mort, la d\u00e9pouille du d\u00e9funt a \u00e9t\u00e9 inhum\u00e9e \u00e0 Marrakech dans un climat de recueillement et de [&hellip;]<\/p>\n","protected":false},"author":1788,"featured_media":34430,"comment_status":"closed","ping_status":"closed","sticky":false,"template":"","format":"standard","meta":{"fifu_image_url":"","fifu_image_alt":"","footnotes":""},"categories":[54,76],"tags":[],"class_list":["post-34429","post","type-post","status-publish","format-standard","has-post-thumbnail","hentry","category-maroc","category-regions"],"_links":{"self":[{"href":"https:\/\/linitiative.ca\/International\/wp-json\/wp\/v2\/posts\/34429","targetHints":{"allow":["GET"]}}],"collection":[{"href":"https:\/\/linitiative.ca\/International\/wp-json\/wp\/v2\/posts"}],"about":[{"href":"https:\/\/linitiative.ca\/International\/wp-json\/wp\/v2\/types\/post"}],"author":[{"embeddable":true,"href":"https:\/\/linitiative.ca\/International\/wp-json\/wp\/v2\/users\/1788"}],"replies":[{"embeddable":true,"href":"https:\/\/linitiative.ca\/International\/wp-json\/wp\/v2\/comments?post=34429"}],"version-history":[{"count":0,"href":"https:\/\/linitiative.ca\/International\/wp-json\/wp\/v2\/posts\/34429\/revisions"}],"wp:featuredmedia":[{"embeddable":true,"href":"https:\/\/linitiative.ca\/International\/wp-json\/"}],"wp:attachment":[{"href":"https:\/\/linitiative.ca\/International\/wp-json\/wp\/v2\/media?parent=34429"}],"wp:term":[{"taxonomy":"category","embeddable":true,"href":"https:\/\/linitiative.ca\/International\/wp-json\/wp\/v2\/categories?post=34429"},{"taxonomy":"post_tag","embeddable":true,"href":"https:\/\/linitiative.ca\/International\/wp-json\/wp\/v2\/tags?post=34429"}],"curies":[{"name":"wp","href":"https:\/\/api.w.org\/{rel}","templated":true}]}}