{"id":34437,"date":"2019-05-15T10:38:54","date_gmt":"2019-05-15T14:38:54","guid":{"rendered":"https:\/\/linitiative.ca\/International\/blida-relogement-avant-la-fin-de-lannee-des-familles-residantes-au-palais-aziza\/"},"modified":"2019-05-15T10:38:54","modified_gmt":"2019-05-15T14:38:54","slug":"blida-relogement-avant-la-fin-de-lannee-des-familles-residantes-au-palais-aziza","status":"publish","type":"post","link":"https:\/\/linitiative.ca\/International\/blida-relogement-avant-la-fin-de-lannee-des-familles-residantes-au-palais-aziza\/","title":{"rendered":"Blida: relogement avant la fin de l\u2019ann\u00e9e des familles r\u00e9sidantes au palais Aziza"},"content":{"rendered":"<div>\n<div class=\"K2FeedImage\"><img decoding=\"async\" src=\"http:\/\/www.aps.dz\/media\/k2\/items\/cache\/d4d37f15a5aa9b443a8d62fa5cc6ce9d_S.jpg\" alt=\"Blida: relogement avant la fin de l\u2019ann\u00e9e des familles r\u00e9sidantes au palais Aziza\"><\/div>\n<div class=\"K2FeedIntroText\">\n<p><strong>BLIDA &#8211; Les familles r\u00e9sidantes au monument historique \u00ab\u00a0Palais Aziza\u00a0\u00bb de Beni Tamou (Blida) seront relog\u00e9es avant la fin de l&rsquo;ann\u00e9e en cours, en vue de sa transformation en mus\u00e9e, a appris l\u2019APS de sources concordantes.<\/strong><\/p>\n<\/div>\n<div class=\"K2FeedFullText\">\n<p>\u00ab\u00a0Ces familles, au nombre de neuf, ont \u00e9t\u00e9 programm\u00e9es pour faire partie des b\u00e9n\u00e9ficiaires d\u2019un projet de 150 logements destin\u00e9s \u00e0 l\u2018\u00e9radication de l\u2019habitat pr\u00e9caire, actuellement en cours de concr\u00e9tisation\u00a0\u00bb, a indiqu\u00e9 \u00e0 l\u2019APS, le secr\u00e9taire g\u00e9n\u00e9ral de la commune de Beni Tamou, Mohamed Hadj Amar.<\/p>\n<p>Le projet, en r\u00e9alisation \u00e0 la cit\u00e9 Zitouni dans la m\u00eame localit\u00e9, enregistre un taux d\u2019avancement estim\u00e9 \u00e0 85% et sera r\u00e9ceptionn\u00e9 en septembre prochain, ou au plus tard en fin d&rsquo;ann\u00e9e, a-t-il ajout\u00e9.<\/p>\n<p>Selon le responsable, ces familles auraient pu b\u00e9n\u00e9ficier, dans le pass\u00e9, de logements dans le cadre des grandes op\u00e9rations r\u00e9alis\u00e9es dans la wilaya au titre de l\u2019\u00e9radication de l\u2019habitat pr\u00e9caire (la derni\u00e8re en date \u00e9tant celle de Meftah en 2016) , mais \u00ab\u00a0elles ont \u00e0 chaque fois refus\u00e9 d\u2019\u00eatre \u00e9vacu\u00e9es en exprimant leur souhait de rester dans la commune de Beni Tamou\u00a0\u00bb, a-t-il fait savoir.<\/p>\n<p>\u00ab\u00a0Cette dol\u00e9ance a \u00e9t\u00e9 prise en consid\u00e9ration et nous avons du attendre l\u2019affectation de ce lot de logements au profit de la commune\u00a0\u00bb, a-t-il soulign\u00e9.<\/p>\n<p>Un fois ces familles, r\u00e9sidantes depuis 1962 au \u00ab\u00a0palais Aziza\u00a0\u00bb \u00e9vacu\u00e9es, l\u2019\u00e9difice b\u00e9n\u00e9ficiera, selon le directeur de la culture de la wilaya, Lhadj Meshoub, d\u2019une \u00ab\u00a0op\u00e9ration de restauration visant l\u2019\u00e9limination de toutes les modifications apport\u00e9es par les habitants en son sein, et la restitution de son cachet originel\u00a0\u00bb.<\/p>\n<p>Le responsable a annonc\u00e9, par la m\u00eame, une d\u00e9cision de transformation de la b\u00e2tisse, une fois restaur\u00e9e, en un mus\u00e9e public, parall\u00e8lement \u00e0 l\u2019exploitation de l\u2019assiette y attenante pour en faire un jardin englobant toutes les commodit\u00e9s n\u00e9cessit\u00e9es pour ce type de monuments historiques.<\/p>\n<p>M. Meshoub n\u2019a pas manqu\u00e9, en outre, de souligner l\u2019importante contribution attendue de ce projet de mus\u00e9e, dans \u00ab\u00a0la promotion de la commune de Beni Tamou en une destination touristique culturelle de choix, pour les visiteurs nationaux et \u00e9trangers, outre ses dividendes financi\u00e8res, pour la localit\u00e9\u00a0\u00bb, a-t-il observ\u00e9.<\/p>\n<p>Le palais Aziza remonte a l\u2019\u00e9poque de la pr\u00e9sence Ottomane en Alg\u00e9rie, pr\u00e9cis\u00e9ment \u00e0 l\u2019ann\u00e9e 1797, quand le Dey Hocine avait construit deux palais \u00e0 sa fille Aziza, suite \u00e0 son mariage avec le Bey de Constantine, le 1er \u00e0 la Casbah d\u2019Alger et le 2eme \u00e0 Beni Tamou, mais Aziza avait une pr\u00e9f\u00e9rence particuli\u00e8re pour ce dernier, selon des historiens.<\/p>\n<\/div>\n<\/div>\n<p>Auteur:<br \/>\n<a href=\"http:\/\/www.aps.dz\/regions\/89455-blida-relogement-avant-la-fin-de-l-annee-des-familles-residantes-au-palais-aziza\">Cliquez ici pour lire l&rsquo;article depuis sa source.<\/a><\/p>\n","protected":false},"excerpt":{"rendered":"<p>BLIDA &#8211; Les familles r\u00e9sidantes au monument historique \u00ab\u00a0Palais Aziza\u00a0\u00bb de Beni Tamou (Blida) seront relog\u00e9es avant la fin de l&rsquo;ann\u00e9e en cours, en vue de sa transformation en mus\u00e9e, a appris l\u2019APS de sources concordantes. \u00ab\u00a0Ces familles, au nombre de neuf, ont \u00e9t\u00e9 programm\u00e9es pour faire partie des b\u00e9n\u00e9ficiaires d\u2019un projet de 150 logements [&hellip;]<\/p>\n","protected":false},"author":1790,"featured_media":34438,"comment_status":"closed","ping_status":"closed","sticky":false,"template":"","format":"standard","meta":{"fifu_image_url":"","fifu_image_alt":"","footnotes":""},"categories":[53,76],"tags":[],"class_list":["post-34437","post","type-post","status-publish","format-standard","has-post-thumbnail","hentry","category-algerie","category-regions"],"_links":{"self":[{"href":"https:\/\/linitiative.ca\/International\/wp-json\/wp\/v2\/posts\/34437","targetHints":{"allow":["GET"]}}],"collection":[{"href":"https:\/\/linitiative.ca\/International\/wp-json\/wp\/v2\/posts"}],"about":[{"href":"https:\/\/linitiative.ca\/International\/wp-json\/wp\/v2\/types\/post"}],"author":[{"embeddable":true,"href":"https:\/\/linitiative.ca\/International\/wp-json\/wp\/v2\/users\/1790"}],"replies":[{"embeddable":true,"href":"https:\/\/linitiative.ca\/International\/wp-json\/wp\/v2\/comments?post=34437"}],"version-history":[{"count":0,"href":"https:\/\/linitiative.ca\/International\/wp-json\/wp\/v2\/posts\/34437\/revisions"}],"wp:featuredmedia":[{"embeddable":true,"href":"https:\/\/linitiative.ca\/International\/wp-json\/"}],"wp:attachment":[{"href":"https:\/\/linitiative.ca\/International\/wp-json\/wp\/v2\/media?parent=34437"}],"wp:term":[{"taxonomy":"category","embeddable":true,"href":"https:\/\/linitiative.ca\/International\/wp-json\/wp\/v2\/categories?post=34437"},{"taxonomy":"post_tag","embeddable":true,"href":"https:\/\/linitiative.ca\/International\/wp-json\/wp\/v2\/tags?post=34437"}],"curies":[{"name":"wp","href":"https:\/\/api.w.org\/{rel}","templated":true}]}}