{"id":34439,"date":"2019-05-15T12:28:44","date_gmt":"2019-05-15T16:28:44","guid":{"rendered":"https:\/\/linitiative.ca\/International\/pollution-marine-par-carburants-execution-dun-exercice-au-golfe-darzew\/"},"modified":"2019-05-15T12:28:44","modified_gmt":"2019-05-15T16:28:44","slug":"pollution-marine-par-carburants-execution-dun-exercice-au-golfe-darzew","status":"publish","type":"post","link":"https:\/\/linitiative.ca\/International\/pollution-marine-par-carburants-execution-dun-exercice-au-golfe-darzew\/","title":{"rendered":"Pollution marine par carburants: ex\u00e9cution d\u2019un exercice au Golfe d\u2019Arzew"},"content":{"rendered":"<div>\n<div class=\"K2FeedIntroText\">\n<p><strong>ORAN &#8211; Un exercice de lutte contre la pollution marine par carburants sous l&rsquo;intitul\u00e9 \u00ab\u00a0pollution marine Arzew 2019\u00a0\u00bb (pol-mar Arzew 2019) a \u00e9t\u00e9 ex\u00e9cut\u00e9 mercredi au golfe d\u2019Arzew (Est d\u2019Oran) par les services de la fa\u00e7ade navale Ouest relevant de la 2\u00e8me r\u00e9gion militaire.<\/strong><\/p>\n<\/div>\n<div class=\"K2FeedFullText\">\n<p>Le commandant de la fa\u00e7ade navale ouest, le g\u00e9n\u00e9ral Ch\u00e2alal Abdelaziz, a pr\u00e9sid\u00e9, au nom du g\u00e9n\u00e9ral major, commandant de la 2\u00e8me RM et du g\u00e9n\u00e9ral major, chef des forces navales, le lancement de cet exercice en pr\u00e9sence du wali d\u2019Oran, Mouloud Ch\u00e9rifi, des cadres de l\u2019ANP, des repr\u00e9sentants des directions locales de l\u2019environnement et des transports, ainsi que des cadres de l\u2019entreprise portuaire d\u2019Arzew.<\/p>\n<blockquote>\n<p><em><strong>Le G\u00e9n\u00e9ral Cha\u00e2lal Abdelaziz a indiqu\u00e9, dans son intervention, que cet exercice \u00ab\u00a0est un test interactif pour les structures militaires et civiles lors d\u2019une action de lutte contre la pollution marine par carburants. Il s\u2019agit de renforcer l\u2019exp\u00e9rience acquise auparavant par nos unit\u00e9s dans ce domaine et d\u2019exposer les modes d\u2019intervention en mati\u00e8re de lutte contre la pollution marine\u00a0\u00bb, a-t-il ajout\u00e9.<\/strong><\/em><\/p>\n<\/blockquote>\n<p>Cet exercice de simulation permettra de renforcer la coop\u00e9ration et la coordination entre les structures militaires et civiles par la gestion de la lutte contre la pollution au titre du plan r\u00e9gional terre-mer, a-t-on expliqu\u00e9 lors de la pr\u00e9sentation de l\u2019exercice.<\/p>\n<p>Il s\u2019agira d\u2019\u00e9valuer l\u2019\u00e9tat de pr\u00e9paration des intervenants, les d\u00e9lais d\u2019intervention, de jauger les techniques de lutte contre la pollution marine, d\u2019\u00e9valuer les r\u00e9sultats li\u00e9es \u00e0 l\u2019activation de l\u2019organisation locale et r\u00e9gionale concernant la lutte contre la pollution marine, de tester l\u2019efficacit\u00e9 des moyens d\u2019intervention \u00e0 tous les niveaux et enfin de ma\u00eetriser les proc\u00e9dures d\u2019enqu\u00eates marines, a-t-on ajout\u00e9.<\/p>\n<p>Le wali d\u2019Oran, Mouloud Ch\u00e9rifi, a relev\u00e9, pour sa part, que cet exercice se d\u00e9roule dans des conditions presque r\u00e9elles pour donner des r\u00e9ponses r\u00e9elles sur les disponibilit\u00e9s \u00e0 mettre en \u0153uvre contre ces risques et activer la coordination entre les structures militaires et civiles\u00a0\u00bb.<\/p>\n<blockquote>\n<p><em><strong>Cet exercice a vu la mobilisation des forces et moyens de structures militaires et civiles dont deux navires en rade en haute mer, deux h\u00e9licopt\u00e8res de recherche et secours, un avion de surveillance maritime, quatre zodiacs des gardes c\u00f4tes, trois autres embarcations semi-solides, 10 plongeurs relevant de la base maritime principale de Mers El Kebir, outre des moyens et mat\u00e9riels de r\u00e9serve.<\/strong><\/em><\/p>\n<\/blockquote>\n<p>Des moyens civils ont \u00e9t\u00e9 \u00e9galement mobilis\u00e9s, dont ceux de la protection civile avec un h\u00f4pital de terrain et des \u00e9quipements de lutte sur terre.<\/p>\n<p>L&rsquo;exercice s\u2019est d\u00e9roul\u00e9 en quatre \u00e9tapes depuis le lancement de l\u2019\u00e9tat d\u2019alerte, aux op\u00e9rations de recherche et de sauvetage, la lutte contre la pollution proprement dite et enfin les enqu\u00eates sur les causes et circonstances de l\u2019accident.<\/p>\n<p>Le sc\u00e9nario mis en application consistait en une collision d\u2019un p\u00e9trolier charg\u00e9 de 130.000 tonnes de p\u00e9trole brut, lors de sa man\u0153uvre de sa sortie du Golfe d\u2019Arzew avec un navire commercial se dirigeant au port d\u2019Arzew. L\u2019exercice a consist\u00e9 en l\u2019activation des plans local, r\u00e9gional et national de lutte contre la pollution marine par carburants et la ma\u00eetrise de l\u2019accident.<\/p>\n<\/div>\n<\/div>\n<p>Auteur:<br \/>\n<a href=\"http:\/\/www.aps.dz\/regions\/89466-pollution-marine-par-carburants-execution-d-un-exercice-au-golfe-d-arzew\">Cliquez ici pour lire l&rsquo;article depuis sa source.<\/a><\/p>\n","protected":false},"excerpt":{"rendered":"<p>ORAN &#8211; Un exercice de lutte contre la pollution marine par carburants sous l&rsquo;intitul\u00e9 \u00ab\u00a0pollution marine Arzew 2019\u00a0\u00bb (pol-mar Arzew 2019) a \u00e9t\u00e9 ex\u00e9cut\u00e9 mercredi au golfe d\u2019Arzew (Est d\u2019Oran) par les services de la fa\u00e7ade navale Ouest relevant de la 2\u00e8me r\u00e9gion militaire. Le commandant de la fa\u00e7ade navale ouest, le g\u00e9n\u00e9ral Ch\u00e2alal Abdelaziz, [&hellip;]<\/p>\n","protected":false},"author":1790,"featured_media":0,"comment_status":"closed","ping_status":"closed","sticky":false,"template":"","format":"standard","meta":{"fifu_image_url":"","fifu_image_alt":"","footnotes":""},"categories":[53,76],"tags":[],"class_list":["post-34439","post","type-post","status-publish","format-standard","hentry","category-algerie","category-regions"],"_links":{"self":[{"href":"https:\/\/linitiative.ca\/International\/wp-json\/wp\/v2\/posts\/34439","targetHints":{"allow":["GET"]}}],"collection":[{"href":"https:\/\/linitiative.ca\/International\/wp-json\/wp\/v2\/posts"}],"about":[{"href":"https:\/\/linitiative.ca\/International\/wp-json\/wp\/v2\/types\/post"}],"author":[{"embeddable":true,"href":"https:\/\/linitiative.ca\/International\/wp-json\/wp\/v2\/users\/1790"}],"replies":[{"embeddable":true,"href":"https:\/\/linitiative.ca\/International\/wp-json\/wp\/v2\/comments?post=34439"}],"version-history":[{"count":0,"href":"https:\/\/linitiative.ca\/International\/wp-json\/wp\/v2\/posts\/34439\/revisions"}],"wp:attachment":[{"href":"https:\/\/linitiative.ca\/International\/wp-json\/wp\/v2\/media?parent=34439"}],"wp:term":[{"taxonomy":"category","embeddable":true,"href":"https:\/\/linitiative.ca\/International\/wp-json\/wp\/v2\/categories?post=34439"},{"taxonomy":"post_tag","embeddable":true,"href":"https:\/\/linitiative.ca\/International\/wp-json\/wp\/v2\/tags?post=34439"}],"curies":[{"name":"wp","href":"https:\/\/api.w.org\/{rel}","templated":true}]}}