{"id":34442,"date":"2019-05-15T05:20:00","date_gmt":"2019-05-15T09:20:00","guid":{"rendered":"https:\/\/linitiative.ca\/International\/petition-en-solidarite-avec-zouhir-chorfi\/"},"modified":"2019-05-15T05:20:00","modified_gmt":"2019-05-15T09:20:00","slug":"petition-en-solidarite-avec-zouhir-chorfi","status":"publish","type":"post","link":"https:\/\/linitiative.ca\/International\/petition-en-solidarite-avec-zouhir-chorfi\/","title":{"rendered":"P\u00e9tition en solidarit\u00e9 avec Zouhir Chorfi"},"content":{"rendered":"<p class=\"rtejustify\">Au terme de la r\u00e9union, tenue samedi 11 mai, le Syndicat national d\u00e9mocratique des Finances (UMT) a d\u00e9cid\u00e9 de lancer une p\u00e9tition en solidarit\u00e9 avec Zouhir Chorfi, secr\u00e9taire g\u00e9n\u00e9ral du minist\u00e8re des Finances dans le bras de fer qui l&rsquo;oppose \u00e0 un groupe d&rsquo;associations repr\u00e9sentant les m\u00e9decins du priv\u00e9. En effet, ces derni\u00e8res envisagent de le poursuivre en justice en raison des propos tenus, samedi 4 mai, lors des 3e Assises de la fiscalit\u00e9. Zouhir Chorfi avait d\u00e9clar\u00e9 que certaines cliniques refusaient les paiements par ch\u00e8que, minoraient parfois leurs revenus jusqu&rsquo;\u00e0 90%, pratiquaient le black\u2026 En plus d&rsquo;une p\u00e9tition, le Syndicat appelle \u00e0 un sit in devant son si\u00e8ge, ses repr\u00e9sentations r\u00e9gionales ainsi que devant le si\u00e8ge du minist\u00e8re des Finances et ce, le mardi 21 mai \u00e0 partir de 11 h.<\/p>\n<p class=\"rtejustify\"><em>H.E.<\/em><\/p>\n<p>Auteur: hlafriqi<br \/>\n<a href=\"https:\/\/www.leconomiste.com\/article\/1045094-petition-en-solidarite-avec-zouhir-chorfi\">Cliquez ici pour lire l&rsquo;article depuis sa source.<\/a><\/p>\n","protected":false},"excerpt":{"rendered":"<p>Au terme de la r\u00e9union, tenue samedi 11 mai, le Syndicat national d\u00e9mocratique des Finances (UMT) a d\u00e9cid\u00e9 de lancer une p\u00e9tition en solidarit\u00e9 avec Zouhir Chorfi, secr\u00e9taire g\u00e9n\u00e9ral du minist\u00e8re des Finances dans le bras de fer qui l&rsquo;oppose \u00e0 un groupe d&rsquo;associations repr\u00e9sentant les m\u00e9decins du priv\u00e9. En effet, ces derni\u00e8res envisagent de [&hellip;]<\/p>\n","protected":false},"author":1763,"featured_media":0,"comment_status":"closed","ping_status":"closed","sticky":false,"template":"","format":"standard","meta":{"fifu_image_url":"","fifu_image_alt":"","footnotes":""},"categories":[78,54],"tags":[],"class_list":["post-34442","post","type-post","status-publish","format-standard","hentry","category-economie","category-maroc"],"_links":{"self":[{"href":"https:\/\/linitiative.ca\/International\/wp-json\/wp\/v2\/posts\/34442","targetHints":{"allow":["GET"]}}],"collection":[{"href":"https:\/\/linitiative.ca\/International\/wp-json\/wp\/v2\/posts"}],"about":[{"href":"https:\/\/linitiative.ca\/International\/wp-json\/wp\/v2\/types\/post"}],"author":[{"embeddable":true,"href":"https:\/\/linitiative.ca\/International\/wp-json\/wp\/v2\/users\/1763"}],"replies":[{"embeddable":true,"href":"https:\/\/linitiative.ca\/International\/wp-json\/wp\/v2\/comments?post=34442"}],"version-history":[{"count":0,"href":"https:\/\/linitiative.ca\/International\/wp-json\/wp\/v2\/posts\/34442\/revisions"}],"wp:attachment":[{"href":"https:\/\/linitiative.ca\/International\/wp-json\/wp\/v2\/media?parent=34442"}],"wp:term":[{"taxonomy":"category","embeddable":true,"href":"https:\/\/linitiative.ca\/International\/wp-json\/wp\/v2\/categories?post=34442"},{"taxonomy":"post_tag","embeddable":true,"href":"https:\/\/linitiative.ca\/International\/wp-json\/wp\/v2\/tags?post=34442"}],"curies":[{"name":"wp","href":"https:\/\/api.w.org\/{rel}","templated":true}]}}