{"id":34449,"date":"2019-05-15T06:00:00","date_gmt":"2019-05-15T10:00:00","guid":{"rendered":"https:\/\/linitiative.ca\/International\/tourisme-oriental-un-coup-de-promo-pour-booster-la-destination\/"},"modified":"2019-05-15T06:00:00","modified_gmt":"2019-05-15T10:00:00","slug":"tourisme-oriental-un-coup-de-promo-pour-booster-la-destination","status":"publish","type":"post","link":"https:\/\/linitiative.ca\/International\/tourisme-oriental-un-coup-de-promo-pour-booster-la-destination\/","title":{"rendered":"Tourisme\/Oriental: Un coup de promo pour booster la destination"},"content":{"rendered":"<div readability=\"34\">\n<p>Le CRT et la CGEM lancent une action commune<\/p>\n<p>Organisation d\u2019un forum sur le tourisme et le climat des affaires en juin<\/p>\n<\/div>\n<div readability=\"95\">\n<div class=\"dnd-atom-wrapper type-image context-sdl_editor_representation\" contenteditable=\"false\" readability=\"33.5\">\n<div class=\"dnd-drop-wrapper image\"><img loading=\"lazy\" decoding=\"async\" typeof=\"foaf:Image\" class=\"img-responsive\" src=\"https:\/\/www.leconomiste.com\/sites\/default\/files\/eco7\/public\/thumbnails\/image\/tourisme-oriental-1-0015.jpg\" width=\"660\" height=\"330\" alt=\"tourisme-oriental-1-0015.jpg\" title=\"tourisme-oriental-1-0015.jpg\"\/><\/div>\n<\/div>\n<p class=\"rtejustify\">Les r\u00e9unions de coordination vont bon train entre le Conseil r\u00e9gional du tourisme de l\u2019Oriental (CRT\/O) et la Conf\u00e9d\u00e9ration g\u00e9n\u00e9rale des entreprises du Maroc (CGEM), section Oriental. Le but est de lancer des actions communes et promotionnelles pour la destination.<\/p>\n<p class=\"rtejustify\">Dans le pipe \u00e9galement, l\u2019organisation d\u2019un forum, fin juin, sur l\u2019importance des infrastructures touristiques dans l\u2019am\u00e9lioration du climat des affaires. C\u2019est ce qui a \u00e9t\u00e9 d\u00e9cid\u00e9 lors de la r\u00e9union du lundi 6 mai, regroupant les bureaux des deux entit\u00e9s. Une rencontre consacr\u00e9e \u00e0 la mise en place d\u2019une strat\u00e9gie commune pour booster l\u2019activit\u00e9 touristique dans la r\u00e9gion, via l\u2019implication des entrepreneurs et hommes d\u2019affaires.<\/p>\n<p class=\"rtejustify\">Le r\u00e9seau de la CGEM avec ses 90.000 membres directs et affili\u00e9s est en mesure d\u2019enclencher la dynamique convoit\u00e9e pour la destination. D\u2019abord via ses affili\u00e9s et ensuite en initiant une s\u00e9rie d\u2019\u00e9v\u00e9nements \u00e0 vis\u00e9e \u00e9conomique dans la r\u00e9gion.<\/p>\n<div class=\"dnd-atom-wrapper type-image context-sdl_editor_representation\" contenteditable=\"false\">\n<div class=\"dnd-drop-wrapper image\"><img loading=\"lazy\" decoding=\"async\" typeof=\"foaf:Image\" class=\"img-responsive\" src=\"https:\/\/www.leconomiste.com\/sites\/default\/files\/eco7\/public\/thumbnails\/image\/tourisme-oriental-2-0015.jpg\" width=\"660\" height=\"330\" alt=\"tourisme-oriental-2-0015.jpg\" title=\"tourisme-oriental-2-0015.jpg\"\/><\/div>\n<\/div>\n<p class=\"rtejustify\">Le tourisme est hiss\u00e9 dans l\u2019Oriental en levier de croissance et a besoin de strat\u00e9gies accompagnatrices percutantes pour qu\u2019il puisse aboutir. \u00abC\u2019est ce que peut apporter la CGEM gr\u00e2ce \u00e0 son exp\u00e9rience, sa vision adapt\u00e9e \u00e0 l\u2019\u00e9volution des march\u00e9s porteurs et sa solidarit\u00e9 \u00e0 l\u2019\u00e9gard des secteurs qui cr\u00e9ent l\u2019emploi\u00bb, confie \u00e0 L\u2019\u00c9conomiste Nouredine Bachiri, pr\u00e9sident r\u00e9gional de la CGEM\/Oriental.<\/p>\n<p class=\"rtejustify\">Depuis la constitution du nouveau bureau, le CRT est en contact permanent avec les professionnels du tourisme et les comp\u00e9tences locales pour promouvoir la destination, \u00e9changer les exp\u00e9riences et proposer des alternatives concr\u00e8tes en accord avec la Vision 2020. Une vision bas\u00e9e davantage sur le qualitatif que le quantitatif.<\/p>\n<p class=\"rtejustify\">C\u2019est ce qui explique en partie pourquoi le CRT cible la client\u00e8le CGEM. \u00abSi on arrive \u00e0 int\u00e9resser 20% des adh\u00e9rents de la CGEM, c\u2019est au moins 18.000 touristes de plus pour la station. S\u2019y ajoute l\u2019effet amplificateur du bouche \u00e0 oreille\u00bb, pr\u00e9cise un h\u00f4telier de la station.<\/p>\n<div class=\"dnd-atom-wrapper type-image context-sdl_editor_representation\" contenteditable=\"false\">\n<div class=\"dnd-drop-wrapper image\"><img loading=\"lazy\" decoding=\"async\" typeof=\"foaf:Image\" class=\"img-responsive\" src=\"https:\/\/www.leconomiste.com\/sites\/default\/files\/eco7\/public\/thumbnails\/image\/tourisme-oriental-marina-0015.jpg\" width=\"660\" height=\"330\" alt=\"tourisme-oriental-marina-0015.jpg\" title=\"tourisme-oriental-marina-0015.jpg\"\/><\/div>\n<\/div>\n<p class=\"rtejustify\">Intervenant lors de cette rencontre, Yousef Zaki, pr\u00e9sident du CRT de l\u2019Oriental, a dress\u00e9 un tableau exhaustif sur l\u2019\u00e9volution de la station baln\u00e9aire de Sa\u00efdia depuis son ouverture en 2009. Comme il a rappel\u00e9 les principales d\u00e9marches entreprises pour marketer la destination.<\/p>\n<p class=\"rtejustify\">Il a \u00e9galement pr\u00e9sent\u00e9 l\u2019ensemble des partenaires du CRT, les conventions sign\u00e9es, les plans d\u2019action et les r\u00e9alisations en mati\u00e8re d\u2019infrastructures et renforcement de la capacit\u00e9 liti\u00e8re. Il n\u2019a pas cependant omis de rappeler les d\u00e9fis \u00e0 relever en mati\u00e8re de qualification des ressources humaines, d\u2019ouverture de la station le long de l\u2019ann\u00e9e et de proposition de packages adapt\u00e9s aux bourses marocaines.<\/p>\n<p class=\"rtejustify\">Reste \u00e0 signaler que la feuille de route du CRT\/O pour le d\u00e9veloppement du tourisme r\u00e9gional s\u2019articule autour du d\u00e9veloppement du tourisme baln\u00e9aire, cultuel, l\u2019\u00e9cotourisme, le thermal et les produits du terroir.<\/p>\n<p class=\"rtejustify\"><em>De notre correspondant permanent, Ali KHARROUBI<\/em><\/p>\n<p class=\"rtejustify\">\u00a0<\/p>\n<\/div>\n<p>Auteur: hlafriqi<br \/>\n<a href=\"https:\/\/www.leconomiste.com\/article\/1045084-tourisme-oriental-un-coup-de-promo-pour-booster-la-destination\">Cliquez ici pour lire l&rsquo;article depuis sa source.<\/a><\/p>\n","protected":false},"excerpt":{"rendered":"<p>Le CRT et la CGEM lancent une action commune Organisation d\u2019un forum sur le tourisme et le climat des affaires en juin Les r\u00e9unions de coordination vont bon train entre le Conseil r\u00e9gional du tourisme de l\u2019Oriental (CRT\/O) et la Conf\u00e9d\u00e9ration g\u00e9n\u00e9rale des entreprises du Maroc (CGEM), section Oriental. Le but est de lancer des [&hellip;]<\/p>\n","protected":false},"author":1763,"featured_media":34450,"comment_status":"closed","ping_status":"closed","sticky":false,"template":"","format":"standard","meta":{"fifu_image_url":"","fifu_image_alt":"","footnotes":""},"categories":[78,54],"tags":[],"class_list":["post-34449","post","type-post","status-publish","format-standard","has-post-thumbnail","hentry","category-economie","category-maroc"],"_links":{"self":[{"href":"https:\/\/linitiative.ca\/International\/wp-json\/wp\/v2\/posts\/34449","targetHints":{"allow":["GET"]}}],"collection":[{"href":"https:\/\/linitiative.ca\/International\/wp-json\/wp\/v2\/posts"}],"about":[{"href":"https:\/\/linitiative.ca\/International\/wp-json\/wp\/v2\/types\/post"}],"author":[{"embeddable":true,"href":"https:\/\/linitiative.ca\/International\/wp-json\/wp\/v2\/users\/1763"}],"replies":[{"embeddable":true,"href":"https:\/\/linitiative.ca\/International\/wp-json\/wp\/v2\/comments?post=34449"}],"version-history":[{"count":0,"href":"https:\/\/linitiative.ca\/International\/wp-json\/wp\/v2\/posts\/34449\/revisions"}],"wp:featuredmedia":[{"embeddable":true,"href":"https:\/\/linitiative.ca\/International\/wp-json\/"}],"wp:attachment":[{"href":"https:\/\/linitiative.ca\/International\/wp-json\/wp\/v2\/media?parent=34449"}],"wp:term":[{"taxonomy":"category","embeddable":true,"href":"https:\/\/linitiative.ca\/International\/wp-json\/wp\/v2\/categories?post=34449"},{"taxonomy":"post_tag","embeddable":true,"href":"https:\/\/linitiative.ca\/International\/wp-json\/wp\/v2\/tags?post=34449"}],"curies":[{"name":"wp","href":"https:\/\/api.w.org\/{rel}","templated":true}]}}