{"id":34451,"date":"2019-05-15T06:15:00","date_gmt":"2019-05-15T10:15:00","guid":{"rendered":"https:\/\/linitiative.ca\/International\/dans-le-monde-parfait-del-othmani\/"},"modified":"2019-05-15T06:15:00","modified_gmt":"2019-05-15T10:15:00","slug":"dans-le-monde-parfait-del-othmani","status":"publish","type":"post","link":"https:\/\/linitiative.ca\/International\/dans-le-monde-parfait-del-othmani\/","title":{"rendered":"Dans le monde \u00abparfait\u00bb d&rsquo;El Othmani"},"content":{"rendered":"<div readability=\"38\">\n<p>Bilan bon et honorable, pas de dissensions ni clivages dans la majorit\u00e9<\/p>\n<p>Pas de remaniement minist\u00e9riel<\/p>\n<p>Re\u00e7u \u00e0 la Maison de la Presse \u00e0 Tanger, le chef du gouvernement \u00e9tait peu loquace<\/p>\n<\/div>\n<div readability=\"95\">\n<div class=\"dnd-atom-wrapper type-image context-sdl_editor_representation\" contenteditable=\"false\" readability=\"32.5\">\n<div class=\"dnd-drop-wrapper image\"><img loading=\"lazy\" decoding=\"async\" typeof=\"foaf:Image\" class=\"img-responsive\" src=\"https:\/\/www.leconomiste.com\/sites\/default\/files\/eco7\/public\/thumbnails\/image\/el-othmani-015.jpg\" width=\"660\" height=\"330\" alt=\"el-othmani-015.jpg\" title=\"el-othmani-015.jpg\"\/><\/div>\n<div class=\"dnd-legend-wrapper\" contenteditable=\"true\" readability=\"10\">\n<p class=\"rtejustify\">Durant deux heures, lors de sa prestation \u00e0 Tanger, Sa\u00e2deddine El Othmani a esquiv\u00e9 les questions embarrassantes et essay\u00e9 de convaincre autant que faire se peut <em>(Ph. Adam)<\/em><\/p>\n<\/div>\n<\/div>\n<p class=\"rtejustify\">Sa\u00e2deddine El Othmani, le chef du gouvernement, n\u2019a pas r\u00e9ussi \u00e0 convaincre lors de sa derni\u00e8re sortie m\u00e9diatique \u00e0 Tanger. Lors d\u2019une rencontre avec les m\u00e9dias et la soci\u00e9t\u00e9 civile dans la Maison de la Presse, dimanche soir, le premier responsable du gouvernement s\u2019est montr\u00e9 peu loquace tout en balayant de la main les questions embarrassantes.<\/p>\n<p class=\"rtejustify\">Durant deux heures, El Othmani a d\u00fb faire face aux deux mod\u00e9rateurs de la soir\u00e9e, Said Kobrite, pr\u00e9sident de la Maison de la Presse, et Imane Aghotane, journaliste \u00e0 Medi1 TV.<\/p>\n<p class=\"rtejustify\">Quid des dissensions et des clivages au niveau de la majorit\u00e9? De simples diff\u00e9rences d\u2019opinion, selon El Othmani. La coalition que m\u00e8ne son parti, le PJD, est d\u2019ailleurs \u00abla plus forte et la plus homog\u00e8ne\u00bb d\u2019entre toutes celles qui l\u2019ont pr\u00e9c\u00e9d\u00e9, indique-t-il.<\/p>\n<p class=\"rtejustify\">Peu lui importe les r\u00e9centes sorties de ses fr\u00e8res d\u2019armes de la majorit\u00e9 qui critiquent vertement l\u2019action du gouvernement. Le chef du gouvernement a profit\u00e9 de cette sortie et balay\u00e9 d\u2019une main les rumeurs sur un futur remaniement minist\u00e9riel. En effet, certains observateurs avaient pr\u00e9dit un remaniement suite \u00e0 la maladie du ministre de l\u2019Int\u00e9rieur avec toute une liste de rempla\u00e7ants, une information qui n\u2019est bas\u00e9e sur aucun fondement, selon le chef du gouvernement.<\/p>\n<p class=\"rtejustify\">En mati\u00e8re de bilan gouvernemental (dont il r\u00e9serve la primaut\u00e9 au Parlement), El Othmani estime qu\u2019il est \u00abbon et honorable\u00bb et il assure au passage que l\u2019action gouvernementale se passe sans dissensions ni clivages, juste des diff\u00e9rences d\u2019opinion. Lors de la l\u00e9gislature actuelle, El Othmani insiste sur les chantiers lanc\u00e9s et les textes de loi qui ont \u00e9t\u00e9 sortis, dont certains bloqu\u00e9s depuis des d\u00e9cennies.<\/p>\n<p class=\"rtejustify\">Interpell\u00e9 par un journaliste au sujet des lourdes peines du hirak, le chef du gouvernement a brandi, \u00e0 son habitude, la carte de l\u2019ind\u00e9pendance de la justice, m\u00eame si lors du proc\u00e8s de Hamieddine, une des pointures du parti de la lampe, certains de ses coll\u00e8gues n\u2019ont pas manqu\u00e9 de crier \u00e0 l\u2019injustice et \u00e0 la politisation de l\u2019affaire. Avec Benkirane, El Othmani use du vocabulaire et parle de \u00abdiff\u00e9rences d\u2019opinion\u00bb, niant toute crise malgr\u00e9 les \u00ablive\u00bb critiques sur les r\u00e9seaux sociaux de l\u2019ancien chef du gouvernement.<\/p>\n<p class=\"rtejustify\">Concernant le sujet des manifestations des m\u00e9decins et des enseignants contractuels, celui qui porte aussi la casquette de secr\u00e9taire g\u00e9n\u00e9ral du PJD y voit une preuve de la sant\u00e9 de la d\u00e9mocratie marocaine. Cette sant\u00e9, le dirigeant politique a pu la constater de pr\u00e8s, car un groupe d\u2019\u00e9l\u00e8ves-infirmiers l\u2019attendait de pied ferme, pancartes \u00e0 l\u2019appui, pour lui montrer leur d\u00e9saccord sur la contractualisation.<\/p>\n<p class=\"rtejustify\"><em>Ali ABJIOU<\/em><\/p>\n<p class=\"rtejustify\">\u00a0<\/p>\n<\/div>\n<p>Auteur: hlafriqi<br \/>\n<a href=\"https:\/\/www.leconomiste.com\/article\/1045087-dans-le-monde-parfait-d-el-othmani\">Cliquez ici pour lire l&rsquo;article depuis sa source.<\/a><\/p>\n","protected":false},"excerpt":{"rendered":"<p>Bilan bon et honorable, pas de dissensions ni clivages dans la majorit\u00e9 Pas de remaniement minist\u00e9riel Re\u00e7u \u00e0 la Maison de la Presse \u00e0 Tanger, le chef du gouvernement \u00e9tait peu loquace Durant deux heures, lors de sa prestation \u00e0 Tanger, Sa\u00e2deddine El Othmani a esquiv\u00e9 les questions embarrassantes et essay\u00e9 de convaincre autant que [&hellip;]<\/p>\n","protected":false},"author":1763,"featured_media":34452,"comment_status":"closed","ping_status":"closed","sticky":false,"template":"","format":"standard","meta":{"fifu_image_url":"","fifu_image_alt":"","footnotes":""},"categories":[78,54],"tags":[],"class_list":["post-34451","post","type-post","status-publish","format-standard","has-post-thumbnail","hentry","category-economie","category-maroc"],"_links":{"self":[{"href":"https:\/\/linitiative.ca\/International\/wp-json\/wp\/v2\/posts\/34451","targetHints":{"allow":["GET"]}}],"collection":[{"href":"https:\/\/linitiative.ca\/International\/wp-json\/wp\/v2\/posts"}],"about":[{"href":"https:\/\/linitiative.ca\/International\/wp-json\/wp\/v2\/types\/post"}],"author":[{"embeddable":true,"href":"https:\/\/linitiative.ca\/International\/wp-json\/wp\/v2\/users\/1763"}],"replies":[{"embeddable":true,"href":"https:\/\/linitiative.ca\/International\/wp-json\/wp\/v2\/comments?post=34451"}],"version-history":[{"count":0,"href":"https:\/\/linitiative.ca\/International\/wp-json\/wp\/v2\/posts\/34451\/revisions"}],"wp:featuredmedia":[{"embeddable":true,"href":"https:\/\/linitiative.ca\/International\/wp-json\/"}],"wp:attachment":[{"href":"https:\/\/linitiative.ca\/International\/wp-json\/wp\/v2\/media?parent=34451"}],"wp:term":[{"taxonomy":"category","embeddable":true,"href":"https:\/\/linitiative.ca\/International\/wp-json\/wp\/v2\/categories?post=34451"},{"taxonomy":"post_tag","embeddable":true,"href":"https:\/\/linitiative.ca\/International\/wp-json\/wp\/v2\/tags?post=34451"}],"curies":[{"name":"wp","href":"https:\/\/api.w.org\/{rel}","templated":true}]}}