{"id":34453,"date":"2019-05-15T06:30:00","date_gmt":"2019-05-15T10:30:00","guid":{"rendered":"https:\/\/linitiative.ca\/International\/manifestations-populaires-ou-va-lalgerie\/"},"modified":"2019-05-15T06:30:00","modified_gmt":"2019-05-15T10:30:00","slug":"manifestations-populaires-ou-va-lalgerie","status":"publish","type":"post","link":"https:\/\/linitiative.ca\/International\/manifestations-populaires-ou-va-lalgerie\/","title":{"rendered":"Manifestations populaires: O\u00f9 va l\u2019Alg\u00e9rie?"},"content":{"rendered":"<div class=\"dnd-atom-wrapper type-image context-sdl_editor_representation\" contenteditable=\"false\" readability=\"32\">\n<div class=\"dnd-drop-wrapper image\"><img loading=\"lazy\" decoding=\"async\" typeof=\"foaf:Image\" class=\"img-responsive\" src=\"https:\/\/www.leconomiste.com:443\/sites\/default\/files\/eco7\/public\/thumbnails\/image\/frontieres-algerie-015.jpg\" width=\"660\" height=\"330\" alt=\"frontieres-algerie-015.jpg\" title=\"frontieres-algerie-015.jpg\"\/><\/div>\n<div class=\"dnd-legend-wrapper\" contenteditable=\"true\" readability=\"9\">\n<p class=\"rtejustify\">Parall\u00e8lement aux manifestations, l\u2019une des principales attentes des populations des deux c\u00f4t\u00e9s est la r\u00e9ouverture des fronti\u00e8res pour relancer les \u00e9changes entre les deux pays <em>(Ph. Bziouat)<\/em><\/p>\n<\/div>\n<\/div>\n<p class=\"rtejustify\">Ceux qui ont mis\u00e9 sur la lassitude des manifestants \u00e0 cause du Ramadan et de la chaleur en Alg\u00e9rie, devront revoir leur calcul. Ils ont \u00e9t\u00e9 d\u00e9mentis par l\u2019ampleur de la mobilisation\u00a0 (aussi importante que lors des derni\u00e8res semaines) lors du premier vendredi de ce mois sacr\u00e9.<\/p>\n<p class=\"rtejustify\">Cette pers\u00e9v\u00e9rance constitue une \u00e9norme victoire pour le peuple et une le\u00e7on magistrale \u00e0 l\u2019int\u00e9rieur comme \u00e0 l\u2019ext\u00e9rieur du pays, notent des observateurs. Pacifique, civilis\u00e9 et responsable, autant d\u2019adjectifs r\u00e9p\u00e9t\u00e9s \u00e0 travers le monde pour qualifier ce mouvement de protestation lanc\u00e9 le 22 f\u00e9vrier dernier.<\/p>\n<p class=\"rtejustify\">En effet, les marcheurs, \u00e0 Alger mais aussi dans les diff\u00e9rentes r\u00e9gions du pays, ont par exemple d\u00e9cid\u00e9 de laisser leurs places propres apr\u00e8s les manifestations. Vendredi dernier, ils ont d\u00e9cid\u00e9 d\u2019organiser une rupture de je\u00fbne collective devant la grande place de la poste d\u2019Alger.<\/p>\n<p class=\"rtecenter\"><strong>Purge interne pour servir les int\u00e9r\u00eats de quelques clans<\/strong><\/p>\n<p class=\"rtejustify\">Cependant, les derniers d\u00e9veloppements de la sc\u00e8ne alg\u00e9rienne n\u2019augurent rien de bon pour l\u2019avenir. En effet, l\u2019arrestation jeudi dernier de Louisa Hanoune, secr\u00e9taire g\u00e9n\u00e9ral du Parti travailliste, cr\u00e9\u00e9 en 1990, a provoqu\u00e9 l\u2019indignation g\u00e9n\u00e9rale, particuli\u00e8rement dans les milieux politiques. Elle a \u00e9t\u00e9 plac\u00e9e en d\u00e9tention provisoire dans le cadre d\u2019une enqu\u00eate visant Said Bouteflika, le fr\u00e8re du pr\u00e9sident d\u00e9chu. Une audience est programm\u00e9e pour le 20 mai prochain.<\/p>\n<p class=\"rtejustify\">Reste que cette initiative du nouvel homme fort du r\u00e9gime, le g\u00e9n\u00e9ral Ahmed Gaid Salah, est \u00abconsid\u00e9r\u00e9e comme une menace contre toute la classe politique et une d\u00e9rive autoritaire\u00bb. Cette femme politique, trotskiste de surcro\u00eet, s\u2019\u00e9tait pr\u00e9sent\u00e9e aux \u00e9lections contre Abdelaziz Bouteflika \u00e0 trois reprises. Toutefois, sa candidature n\u2019a jamais attir\u00e9 plus de 3 \u00e0 4% des suffrages. Depuis l\u2019\u00e9poque, elle n\u2019a cess\u00e9 de d\u00e9noncer le siphonage de l\u2019argent public et la domination des mafieux.\u00a0<\/p>\n<p class=\"rtejustify\">Quelques jours auparavant, les forces de l\u2019ordre ont proc\u00e9d\u00e9 \u00e0 l\u2019arrestation de Said Bouteflika et des g\u00e9n\u00e9raux Toufik et Tartag, anciens patrons des services de s\u00e9curit\u00e9 en Alg\u00e9rie. Cette s\u00e9quence a \u00e9t\u00e9 m\u00e9diatis\u00e9e par la t\u00e9l\u00e9vision. D\u2019autres personnalit\u00e9s du s\u00e9rail et des hommes d\u2019affaires dont le patron des patrons, ont \u00e9t\u00e9 \u00e9galement incarc\u00e9r\u00e9s.<\/p>\n<p class=\"rtejustify\">Autant d\u2019actes qui sont per\u00e7us comme des leviers d\u2019une purge interne pour servir les int\u00e9r\u00eats de quelques clans. Ils sont \u00e9galement utilis\u00e9s par le r\u00e9gime en vue d\u2019apaiser les manifestants. Des arrestations pour rapprocher l\u2019arm\u00e9e de la rue, disent les mauvaises langues. Mais, les alg\u00e9riens ne sont pas dupes.<\/p>\n<p class=\"rtejustify\">Vendredi dernier, les manifestants ont scand\u00e9 des slogans hostiles au nouvel homme fort du pays. D\u2019ailleurs, depuis le d\u00e9but de ce mouvement, ils d\u00e9noncent tous les barons du r\u00e9gime dont le g\u00e9n\u00e9ral en fait partie. Il a toujours vou\u00e9 une admiration sans faille et une fid\u00e9lit\u00e9 \u00e0 toute \u00e9preuve \u00e0 l\u2019ancien pr\u00e9sident Abdelaziz Bouteflika. Il avait m\u00eame menac\u00e9 ceux qui doutaient de la pertinence de sa candidature pour un 5e mandat.<\/p>\n<p class=\"rtecenter\"><strong>A la crois\u00e9e des chemins<\/strong><\/p>\n<p class=\"rtejustify\">Apr\u00e8s bient\u00f4t trois mois, le mouvement est \u00e0 la crois\u00e9e des chemins. D\u2019un c\u00f4t\u00e9, l\u2019arm\u00e9e est d\u00e9termin\u00e9e \u00e0 organiser les \u00e9lections pr\u00e9sidentielles le 4 juillet prochain\u00a0 pour \u00e9viter un vide constitutionnel. Selon des observateurs, elle ne veut rien l\u00e2cher. Car elle voit dans ce mouvement une menace pour le confort et la situation de rente qu\u2019elle veut faire perdurer.<\/p>\n<p class=\"rtejustify\">Pour le r\u00e9gime, cette lame de fond repr\u00e9sente un changement dans la conception de la l\u00e9gitimit\u00e9 de la tutelle. Jusqu\u2019ici, celle-ci puisait sa substance au nom de la r\u00e9volution alg\u00e9rienne, paternaliste et autoritaire, ayant abouti \u00e0 l\u2019ind\u00e9pendance du pays. En face, une nouvelle l\u00e9gitimit\u00e9 qui \u00e9merge s\u2019appuie sur l\u2019expression du peuple.<\/p>\n<p class=\"rtejustify\">De l\u2019autre c\u00f4t\u00e9, la rue est dans une autre logique. Elle est favorable \u00e0 une transition d\u00e9mocratique, conduite par une personnalit\u00e9 de consensus, issue de l\u2019ext\u00e9rieur du r\u00e9gime en place. Pour l\u2019heure, la sc\u00e8ne n\u2019a pas encore enregistr\u00e9 l\u2019\u00e9mergence de leaders et d\u2019acteurs pouvant canaliser ce mouvement et traduire dans la pratique ses aspirations en solutions politiques.<\/p>\n<p class=\"rtejustify\">Or, la classe politique devrait profiter du mouvement pour sortir renforc\u00e9e. Ces manifestations populaires sont en train de mettre en place de nouvelles conditions et de meilleurs horizons \u00e0 l\u2019opposition dont les marges de man\u0153uvre se r\u00e9tr\u00e9cissaient comme une peau de chagrin. Sauf qu\u2019aujourd\u2019hui, cette classe politique se comporte comme \u00absi elle \u00e9tait dans une salle d\u2019attente\u00bb, pour reprendre l\u2019expression d\u2019un observateur.<\/p>\n<p class=\"rtejustify\">Ainsi, les partis, qui \u00e9taient dans l\u2019alliance de Bouteflika, soutiennent, depuis le d\u00e9but, la proposition de l\u2019arm\u00e9e pour des pr\u00e9sidentielles le 4 juillet. Ils comptent sur les man\u0153uvres du g\u00e9n\u00e9ral Ahmed Gaid Salah pour demeurer \u00e0 proximit\u00e9 du pouvoir.<\/p>\n<p class=\"rtejustify\">Quant aux partis de l\u2019opposition, ils ont refus\u00e9 l\u2019invitation de l\u2019arm\u00e9e et du pr\u00e9sident \u00e0 engager un dialogue pour pr\u00e9parer l\u2019organisation des \u00e9lections \u00e0 cette date. Ils consid\u00e8rent cette initiative comme \u00abun complot contre le peuple\u00bb, tout en se rangeant derri\u00e8re les revendications de la rue alg\u00e9rienne.<\/p>\n<p class=\"rtejustify\">Pour eux, il faut r\u00e9unir les conditions du libre choix en mettant en place une instance nationale ind\u00e9pendante charg\u00e9e de superviser les \u00e9lections. Le dialogue, estiment-ils, ne peut avoir lieu avec des personnes du syst\u00e8me, rejet\u00e9es par les manifestants, hostiles \u00e0 l\u2019entr\u00e9e de l\u2019arm\u00e9e en politique qui, selon eux, doit rentrer dans les casernes.<\/p>\n<blockquote readability=\"13\">\n<p class=\"rtecenter\"><strong><span class=\"c3\">Vers un sc\u00e9nario \u00e0 l\u2019\u00e9gyptienne?<\/span><\/strong><\/p>\n<p class=\"rtejustify\">Une lecture int\u00e9ressante de la crise alg\u00e9rienne est avanc\u00e9e. Selon ses partisans, le sc\u00e9nario \u00e0 l\u2019\u00e9gyptienne est d\u00e9j\u00e0 \u00e9crit. Une de ses s\u00e9quences pr\u00e9voit que l\u2019arm\u00e9e surfe sur la vague des revendications de la rue qui r\u00e9clame la chute du syst\u00e8me. En Egypte, on avait \u00e9galement proc\u00e9d\u00e9 \u00e0 l\u2019arrestation du pr\u00e9sident Hosni Moubarak, ses enfants et d\u2019autres dignitaires du r\u00e9gime. Cela a \u00e9t\u00e9 suivi par l\u2019arrestation de l\u2019ex-pr\u00e9sident \u00e9lu Mohamed Morsi et les dirigeants de son parti. La situation politique avait propuls\u00e9 le g\u00e9n\u00e9ral Sissi pour devenir pr\u00e9sident de la r\u00e9publique \u00e9gyptienne.<\/p>\n<\/blockquote>\n<p class=\"rtecenter\"><strong><u>\u00a0\u00a0\u00a0\u00a0\u00a0\u00a0\u00a0\u00a0\u00a0\u00a0\u00a0\u00a0\u00a0\u00a0\u00a0\u00a0\u00a0\u00a0\u00a0\u00a0\u00a0\u00a0\u00a0\u00a0\u00a0\u00a0\u00a0\u00a0\u00a0\u00a0\u00a0\u00a0\u00a0\u00a0\u00a0\u00a0\u00a0\u00a0\u00a0\u00a0\u00a0\u00a0\u00a0\u00a0\u00a0\u00a0\u00a0\u00a0\u00a0\u00a0\u00a0\u00a0\u00a0\u00a0\u00a0\u00a0\u00a0\u00a0\u00a0\u00a0\u00a0\u00a0\u00a0\u00a0\u00a0<\/u><\/strong><\/p>\n<p class=\"rtecenter\"><strong>Neutralit\u00e9 de Rabat<\/strong><\/p>\n<p class=\"rtejustify\">Parall\u00e8lement aux manifestations, l\u2019une des principales attentes des deux c\u00f4t\u00e9s est la r\u00e9ouverture des fronti\u00e8res pour relancer les \u00e9changes entre les deux pays. Mais, dans la crise alg\u00e9rienne, le Maroc a observ\u00e9 une neutralit\u00e9 sans faille. En effet, d\u00e8s le d\u00e9but, Rabat a d\u00e9cid\u00e9 de s&rsquo;en tenir \u00e0 une attitude de non-ing\u00e9rence dans les affaires internes d\u2019un pays fr\u00e8re.<\/p>\n<p class=\"rtejustify\">\u00abIl s\u2019est abstenu de tout commentaire \u00e0 ce sujet \u00bb, avait soulign\u00e9 le ministre des Affaires \u00e9trang\u00e8res et de la coop\u00e9ration internationale. R\u00e9agissant \u00e0 une fake news en mars dernier, Nasser Bourita avait affirm\u00e9 que \u00able Maroc n\u2019a ni \u00e0 se m\u00ealer des d\u00e9veloppements internes que conna\u00eet l\u2019Alg\u00e9rie, ni \u00e0 les commenter de quelque mani\u00e8re que ce soit.<\/p>\n<p class=\"rtejustify\">Aucune d\u00e9claration n\u2019a \u00e9t\u00e9 faite \u00e0 aucun m\u00e9dia, de mani\u00e8re formelle ou officieuse. Le Maroc rejette \u00e9galement avec force l\u2019all\u00e9gation mensong\u00e8re de coordination avec d\u2019autres pays, notamment la France, sur les \u00e9v\u00e9nements en Alg\u00e9rie. Aucun contact n\u2019a \u00e9t\u00e9 \u00e9tabli avec Paris, ni avec aucun autre pays d\u2019Europe ou d\u2019ailleurs \u00e0 ce sujet\u00bb.<\/p>\n<p class=\"rtejustify\"><em>M.C.<\/em><\/p>\n<p>Auteur: hlafriqi<br \/>\n<a href=\"https:\/\/www.leconomiste.com\/article\/1045089-manifestations-populaires-ou-va-l-algerie\">Cliquez ici pour lire l&rsquo;article depuis sa source.<\/a><\/p>\n","protected":false},"excerpt":{"rendered":"<p>Parall\u00e8lement aux manifestations, l\u2019une des principales attentes des populations des deux c\u00f4t\u00e9s est la r\u00e9ouverture des fronti\u00e8res pour relancer les \u00e9changes entre les deux pays (Ph. Bziouat) Ceux qui ont mis\u00e9 sur la lassitude des manifestants \u00e0 cause du Ramadan et de la chaleur en Alg\u00e9rie, devront revoir leur calcul. Ils ont \u00e9t\u00e9 d\u00e9mentis par [&hellip;]<\/p>\n","protected":false},"author":1763,"featured_media":34454,"comment_status":"closed","ping_status":"closed","sticky":false,"template":"","format":"standard","meta":{"fifu_image_url":"","fifu_image_alt":"","footnotes":""},"categories":[78,54],"tags":[],"class_list":["post-34453","post","type-post","status-publish","format-standard","has-post-thumbnail","hentry","category-economie","category-maroc"],"_links":{"self":[{"href":"https:\/\/linitiative.ca\/International\/wp-json\/wp\/v2\/posts\/34453","targetHints":{"allow":["GET"]}}],"collection":[{"href":"https:\/\/linitiative.ca\/International\/wp-json\/wp\/v2\/posts"}],"about":[{"href":"https:\/\/linitiative.ca\/International\/wp-json\/wp\/v2\/types\/post"}],"author":[{"embeddable":true,"href":"https:\/\/linitiative.ca\/International\/wp-json\/wp\/v2\/users\/1763"}],"replies":[{"embeddable":true,"href":"https:\/\/linitiative.ca\/International\/wp-json\/wp\/v2\/comments?post=34453"}],"version-history":[{"count":0,"href":"https:\/\/linitiative.ca\/International\/wp-json\/wp\/v2\/posts\/34453\/revisions"}],"wp:featuredmedia":[{"embeddable":true,"href":"https:\/\/linitiative.ca\/International\/wp-json\/"}],"wp:attachment":[{"href":"https:\/\/linitiative.ca\/International\/wp-json\/wp\/v2\/media?parent=34453"}],"wp:term":[{"taxonomy":"category","embeddable":true,"href":"https:\/\/linitiative.ca\/International\/wp-json\/wp\/v2\/categories?post=34453"},{"taxonomy":"post_tag","embeddable":true,"href":"https:\/\/linitiative.ca\/International\/wp-json\/wp\/v2\/tags?post=34453"}],"curies":[{"name":"wp","href":"https:\/\/api.w.org\/{rel}","templated":true}]}}