{"id":34480,"date":"2019-05-14T19:00:00","date_gmt":"2019-05-14T23:00:00","guid":{"rendered":"https:\/\/linitiative.ca\/International\/tourisme-partenariat-avec-le-secteur-de-la-jeunesse-et-des-sports\/"},"modified":"2019-05-14T19:00:00","modified_gmt":"2019-05-14T23:00:00","slug":"tourisme-partenariat-avec-le-secteur-de-la-jeunesse-et-des-sports","status":"publish","type":"post","link":"https:\/\/linitiative.ca\/International\/tourisme-partenariat-avec-le-secteur-de-la-jeunesse-et-des-sports\/","title":{"rendered":"Tourisme : Partenariat avec le secteur de la jeunesse et des sports"},"content":{"rendered":"<p>Le ministre du Tourisme et de l\u2019Artisanat, Abdelkader Benmessaoud, a mis en avant lundi dernier \u00e0 Alger l\u2019importance d\u2019introduire les diff\u00e9rentes disciplines de sports dans l\u2019activit\u00e9 touristique et les rendre accessibles \u00e0 toutes les franges de la soci\u00e9t\u00e9, notamment durant la p\u00e9riode estivale. \u00abIl faut g\u00e9n\u00e9raliser et promouvoir l\u2019activit\u00e9 sportive notamment les sports aquatiques durant cette saison qui conna\u00eetra un programme riche comprenant plusieurs activit\u00e9s sportives, culturelles et de loisirs\u00bb, a indiqu\u00e9 M. Benmessaoud lors d\u2019une visite d\u2019inspection au niveau du complexe touristique de Sidi Fredj (Alger-Ouest), en cours de r\u00e9habilitation, accompagn\u00e9 du ministre de la Jeunesse et des Sports, Raouf Bernaoui. A ce propos, le m\u00eame ministre a insist\u00e9 sur l\u2019imp\u00e9ratif de \u00abrenforcer et d\u2019appuyer la coop\u00e9ration et le partenariat avec le secteur de la Jeunesse et des Sports dans le cadre de la mise en \u0153uvre de la convention sign\u00e9e entre les deux d\u00e9partements\u00bb, soulignant l\u2019importance de la mise de ces structures sportives \u00e0 la disposition des athl\u00e8tes pour les exploiter dans leurs pr\u00e9paratifs et leurs stages au lieu d\u2019aller \u00e0 l\u2019\u00e9tranger\u00bb.<br \/>Il sera proc\u00e9d\u00e9, vers la fin de l\u2019ann\u00e9e en cours, \u00e0 l\u2019inauguration de plusieurs entreprises h\u00f4teli\u00e8res au niveau des r\u00e9gions montagneuses dans les wilayas de Bejaia et Tizi Ouzou afin d\u2019encourager l\u2019\u00e9cotourisme et les randonn\u00e9es, notamment \u00e0 Tikjda et Tala Guilef, a-t-il ajout\u00e9. Appelant les responsables charg\u00e9s de la r\u00e9habilitation de l\u2019h\u00f4tel El-Marsa et du port de Sidi Fredj \u00e0 l\u2019acc\u00e9l\u00e9ration du rythme de r\u00e9alisation, le ministre du Tourisme a mis l\u2019accent sur la n\u00e9cessit\u00e9 d\u2019assurer \u00abdes services de qualit\u00e9 adapt\u00e9s aux normes en vigueur \u00e0 des prix abordables\u00bb. Dans ce sens, le ministre a rappel\u00e9 l\u2019actualisation de la convention conclue avec les partenaires sociaux pour permettre aux travailleurs de passer leurs vacances estivales en Alg\u00e9rie \u00e0 des prix concurrentiels et ce, pour encourager le tourisme interne.<br \/>Pour sa part, M. Bernaoui a mis en exergue l\u2019int\u00e9r\u00eat que rev\u00eat le renforcement de la coop\u00e9ration et du partenariat avec le secteur du tourisme dans le but de permettre aux clubs sportifs et aux jeunes de profiter de ces structures sportives \u00e0 des prix acceptables. De son c\u00f4t\u00e9, le directeur g\u00e9n\u00e9ral du groupe H\u00f4tellerie, Tourisme et Thermalisme (HTT), Lazhar Bounafaa, a r\u00e9v\u00e9l\u00e9 qu\u2019il sera prochainement proc\u00e9d\u00e9 \u00e0 l\u2019ouverture de l\u2019acad\u00e9mie des m\u00e9tiers et des sports aquatiques outre la restauration de la maison de l\u2019architecte Fernand-Pouillon qui a r\u00e9alis\u00e9 plusieurs complexes et structures touristiques et h\u00f4teli\u00e8res en Alg\u00e9rie.<br \/>Il a rappel\u00e9, en outre, l\u2019op\u00e9ration de r\u00e9habilitation et d\u2019extension du complexe de thalassoth\u00e9rapie de Sidi Fredj qui sera mis en service \u00e0 partir de juillet prochain apr\u00e8s avoir \u00e9t\u00e9 modernis\u00e9 et \u00e9quip\u00e9\u00bb.<br \/>\u00a0<\/p>\n<p>Auteur: elmoudjahid<br \/>\n<a href=\"http:\/\/www.elmoudjahid.com\/fr\/actualites\/136921\">Cliquez ici pour lire l&rsquo;article depuis sa source.<\/a><\/p>\n","protected":false},"excerpt":{"rendered":"<p>Le ministre du Tourisme et de l\u2019Artisanat, Abdelkader Benmessaoud, a mis en avant lundi dernier \u00e0 Alger l\u2019importance d\u2019introduire les diff\u00e9rentes disciplines de sports dans l\u2019activit\u00e9 touristique et les rendre accessibles \u00e0 toutes les franges de la soci\u00e9t\u00e9, notamment durant la p\u00e9riode estivale. \u00abIl faut g\u00e9n\u00e9raliser et promouvoir l\u2019activit\u00e9 sportive notamment les sports aquatiques durant [&hellip;]<\/p>\n","protected":false},"author":1744,"featured_media":0,"comment_status":"closed","ping_status":"closed","sticky":false,"template":"","format":"standard","meta":{"fifu_image_url":"","fifu_image_alt":"","footnotes":""},"categories":[73,53],"tags":[],"class_list":["post-34480","post","type-post","status-publish","format-standard","hentry","category-actualite","category-algerie"],"_links":{"self":[{"href":"https:\/\/linitiative.ca\/International\/wp-json\/wp\/v2\/posts\/34480","targetHints":{"allow":["GET"]}}],"collection":[{"href":"https:\/\/linitiative.ca\/International\/wp-json\/wp\/v2\/posts"}],"about":[{"href":"https:\/\/linitiative.ca\/International\/wp-json\/wp\/v2\/types\/post"}],"author":[{"embeddable":true,"href":"https:\/\/linitiative.ca\/International\/wp-json\/wp\/v2\/users\/1744"}],"replies":[{"embeddable":true,"href":"https:\/\/linitiative.ca\/International\/wp-json\/wp\/v2\/comments?post=34480"}],"version-history":[{"count":0,"href":"https:\/\/linitiative.ca\/International\/wp-json\/wp\/v2\/posts\/34480\/revisions"}],"wp:attachment":[{"href":"https:\/\/linitiative.ca\/International\/wp-json\/wp\/v2\/media?parent=34480"}],"wp:term":[{"taxonomy":"category","embeddable":true,"href":"https:\/\/linitiative.ca\/International\/wp-json\/wp\/v2\/categories?post=34480"},{"taxonomy":"post_tag","embeddable":true,"href":"https:\/\/linitiative.ca\/International\/wp-json\/wp\/v2\/tags?post=34480"}],"curies":[{"name":"wp","href":"https:\/\/api.w.org\/{rel}","templated":true}]}}