{"id":34483,"date":"2019-05-14T19:00:00","date_gmt":"2019-05-14T23:00:00","guid":{"rendered":"https:\/\/linitiative.ca\/International\/fln-chassez-le-naturel\/"},"modified":"2019-05-14T19:00:00","modified_gmt":"2019-05-14T23:00:00","slug":"fln-chassez-le-naturel","status":"publish","type":"post","link":"https:\/\/linitiative.ca\/International\/fln-chassez-le-naturel\/","title":{"rendered":"FLN : Chassez le naturel\u2026"},"content":{"rendered":"<p>Hormis quelques courts intervalles, le FLN a toujours \u00e9t\u00e9 associ\u00e9 au premier plan dans la gestion des affaires du pays, m\u00eame si la relation avec les citoyens n\u2019a pas \u00e9t\u00e9 toujours au beau fixe, pour ne pas dire fort agit\u00e9e pour une question de confiance.<br \/>\u00c0 la faveur du mouvement populaire, le parti tente de se repositionner, et \u00e0 pr\u00e9sent, il fustige m\u00eame ce que son nouveau secr\u00e9taire g\u00e9n\u00e9ral, Mohammed Djemiai, a qualifi\u00e9 de \u00abmainmise ill\u00e9gale sur les institutions constitutionnelles\u00bb, tout en appelant au \u00abrespect de la loi\u00bb. Ceci justifie-t-il toutefois la d\u00e9claration de guerre faite solennellement et publiquement par les d\u00e9put\u00e9s du FLN contre le pr\u00e9sident de l\u2019APN, issu, faut-il le rappeler, du m\u00eame parti politique ? Assur\u00e9ment pas ! Et comme pour passer \u00e0 l\u2019action, les repr\u00e9sentants du peuple du Front de lib\u00e9ration nationale ont d\u00e9cid\u00e9, par le biais de leur groupe parlementaire, de boycotter les activit\u00e9s au sein de l\u2019h\u00e9micycle de Zighoud-Youcef, \u00e0 commencer d\u2019abord par la journ\u00e9e parlementaire sur les massacres du 8 mai 1945, et, le lendemain, la s\u00e9ance pl\u00e9ni\u00e8re consacr\u00e9e aux questions orales adress\u00e9es \u00e0 des ministres. Dans la foul\u00e9e, trois vice-pr\u00e9sidents de l&rsquo;APN et trois pr\u00e9sidents des commissions permanentes, tous appartenant au FLN, ont sign\u00e9 un communiqu\u00e9 dans lequel ils prient Mouad Bouchareb de pr\u00e9senter sa d\u00e9mission.<br \/>Mais que reproche-t-on au juste \u00e0 ce dernier ? Son ill\u00e9gitimit\u00e9 ? Pourtant, ce sont ces m\u00eames parlementaires, soutenus, souvenez-vous, par leurs coll\u00e8gues de l\u2019alliance pr\u00e9sidentielle (RND, TAJ et MPA), qui l\u2019ont intronis\u00e9 comme 3e personnage de l\u2019\u00c9tat, en octobre 2018, dans ce qui s\u2019apparente \u00e0 un v\u00e9ritable coup de force, en emp\u00eachant le pr\u00e9sident de la chambre basse \u00e0 cette \u00e9poque, Sa\u00efd Bouhadja en l\u2019occurrence, d\u2019acc\u00e9der \u00e0 son bureau.<br \/>Les d\u00e9put\u00e9s sont all\u00e9s jusqu\u2019\u00e0 cadenasser la porte d\u2019acc\u00e8s de l\u2019Assembl\u00e9e populaire nationale, pour emp\u00eacher le pr\u00e9d\u00e9cesseur de Bouchareb de rejoindre son bureau. Une d\u00e9marche qui a laiss\u00e9 les Alg\u00e9riens sans voix, choqu\u00e9s par cette action de la part de ceux qui sont cens\u00e9s d\u00e9fendre les int\u00e9r\u00eats des citoyens et de r\u00e9fl\u00e9chir \u00e0 l\u2019\u00e9laboration des lois. L\u2019image a donc fait le tour du monde. Surtout elle a jet\u00e9 davantage le discr\u00e9dit sur les \u00e9lus de la nation, qui, m\u00eame s\u2019ils agissaient via des instructions \u00abextraconstitutionnelles\u00bb, auraient \u00e9t\u00e9 bien inspir\u00e9s de faire l\u2019\u00e9conomie d\u2019une telle action.<br \/>Un peu plus de six mois plus tard, les d\u00e9put\u00e9s du FLN se retournent donc contre Bouchareb. Raison invoqu\u00e9e : \u00abr\u00e9pondre aux aspirations des millions de citoyens qui manifestent depuis le 22 f\u00e9vrier dernier et accompagner (sic) le mouvement populaire pacifique\u00bb. N\u00e9anmoins, il n\u2019est pas certain que le peuple ait besoin du soutien des d\u00e9put\u00e9s, \u00e0 plus forte raison lorsqu\u2019ils appartiennent au FLN.<br \/>La sagesse et le bon sens auraient dict\u00e9 \u00e0 ce que ces \u00e9lus fassent leur mea-culpa, reconnaissent leurs erreurs, assument leur responsabilit\u00e9 et demander pardon aux Alg\u00e9riens, comme l\u2019a fait le SG du FLN, pas d\u2019essayer de se positionner en attendant de voir vers quel c\u00f4t\u00e9 se pencheront les rapports de force. \u00a0\u00a0\u00a0<br \/><strong>S. A. M.<\/strong><\/p>\n<p>Auteur: elmoudjahid<br \/>\n<a href=\"http:\/\/www.elmoudjahid.com\/fr\/actualites\/136924\">Cliquez ici pour lire l&rsquo;article depuis sa source.<\/a><\/p>\n","protected":false},"excerpt":{"rendered":"<p>Hormis quelques courts intervalles, le FLN a toujours \u00e9t\u00e9 associ\u00e9 au premier plan dans la gestion des affaires du pays, m\u00eame si la relation avec les citoyens n\u2019a pas \u00e9t\u00e9 toujours au beau fixe, pour ne pas dire fort agit\u00e9e pour une question de confiance.\u00c0 la faveur du mouvement populaire, le parti tente de se [&hellip;]<\/p>\n","protected":false},"author":1744,"featured_media":0,"comment_status":"closed","ping_status":"closed","sticky":false,"template":"","format":"standard","meta":{"fifu_image_url":"","fifu_image_alt":"","footnotes":""},"categories":[73,53],"tags":[],"class_list":["post-34483","post","type-post","status-publish","format-standard","hentry","category-actualite","category-algerie"],"_links":{"self":[{"href":"https:\/\/linitiative.ca\/International\/wp-json\/wp\/v2\/posts\/34483","targetHints":{"allow":["GET"]}}],"collection":[{"href":"https:\/\/linitiative.ca\/International\/wp-json\/wp\/v2\/posts"}],"about":[{"href":"https:\/\/linitiative.ca\/International\/wp-json\/wp\/v2\/types\/post"}],"author":[{"embeddable":true,"href":"https:\/\/linitiative.ca\/International\/wp-json\/wp\/v2\/users\/1744"}],"replies":[{"embeddable":true,"href":"https:\/\/linitiative.ca\/International\/wp-json\/wp\/v2\/comments?post=34483"}],"version-history":[{"count":0,"href":"https:\/\/linitiative.ca\/International\/wp-json\/wp\/v2\/posts\/34483\/revisions"}],"wp:attachment":[{"href":"https:\/\/linitiative.ca\/International\/wp-json\/wp\/v2\/media?parent=34483"}],"wp:term":[{"taxonomy":"category","embeddable":true,"href":"https:\/\/linitiative.ca\/International\/wp-json\/wp\/v2\/categories?post=34483"},{"taxonomy":"post_tag","embeddable":true,"href":"https:\/\/linitiative.ca\/International\/wp-json\/wp\/v2\/tags?post=34483"}],"curies":[{"name":"wp","href":"https:\/\/api.w.org\/{rel}","templated":true}]}}