{"id":34491,"date":"2019-05-15T11:47:53","date_gmt":"2019-05-15T15:47:53","guid":{"rendered":"https:\/\/linitiative.ca\/International\/89463-handisport-judo-grand-prix-bakou-abdelaoui-cherine-en-argent\/"},"modified":"2019-05-15T11:47:53","modified_gmt":"2019-05-15T15:47:53","slug":"89463-handisport-judo-grand-prix-bakou-abdelaoui-cherine-en-argent","status":"publish","type":"post","link":"https:\/\/linitiative.ca\/International\/89463-handisport-judo-grand-prix-bakou-abdelaoui-cherine-en-argent\/","title":{"rendered":"Handisport\/Judo (Grand-Prix Bakou): Abdelaoui Cherine en argent"},"content":{"rendered":"<div>\n<div class=\"K2FeedImage\"><img decoding=\"async\" src=\"http:\/\/www.aps.dz\/media\/k2\/items\/cache\/6aae3aa99acd6a76b40ca962dd1bb352_S.jpg\" alt=\"Handisport\/Judo (Grand-Prix Bakou): Abdelaoui Cherine en argent\"><\/div>\n<div class=\"K2FeedIntroText\">\n<p><strong>BAKOU &#8211; L&rsquo;Alg\u00e9rienne Abdelaoui Cherine a remport\u00e9 la m\u00e9daille d&rsquo;argent au Grand-Prix de judo handisport disput\u00e9 lundi et mardi \u00e0 Bakou (Azerba\u00efdjan), apr\u00e8s avoir perdu en finale face \u00e0 l&rsquo;Ukrainienne Cherniak Inna.<\/strong><\/p>\n<\/div>\n<div class=\"K2FeedFullText\">\n<p>Engag\u00e9e dans la cat\u00e9gorie des -52 kg, Abdelaoui a pass\u00e9 avec succ\u00e8s trois tours. Elle a battu l&rsquo;Az\u00e9rie Sabina Abdullayeve, la Canadienne Priscilla Gagne puis l&rsquo;Allemande Ramona Brussig en demi-finales.<\/p>\n<p>N\u00e9anmoins, l&rsquo;Alg\u00e9rienne a perdu en finale face \u00e0 l&rsquo;Ukrainienne Cherniak Inna, leader du classement mondial de judo handisport et qui, par l&rsquo;occasion, consolidera sa position avec ce nouveau sacre.<\/p>\n<p>De son c\u00f4t\u00e9, Abdelaoui, 12e mondiale, devra am\u00e9liorer nettement son classement pour esp\u00e9rer augmenter ses chances de qualification aux Jeux Paralympiques de Tokyo-2020.<\/p>\n<p>Les m\u00e9dailles de bronze des -52 kg sont revenues \u00e0 Salaeva Sevinch (Ouzb\u00e9kistan), 4e au classement mondial de l&rsquo;IBSA (Association internationale des sports pour mal voyants) avant le Grand-Prix de Bakou, et Basti Safarova (Azerba\u00efdjan).<\/p>\n<p>Chez les messieurs, le judoka Ishak Ouldkouider \u00e9tait le meilleur des cinq autres Alg\u00e9riens engag\u00e9s en se classant 5e chez les -60 kg. Au premier tour, il a battu le Canadien Karn Justin, avant de perdre devant le Turc Ciftci Recep, m\u00e9daill\u00e9 de bronze de la cat\u00e9gorie. Aux rep\u00eachages, et apr\u00e8s un 1er tour \u00e0 blanc, Ouldkouider a pass\u00e9 l&rsquo;\u00e9cueil du Chinois Zhao Xu et de l&rsquo;Ouzbek Sherzod Namorov, avant de perdre pour le bronze devant le Kazakh Olzhas Orazalyuly.<\/p>\n<p>Dans la m\u00eame cat\u00e9gorie, son co\u00e9quipier Mouloud Noura a battu au 1er tour l&rsquo;Indien Kul Deep avant de tomber face \u00e0 Olzhas Orazalyuly. Aux rep\u00eachages, Noura a perdu \u00e9galement devant le G\u00e9orgien Zurab Zurabiani, apr\u00e8s un 1er tour \u00e0 blanc.<\/p>\n<p>Dans la cat\u00e9gorie des +100 kg, Hamza Karkat a pris la 7e position au classement g\u00e9n\u00e9ral avec comme parcours une victoire au 1er tour devant le Grec Theoklitos Parachristos puis une d\u00e9faite face \u00e0 l&rsquo;Ouzbek Sharipo Shirin.<\/p>\n<p>Aux rep\u00eachages, l&rsquo;Alg\u00e9rien n&rsquo;est pas all\u00e9 au-del\u00e0 du second tour, perdant face au Japonais Kento Masaki apr\u00e8s un premier tour \u00e0 blanc.<\/p>\n<p>Par contre, le parcours des autres judokas alg\u00e9riens engag\u00e9s dans ce tournoi, \u00e0 savoir Sid-Ali Lamri (-66 kg), Mehdi Meskine (-73 kg) et Abderrahmane Chetouane (-90 kg) s&rsquo;est arr\u00eat\u00e9 aux tours \u00e9liminatoires.<\/p>\n<p>Avec une m\u00e9daille d&rsquo;argent, une 5e et une 7e position, l&rsquo;Alg\u00e9rie a pris la 12e place sur les 29 pays class\u00e9s, sachant que ce Grand-Prix de judo handisport de Bakou a enregistr\u00e9 la participation de 212 athl\u00e8tes dont 62 filles repr\u00e9sentant 35 nations.<\/p>\n<p>Le prochain Grand-Prix IBSA de judo, qualificatif aux Jeux Paralympiques de Tokyo, aura lieu\u00a0 en Indiana (Etats-Unis) du 3 au 5 juillet prochain.<\/p>\n<\/div>\n<p><img loading=\"lazy\" decoding=\"async\" src=\"http:\/\/feeds.feedburner.com\/~r\/aps-sport\/~4\/RG777lziAr8\" height=\"1\" width=\"1\" alt=\"\"><\/div>\n<p>Auteur:<br \/>\n<a href=\"http:\/\/www.aps.dz\/sport\/89463-handisport-judo-grand-prix-bakou-abdelaoui-cherine-en-argent?utm_source=feedburner&#038;utm_medium=feed&#038;utm_campaign=Feed%3A+aps-sport+%28APS+-+SPORT%29\">Cliquez ici pour lire l&rsquo;article depuis sa source.<\/a><\/p>\n","protected":false},"excerpt":{"rendered":"<p>BAKOU &#8211; L&rsquo;Alg\u00e9rienne Abdelaoui Cherine a remport\u00e9 la m\u00e9daille d&rsquo;argent au Grand-Prix de judo handisport disput\u00e9 lundi et mardi \u00e0 Bakou (Azerba\u00efdjan), apr\u00e8s avoir perdu en finale face \u00e0 l&rsquo;Ukrainienne Cherniak Inna. Engag\u00e9e dans la cat\u00e9gorie des -52 kg, Abdelaoui a pass\u00e9 avec succ\u00e8s trois tours. Elle a battu l&rsquo;Az\u00e9rie Sabina Abdullayeve, la Canadienne Priscilla [&hellip;]<\/p>\n","protected":false},"author":1790,"featured_media":34492,"comment_status":"closed","ping_status":"closed","sticky":false,"template":"","format":"standard","meta":{"fifu_image_url":"","fifu_image_alt":"","footnotes":""},"categories":[53,75],"tags":[],"class_list":["post-34491","post","type-post","status-publish","format-standard","has-post-thumbnail","hentry","category-algerie","category-sport"],"_links":{"self":[{"href":"https:\/\/linitiative.ca\/International\/wp-json\/wp\/v2\/posts\/34491","targetHints":{"allow":["GET"]}}],"collection":[{"href":"https:\/\/linitiative.ca\/International\/wp-json\/wp\/v2\/posts"}],"about":[{"href":"https:\/\/linitiative.ca\/International\/wp-json\/wp\/v2\/types\/post"}],"author":[{"embeddable":true,"href":"https:\/\/linitiative.ca\/International\/wp-json\/wp\/v2\/users\/1790"}],"replies":[{"embeddable":true,"href":"https:\/\/linitiative.ca\/International\/wp-json\/wp\/v2\/comments?post=34491"}],"version-history":[{"count":0,"href":"https:\/\/linitiative.ca\/International\/wp-json\/wp\/v2\/posts\/34491\/revisions"}],"wp:featuredmedia":[{"embeddable":true,"href":"https:\/\/linitiative.ca\/International\/wp-json\/"}],"wp:attachment":[{"href":"https:\/\/linitiative.ca\/International\/wp-json\/wp\/v2\/media?parent=34491"}],"wp:term":[{"taxonomy":"category","embeddable":true,"href":"https:\/\/linitiative.ca\/International\/wp-json\/wp\/v2\/categories?post=34491"},{"taxonomy":"post_tag","embeddable":true,"href":"https:\/\/linitiative.ca\/International\/wp-json\/wp\/v2\/tags?post=34491"}],"curies":[{"name":"wp","href":"https:\/\/api.w.org\/{rel}","templated":true}]}}