{"id":34493,"date":"2019-05-15T13:20:43","date_gmt":"2019-05-15T17:20:43","guid":{"rendered":"https:\/\/linitiative.ca\/International\/89471-le-president-de-l-es-setif-hassan-hammar-devant-la-justice-mercredi\/"},"modified":"2019-05-15T13:20:43","modified_gmt":"2019-05-15T17:20:43","slug":"89471-le-president-de-l-es-setif-hassan-hammar-devant-la-justice-mercredi","status":"publish","type":"post","link":"https:\/\/linitiative.ca\/International\/89471-le-president-de-l-es-setif-hassan-hammar-devant-la-justice-mercredi\/","title":{"rendered":"Le pr\u00e9sident de l\u2019ES S\u00e9tif, Hassan Hammar devant la justice mercredi"},"content":{"rendered":"<div>\n<div class=\"K2FeedIntroText\">\n<p><strong>SETIF &#8211; Hassan Hammar, pr\u00e9sident du club de football ES S\u00e9tif, comparaitra le 22 mai 2019 devant la chambre p\u00e9nale de la cour de justice de S\u00e9tif en sa qualit\u00e9 d\u2019accus\u00e9 ayant fait recours \u00e0 un jugement prononc\u00e9 par contumace l\u2019ann\u00e9e pass\u00e9e par le tribunal de S\u00e9tif le condamnant \u00e0 5 ans de prison ferme, apprend-on mercredi de sources concordantes.<\/strong><\/p>\n<\/div>\n<div class=\"K2FeedFullText\">\n<p>Selon les convocations adress\u00e9es aux victimes (parties civiles) pour se pr\u00e9senter personnellement \u00e0 la chambre p\u00e9nale, dont une copie est parvenue \u00e0 l\u2019APS, le pr\u00e9sident de l\u2019ESS et 14 autres co-accus\u00e9s poursuivis pour \u00ab\u00a0abus de confiance, dilapidation de deniers d\u2019une soci\u00e9t\u00e9 priv\u00e9e et d\u00e9tournement de deniers priv\u00e9s\u00a0\u00bb.<\/p>\n<p>L\u2019avocat de Hassan Hammar, Me Ahmed Ketfi, a indiqu\u00e9 \u00e0 l\u2019APS \u00ab\u00a0qu\u2019avec le recours introduit contre le jugement par contumace, l\u2019accus\u00e9 sera de nouveau rejug\u00e9\u00a0\u00bb.<\/p>\n<p>De son c\u00f4t\u00e9, Me Fay\u00e7al Haichour avocat de quatre des victimes a affirm\u00e9 esp\u00e9rer que le premier verdict incluant la privation de libert\u00e9 sera reconduit par la cour surtout que les faits sont \u00e9tablis et \u00ab\u00a0l\u2019accus\u00e9 s\u2019est effectivement empar\u00e9 de pr\u00e8s de 450 millions DA du compte de la coop\u00e9rative par diverses proc\u00e9d\u00e9s d\u2019escroquerie\u00a0\u00bb.<\/p>\n<p>Le pr\u00e9sident de l\u2019ESS est poursuivi pour \u00ab\u00a0escroquerie dans l\u2019affaire de la coop\u00e9rative immobili\u00e8re Oum El Hayat cr\u00e9\u00e9e en 1999 qui avait acquis deux terrains divis\u00e9s en 84 lots de 400 m2 chacun et 64 lots de 200 m2 chacun\u00a0\u00bb.<\/p>\n<p>Selon des informations de certaines victimes, la superficie des lots a \u00e9t\u00e9 par la suite r\u00e9duite \u00e0 150 m2 et le nombre des b\u00e9n\u00e9ficiaires de la coop\u00e9rative a augment\u00e9 \u00e0 plus de 300. Ils ont \u00e9galement indiqu\u00e9 \u00ab\u00a0qu&rsquo;en 2014, Hassan Hammar a tent\u00e9 pour se soustraire de toute responsabilit\u00e9 en remettant la pr\u00e9sidence de la coop\u00e9rative \u00e0 une autre personne\u00a0\u00bb.<\/p>\n<\/div>\n<p><img loading=\"lazy\" decoding=\"async\" src=\"http:\/\/feeds.feedburner.com\/~r\/aps-sport\/~4\/1E-m7v7UfE8\" height=\"1\" width=\"1\" alt=\"\"><\/div>\n<p>Auteur:<br \/>\n<a href=\"http:\/\/www.aps.dz\/sport\/89471-le-president-de-l-es-setif-hassan-hammar-devant-la-justice-mercredi?utm_source=feedburner&#038;utm_medium=feed&#038;utm_campaign=Feed%3A+aps-sport+%28APS+-+SPORT%29\">Cliquez ici pour lire l&rsquo;article depuis sa source.<\/a><\/p>\n","protected":false},"excerpt":{"rendered":"<p>SETIF &#8211; Hassan Hammar, pr\u00e9sident du club de football ES S\u00e9tif, comparaitra le 22 mai 2019 devant la chambre p\u00e9nale de la cour de justice de S\u00e9tif en sa qualit\u00e9 d\u2019accus\u00e9 ayant fait recours \u00e0 un jugement prononc\u00e9 par contumace l\u2019ann\u00e9e pass\u00e9e par le tribunal de S\u00e9tif le condamnant \u00e0 5 ans de prison ferme, [&hellip;]<\/p>\n","protected":false},"author":1790,"featured_media":0,"comment_status":"closed","ping_status":"closed","sticky":false,"template":"","format":"standard","meta":{"fifu_image_url":"","fifu_image_alt":"","footnotes":""},"categories":[53,75],"tags":[],"class_list":["post-34493","post","type-post","status-publish","format-standard","hentry","category-algerie","category-sport"],"_links":{"self":[{"href":"https:\/\/linitiative.ca\/International\/wp-json\/wp\/v2\/posts\/34493","targetHints":{"allow":["GET"]}}],"collection":[{"href":"https:\/\/linitiative.ca\/International\/wp-json\/wp\/v2\/posts"}],"about":[{"href":"https:\/\/linitiative.ca\/International\/wp-json\/wp\/v2\/types\/post"}],"author":[{"embeddable":true,"href":"https:\/\/linitiative.ca\/International\/wp-json\/wp\/v2\/users\/1790"}],"replies":[{"embeddable":true,"href":"https:\/\/linitiative.ca\/International\/wp-json\/wp\/v2\/comments?post=34493"}],"version-history":[{"count":0,"href":"https:\/\/linitiative.ca\/International\/wp-json\/wp\/v2\/posts\/34493\/revisions"}],"wp:attachment":[{"href":"https:\/\/linitiative.ca\/International\/wp-json\/wp\/v2\/media?parent=34493"}],"wp:term":[{"taxonomy":"category","embeddable":true,"href":"https:\/\/linitiative.ca\/International\/wp-json\/wp\/v2\/categories?post=34493"},{"taxonomy":"post_tag","embeddable":true,"href":"https:\/\/linitiative.ca\/International\/wp-json\/wp\/v2\/tags?post=34493"}],"curies":[{"name":"wp","href":"https:\/\/api.w.org\/{rel}","templated":true}]}}