{"id":34494,"date":"2019-05-15T13:53:00","date_gmt":"2019-05-15T17:53:00","guid":{"rendered":"https:\/\/linitiative.ca\/International\/conspiration-de-la-france-dans-la-region-de-kabylie-abderrazak-mokri-accuse-danti-kabylisme\/"},"modified":"2019-05-15T13:53:00","modified_gmt":"2019-05-15T17:53:00","slug":"conspiration-de-la-france-dans-la-region-de-kabylie-abderrazak-mokri-accuse-danti-kabylisme","status":"publish","type":"post","link":"https:\/\/linitiative.ca\/International\/conspiration-de-la-france-dans-la-region-de-kabylie-abderrazak-mokri-accuse-danti-kabylisme\/","title":{"rendered":"CONSPIRATION DE LA FRANCE DANS LA REGION DE KABYLIE : Abderrazak Mokri accus\u00e9 d\u2019anti-kabylisme"},"content":{"rendered":"<p><br id=\"sep_para_1\" class=\"sep_para access\"\/><\/p>\n<div id=\"para_1\" class=\"para_31001968 resize\">\n<div class=\"texte access firstletter\">\u00ab J\u2019ai \u00e9t\u00e9 attaqu\u00e9 de deux parties extr\u00e9mistes dont les interpr\u00e9tations faites de mon post sont contradictoires. Ce qui indique que nous vivons dans une phase de conflits, organis\u00e9e et planifi\u00e9e par des planificateurs et adopt\u00e9e par des gens simples et na\u00effs (\u2026) \u00bb, a \u00e9crit Abderrazak Mokri sur sa page Facebook. \u00ab Ces interpr\u00e9tations contradictoires sont toutes fausses, amplifi\u00e9es et pr\u00e9m\u00e9dit\u00e9es dans le but de cr\u00e9er des conflits. Et nous expliquerons davantage le sujet sur une cha\u00eene de t\u00e9l\u00e9vision ce jour, si Dieu le veut. Ce qui est \u00e0 m\u00eame de mettre fin de fa\u00e7on cat\u00e9gorique \u00e0 ces agitations et d\u00e9voilera leurs auteurs \u00bb, a-t-il ajout\u00e9. Mardi, dans un post, Abderrazak Mokri, se r\u00e9f\u00e9rant \u00e0 une \u00e9mission diffus\u00e9e par la cha\u00eene de t\u00e9l\u00e9vision El Bilad, a indiqu\u00e9 que celle-ci donne \u00ab une image claire et pr\u00e9cise de la conspiration de la France dans la r\u00e9gion de Kabylie, ce qui explique nombre de ph\u00e9nom\u00e8nes que nous observons aujourd\u2019hui \u00bb. \u00ab J\u2019ai suivi une \u00e9mission merveilleuse sur la cha\u00eene de t\u00e9l\u00e9vision El Bilad, diffus\u00e9e dans le cadre de la s\u00e9rie \u00ab histoire en direct \u00bb. Elle donne une image des crimes commis par la France d\u00e8s le d\u00e9but de la colonisation. Je conseille ceux qui aiment la France de la suivre, elle sera sur Youtube \u00bb, avait-il \u00e9crit. Avant d\u2019ajouter : \u00ab Elle donne une image claire et pr\u00e9cise de la conspiration de la France dans la r\u00e9gion de Kabylie, ce qui explique nombre de ph\u00e9nom\u00e8nes que nous observons aujourd\u2019hui \u00bb. Une sortie interpr\u00e9t\u00e9e comme une tentative de diviser les Alg\u00e9riens et de nuire au mouvement populaire d\u2019autant que Mokri est en difficult\u00e9 \u00e0 cause de sa rencontre secr\u00e8te avec Sa\u00efd Bouteflika.<\/div>\n<\/div>\n<p>Auteur: Ismain<br \/>\n<a href=\"https:\/\/www.reflexiondz.net\/CONSPIRATION-DE-LA-FRANCE-DANS-LA-REGION-DE-KABYLIE-Abderrazak-Mokri-accuse-d-anti-kabylisme_a55872.html\">Cliquez ici pour lire l&rsquo;article depuis sa source.<\/a><\/p>\n","protected":false},"excerpt":{"rendered":"<p>\u00ab J\u2019ai \u00e9t\u00e9 attaqu\u00e9 de deux parties extr\u00e9mistes dont les interpr\u00e9tations faites de mon post sont contradictoires. Ce qui indique que nous vivons dans une phase de conflits, organis\u00e9e et planifi\u00e9e par des planificateurs et adopt\u00e9e par des gens simples et na\u00effs (\u2026) \u00bb, a \u00e9crit Abderrazak Mokri sur sa page Facebook. \u00ab Ces interpr\u00e9tations [&hellip;]<\/p>\n","protected":false},"author":1740,"featured_media":0,"comment_status":"closed","ping_status":"closed","sticky":false,"template":"","format":"standard","meta":{"fifu_image_url":"","fifu_image_alt":"","footnotes":""},"categories":[53,76],"tags":[],"class_list":["post-34494","post","type-post","status-publish","format-standard","hentry","category-algerie","category-regions"],"_links":{"self":[{"href":"https:\/\/linitiative.ca\/International\/wp-json\/wp\/v2\/posts\/34494","targetHints":{"allow":["GET"]}}],"collection":[{"href":"https:\/\/linitiative.ca\/International\/wp-json\/wp\/v2\/posts"}],"about":[{"href":"https:\/\/linitiative.ca\/International\/wp-json\/wp\/v2\/types\/post"}],"author":[{"embeddable":true,"href":"https:\/\/linitiative.ca\/International\/wp-json\/wp\/v2\/users\/1740"}],"replies":[{"embeddable":true,"href":"https:\/\/linitiative.ca\/International\/wp-json\/wp\/v2\/comments?post=34494"}],"version-history":[{"count":0,"href":"https:\/\/linitiative.ca\/International\/wp-json\/wp\/v2\/posts\/34494\/revisions"}],"wp:attachment":[{"href":"https:\/\/linitiative.ca\/International\/wp-json\/wp\/v2\/media?parent=34494"}],"wp:term":[{"taxonomy":"category","embeddable":true,"href":"https:\/\/linitiative.ca\/International\/wp-json\/wp\/v2\/categories?post=34494"},{"taxonomy":"post_tag","embeddable":true,"href":"https:\/\/linitiative.ca\/International\/wp-json\/wp\/v2\/tags?post=34494"}],"curies":[{"name":"wp","href":"https:\/\/api.w.org\/{rel}","templated":true}]}}