{"id":34500,"date":"2019-05-15T13:53:00","date_gmt":"2019-05-15T17:53:00","guid":{"rendered":"https:\/\/linitiative.ca\/International\/tiaret-saisie-de-330-quintaux-de-farine-en-vrac\/"},"modified":"2019-05-15T13:53:00","modified_gmt":"2019-05-15T17:53:00","slug":"tiaret-saisie-de-330-quintaux-de-farine-en-vrac","status":"publish","type":"post","link":"https:\/\/linitiative.ca\/International\/tiaret-saisie-de-330-quintaux-de-farine-en-vrac\/","title":{"rendered":"TIARET : Saisie de 330 quintaux  de farine en vrac"},"content":{"rendered":"<p><br id=\"sep_para_1\" class=\"sep_para access\"\/><\/p>\n<div id=\"para_1\" class=\"para_31001915 resize\">\n<div class=\"texte access firstletter\">Les \u00e9l\u00e9ments de la gendarmerie nationale relevant de la brigade de la commune de K&rsquo;sar-chellala, \u00e0 quelque 12 km du chef-lieu de wilaya de Tiaret et agissant sur information, se sont d\u00e9plac\u00e9s \u00e0 la cit\u00e9 \u00ab\u00a0Benyoucef Benkhedda\u00a0\u00bb et ont arr\u00eat\u00e9 3 personnes qui \u00e9taient \u00e0 bord d&rsquo;un tracteur rattach\u00e9 \u00e0 une remorque bourr\u00e9e de farine (en vrac) et dont la quantit\u00e9 a \u00e9t\u00e9 estim\u00e9e \u00e0 330 quintaux de farine, d\u2019une r\u00e9elle valeur de 660.000 dinars. Ce tracteur \u00e9tait stationn\u00e9 devant un garage d&rsquo;une habitation en vue de d\u00e9charger la marchandise, laquelle a \u00e9t\u00e9 saisie suite \u00e0 une ordonnance d\u00fbment sign\u00e9e par le procureur de la r\u00e9publique pr\u00e8s le tribunal de \u00ab\u00a0Ksar-chellala\u00a0\u00bb et il convient de signaler que les 3 personnes, impliqu\u00e9es dans cette affaire,\u00a0 ont \u00e9t\u00e9 arr\u00eat\u00e9es, lit-on dans un communiqu\u00e9 de presse adress\u00e9 \u00e0 notre r\u00e9daction par la cellule de communication relevant du groupement territorial de la wilaya de Tiaret.\u00a0\u00a0\u00a0\u00a0\u00a0\u00a0\u00a0\u00a0\u00a0\u00a0\u00a0\u00a0\u00a0\u00a0\u00a0\u00a0\u00a0\u00a0\u00a0\u00a0\u00a0\u00a0\u00a0\u00a0\u00a0\u00a0\u00a0\u00a0\u00a0\u00a0<\/div>\n<\/div>\n<p>Auteur: A.Benrebiha<br \/>\n<a href=\"https:\/\/www.reflexiondz.net\/TIARET-Saisie-de-330-quintaux-de-farine-en-vrac_a55867.html\">Cliquez ici pour lire l&rsquo;article depuis sa source.<\/a><\/p>\n","protected":false},"excerpt":{"rendered":"<p>Les \u00e9l\u00e9ments de la gendarmerie nationale relevant de la brigade de la commune de K&rsquo;sar-chellala, \u00e0 quelque 12 km du chef-lieu de wilaya de Tiaret et agissant sur information, se sont d\u00e9plac\u00e9s \u00e0 la cit\u00e9 \u00ab\u00a0Benyoucef Benkhedda\u00a0\u00bb et ont arr\u00eat\u00e9 3 personnes qui \u00e9taient \u00e0 bord d&rsquo;un tracteur rattach\u00e9 \u00e0 une remorque bourr\u00e9e de farine [&hellip;]<\/p>\n","protected":false},"author":1740,"featured_media":0,"comment_status":"closed","ping_status":"closed","sticky":false,"template":"","format":"standard","meta":{"fifu_image_url":"","fifu_image_alt":"","footnotes":""},"categories":[53,76],"tags":[],"class_list":["post-34500","post","type-post","status-publish","format-standard","hentry","category-algerie","category-regions"],"_links":{"self":[{"href":"https:\/\/linitiative.ca\/International\/wp-json\/wp\/v2\/posts\/34500","targetHints":{"allow":["GET"]}}],"collection":[{"href":"https:\/\/linitiative.ca\/International\/wp-json\/wp\/v2\/posts"}],"about":[{"href":"https:\/\/linitiative.ca\/International\/wp-json\/wp\/v2\/types\/post"}],"author":[{"embeddable":true,"href":"https:\/\/linitiative.ca\/International\/wp-json\/wp\/v2\/users\/1740"}],"replies":[{"embeddable":true,"href":"https:\/\/linitiative.ca\/International\/wp-json\/wp\/v2\/comments?post=34500"}],"version-history":[{"count":0,"href":"https:\/\/linitiative.ca\/International\/wp-json\/wp\/v2\/posts\/34500\/revisions"}],"wp:attachment":[{"href":"https:\/\/linitiative.ca\/International\/wp-json\/wp\/v2\/media?parent=34500"}],"wp:term":[{"taxonomy":"category","embeddable":true,"href":"https:\/\/linitiative.ca\/International\/wp-json\/wp\/v2\/categories?post=34500"},{"taxonomy":"post_tag","embeddable":true,"href":"https:\/\/linitiative.ca\/International\/wp-json\/wp\/v2\/tags?post=34500"}],"curies":[{"name":"wp","href":"https:\/\/api.w.org\/{rel}","templated":true}]}}