{"id":34501,"date":"2019-05-15T13:53:00","date_gmt":"2019-05-15T17:53:00","guid":{"rendered":"https:\/\/linitiative.ca\/International\/arrestation-de-louisa-hanoune-ait-larbi-parle-des-chefs-dinculpation\/"},"modified":"2019-05-15T13:53:00","modified_gmt":"2019-05-15T17:53:00","slug":"arrestation-de-louisa-hanoune-ait-larbi-parle-des-chefs-dinculpation","status":"publish","type":"post","link":"https:\/\/linitiative.ca\/International\/arrestation-de-louisa-hanoune-ait-larbi-parle-des-chefs-dinculpation\/","title":{"rendered":"ARRESTATION DE LOUISA HANOUNE : Ait Larbi parle des chefs d\u2019inculpation"},"content":{"rendered":"<p><br id=\"sep_para_1\" class=\"sep_para access\"\/><\/p>\n<div id=\"para_1\" class=\"para_31001976 resize\">\n<div class=\"texte access firstletter\">L\u2019avocat Mokrane Ait Larbi confirme, dans un communiqu\u00e9, que Louisa Hanoune, secr\u00e9taire g\u00e9n\u00e9ral du Parti des Travailleurs (PT), d\u00e9tenue depuis le 9 mai 2019, apr\u00e8s d\u00e9cision du tribunal militaire de Blida, est poursuivie dans la m\u00eame affaire que Said Bouteflika et les g\u00e9n\u00e9raux Mohamed Mediene et Athmane Tartag. Deux chefs d\u2019inculpation sont retenus contre elle : \u00ab Complot ayant pour but de porter atteinte \u00e0 l\u2019autorit\u00e9 du commandant d\u2019une formation militaire \u00bb (article 284 du code de justice militaire) et \u00ab complot pour changer le r\u00e9gime \u00bb (un acte pr\u00e9vu et puni par l\u2019article 77 du code p\u00e9nal). \u00ab En dehors de cela, toute autre all\u00e9gation contre Louisa Hanoune serait une agression contre la pr\u00e9somption d\u2019innocence et contre le droit \u00e0 la d\u00e9fense qui sont garantis par la loi et par la D\u00e9claration universelle des droits de l\u2019homme \u00bb, \u00e9crit-t-il. L\u2019avocat dit avoir \u00e9t\u00e9 beaucoup sollicit\u00e9 par les m\u00e9dias et par les organisations des droits de l\u2019homme pour expliquer l\u2019affaire, ses tenants et\u00a0 aboutissants. \u00ab Ceci est naturel puisque l\u2019affaire concerne une militante connue avant le pluralisme et apr\u00e8s et une cheffe d\u2019un parti agr\u00e9\u00e9 (\u2026) C\u2019est une inculp\u00e9e civile traduite devant un tribunal militaire. Cela am\u00e8ne l\u2019opinion publique \u00e0 s\u2019int\u00e9resser \u00e0 l\u2019affaire.\u00a0\u00a0<\/div>\n<\/div>\n<p>Auteur: Ismain<br \/>\n<a href=\"https:\/\/www.reflexiondz.net\/ARRESTATION-DE-LOUISA-HANOUNE-Ait-Larbi-parle-des-chefs-d-inculpation_a55874.html\">Cliquez ici pour lire l&rsquo;article depuis sa source.<\/a><\/p>\n","protected":false},"excerpt":{"rendered":"<p>L\u2019avocat Mokrane Ait Larbi confirme, dans un communiqu\u00e9, que Louisa Hanoune, secr\u00e9taire g\u00e9n\u00e9ral du Parti des Travailleurs (PT), d\u00e9tenue depuis le 9 mai 2019, apr\u00e8s d\u00e9cision du tribunal militaire de Blida, est poursuivie dans la m\u00eame affaire que Said Bouteflika et les g\u00e9n\u00e9raux Mohamed Mediene et Athmane Tartag. Deux chefs d\u2019inculpation sont retenus contre elle [&hellip;]<\/p>\n","protected":false},"author":1740,"featured_media":0,"comment_status":"closed","ping_status":"closed","sticky":false,"template":"","format":"standard","meta":{"fifu_image_url":"","fifu_image_alt":"","footnotes":""},"categories":[53,76],"tags":[],"class_list":["post-34501","post","type-post","status-publish","format-standard","hentry","category-algerie","category-regions"],"_links":{"self":[{"href":"https:\/\/linitiative.ca\/International\/wp-json\/wp\/v2\/posts\/34501","targetHints":{"allow":["GET"]}}],"collection":[{"href":"https:\/\/linitiative.ca\/International\/wp-json\/wp\/v2\/posts"}],"about":[{"href":"https:\/\/linitiative.ca\/International\/wp-json\/wp\/v2\/types\/post"}],"author":[{"embeddable":true,"href":"https:\/\/linitiative.ca\/International\/wp-json\/wp\/v2\/users\/1740"}],"replies":[{"embeddable":true,"href":"https:\/\/linitiative.ca\/International\/wp-json\/wp\/v2\/comments?post=34501"}],"version-history":[{"count":0,"href":"https:\/\/linitiative.ca\/International\/wp-json\/wp\/v2\/posts\/34501\/revisions"}],"wp:attachment":[{"href":"https:\/\/linitiative.ca\/International\/wp-json\/wp\/v2\/media?parent=34501"}],"wp:term":[{"taxonomy":"category","embeddable":true,"href":"https:\/\/linitiative.ca\/International\/wp-json\/wp\/v2\/categories?post=34501"},{"taxonomy":"post_tag","embeddable":true,"href":"https:\/\/linitiative.ca\/International\/wp-json\/wp\/v2\/tags?post=34501"}],"curies":[{"name":"wp","href":"https:\/\/api.w.org\/{rel}","templated":true}]}}