{"id":34502,"date":"2019-05-15T13:53:00","date_gmt":"2019-05-15T17:53:00","guid":{"rendered":"https:\/\/linitiative.ca\/International\/bordj-nest-elle-pas-la-capitale-du-hirak\/"},"modified":"2019-05-15T13:53:00","modified_gmt":"2019-05-15T17:53:00","slug":"bordj-nest-elle-pas-la-capitale-du-hirak","status":"publish","type":"post","link":"https:\/\/linitiative.ca\/International\/bordj-nest-elle-pas-la-capitale-du-hirak\/","title":{"rendered":"Bordj, n\u2019est-elle pas la \u2018\u2019capitale du Hirak\u2019\u2019 ?"},"content":{"rendered":"<p><br id=\"sep_para_1\" class=\"sep_para access\"\/><\/p>\n<div id=\"para_1\" class=\"para_31001971 resize\">\n<div class=\"texte access firstletter\">Au douzi\u00e8me vendredi des manifestations, les Alg\u00e9riens \u00e9taient au rendez-vous \u00e0 travers les quarante-huit wilayas du pays, bien qu\u2019en nombre inf\u00e9rieur par rapport aux semaines pass\u00e9es, notamment dans la capitale \u00ab Alger \u00bb. Toutefois, les citoyens de la wilaya de Bordj Bou Arreridj ont fait l\u2019exception. Au premier vendredi du Ramadan, ils \u00e9taient des milliers \u00e0 descendre exprimer leur inqui\u00e9tude de l\u2019avenir de l\u2019Alg\u00e9rie. Ils veulent que leurs voies soient entendues. Situ\u00e9e \u00e0 200 km d\u2019Alger, la wilaya de Bordj Bou Arreridj est devenue un p\u00f4le incontestable du Hirak qui attire les manifestants des quatre coins du pays. Depuis le d\u00e9but du mouvement populaire du 22 F\u00e9vrier dernier, la ville de Bordj Bou Arreridj a chang\u00e9 de nom, elle s&rsquo;appelle d\u00e9sormais \u00ab capitale du Hirak \u00bb en raison de la grande mobilisation des citoyens pendant les 12 Vendredis de protestation. Des centaines de milliers de personnes, descendent en vague au centre-ville, appelant au d\u00e9part de tous les symboles du syst\u00e8me d&rsquo;une part et exprimant leur soutien inconditionnel \u00e0 l\u2019institution militaire, v\u00e9ritable bouclier de la nation. \u00ab Le palais du peuple \u00bb comme ils le surnomment les Bourdjiens, situ\u00e9 au carrefour d\u2019El Djebaas, est devenu le fief des rencontres et le point de d\u00e9part des manifestations. Il s\u2019agit d\u2019une b\u00e2tisse en construction, compos\u00e9e de plusieurs \u00e9tages, drap\u00e9e de l\u2019embl\u00e8me national, de banderoles, de drapeaux et de gigantesques \u00ab tifos\u00bb dont le contenu refl\u00e8te pertinemment une maturit\u00e9 politique, les orientations futures et les attentes des contestataires. Enfin, il est imp\u00e9ratif de comprendre que la wilaya de Bordj Bou Arreridj pr\u00e9sente est devenue un v\u00e9ritable exemple \u00e0 suivre. Bordj Bou Arreridj a prouv\u00e9 encore une fois quelle est r\u00e9ellement l\u2019\u00e9picentre du mouvement populaire et m\u00e9rite grandement le titre de \u00ab Capitale du Hirak \u00bb.<\/div>\n<\/div>\n<p>Auteur: Benguendouz Abdenour<br \/>\n<a href=\"https:\/\/www.reflexiondz.net\/Bordj-n-est-elle-pas-la-capitale-du-Hirak_a55873.html\">Cliquez ici pour lire l&rsquo;article depuis sa source.<\/a><\/p>\n","protected":false},"excerpt":{"rendered":"<p>Au douzi\u00e8me vendredi des manifestations, les Alg\u00e9riens \u00e9taient au rendez-vous \u00e0 travers les quarante-huit wilayas du pays, bien qu\u2019en nombre inf\u00e9rieur par rapport aux semaines pass\u00e9es, notamment dans la capitale \u00ab Alger \u00bb. Toutefois, les citoyens de la wilaya de Bordj Bou Arreridj ont fait l\u2019exception. Au premier vendredi du Ramadan, ils \u00e9taient des milliers [&hellip;]<\/p>\n","protected":false},"author":1740,"featured_media":0,"comment_status":"closed","ping_status":"closed","sticky":false,"template":"","format":"standard","meta":{"fifu_image_url":"","fifu_image_alt":"","footnotes":""},"categories":[53,76],"tags":[],"class_list":["post-34502","post","type-post","status-publish","format-standard","hentry","category-algerie","category-regions"],"_links":{"self":[{"href":"https:\/\/linitiative.ca\/International\/wp-json\/wp\/v2\/posts\/34502","targetHints":{"allow":["GET"]}}],"collection":[{"href":"https:\/\/linitiative.ca\/International\/wp-json\/wp\/v2\/posts"}],"about":[{"href":"https:\/\/linitiative.ca\/International\/wp-json\/wp\/v2\/types\/post"}],"author":[{"embeddable":true,"href":"https:\/\/linitiative.ca\/International\/wp-json\/wp\/v2\/users\/1740"}],"replies":[{"embeddable":true,"href":"https:\/\/linitiative.ca\/International\/wp-json\/wp\/v2\/comments?post=34502"}],"version-history":[{"count":0,"href":"https:\/\/linitiative.ca\/International\/wp-json\/wp\/v2\/posts\/34502\/revisions"}],"wp:attachment":[{"href":"https:\/\/linitiative.ca\/International\/wp-json\/wp\/v2\/media?parent=34502"}],"wp:term":[{"taxonomy":"category","embeddable":true,"href":"https:\/\/linitiative.ca\/International\/wp-json\/wp\/v2\/categories?post=34502"},{"taxonomy":"post_tag","embeddable":true,"href":"https:\/\/linitiative.ca\/International\/wp-json\/wp\/v2\/tags?post=34502"}],"curies":[{"name":"wp","href":"https:\/\/api.w.org\/{rel}","templated":true}]}}