{"id":34514,"date":"2019-05-15T09:40:49","date_gmt":"2019-05-15T13:40:49","guid":{"rendered":"https:\/\/linitiative.ca\/International\/tassili-airlines-transfert-lundi-prochain-de-lactivite-vers-la-nouvelle-aerogare-dalger\/"},"modified":"2019-05-15T09:40:49","modified_gmt":"2019-05-15T13:40:49","slug":"tassili-airlines-transfert-lundi-prochain-de-lactivite-vers-la-nouvelle-aerogare-dalger","status":"publish","type":"post","link":"https:\/\/linitiative.ca\/International\/tassili-airlines-transfert-lundi-prochain-de-lactivite-vers-la-nouvelle-aerogare-dalger\/","title":{"rendered":"Tassili Airlines: transfert lundi prochain de l\u2019activit\u00e9 vers la nouvelle a\u00e9rogare d\u2019Alger"},"content":{"rendered":"<h4 class=\"title-14\"\/>\n<div class=\"featured_image\"><img width=\"620\" height=\"410\" data-cfsrc=\"https:\/\/www.elwatan.com\/wp-content\/uploads\/2019\/05\/d-tassili-airlines-sur-les-traces-dair-algerie-c761f.jpg\" class=\"attachment-post-thumbnail size-post-thumbnail wp-post-image c1\" alt=\"\" srcset=\"https:\/\/www.elwatan.com\/wp-content\/uploads\/2019\/05\/d-tassili-airlines-sur-les-traces-dair-algerie-c761f.jpg 620w, https:\/\/www.elwatan.com\/wp-content\/uploads\/2019\/05\/d-tassili-airlines-sur-les-traces-dair-algerie-c761f-300x198.jpg 300w\" sizes=\"(max-width: 620px) 100vw, 620px\"\/><noscript><\/p>\n<p><img loading=\"lazy\" decoding=\"async\" width=\"620\" height=\"410\" src=\"https:\/\/www.elwatan.com\/wp-content\/uploads\/2019\/05\/d-tassili-airlines-sur-les-traces-dair-algerie-c761f.jpg\" class=\"attachment-post-thumbnail size-post-thumbnail wp-post-image\" alt=\"\" srcset=\"https:\/\/www.elwatan.com\/wp-content\/uploads\/2019\/05\/d-tassili-airlines-sur-les-traces-dair-algerie-c761f.jpg 620w, https:\/\/www.elwatan.com\/wp-content\/uploads\/2019\/05\/d-tassili-airlines-sur-les-traces-dair-algerie-c761f-300x198.jpg 300w\" sizes=\"auto, (max-width: 620px) 100vw, 620px\"\/><\/p>\n<p><\/noscript><\/div>\n<p>Tassili Airlines transf\u00e9rera \u00e0 partir de lundi prochain, l\u2019ensemble de son activit\u00e9 li\u00e9e au traitement des vols internationaux vers la nouvelle a\u00e9rogare de l\u2019A\u00e9roport international d\u2019Alger \u201cHouari-Boumediene\u201d, a indiqu\u00e9 mercredi la compagnie dans un communiqu\u00e9.<\/p>\n<p>\u201cTassili Airlines, informe l\u2019ensemble de ses passagers, qu\u2019\u00e0 partir du lundi 20 Mai 2019, toute l\u2019activit\u00e9 op\u00e9rationnelle li\u00e9e au traitement des vols internationaux sera transf\u00e9r\u00e9e du Terminal 1 \/T1\/, vers la nouvelle a\u00e9rogare Terminal 4 \/T4\/, aile Ouest, et ce concernant le d\u00e9roulement des vols en partance et en provenance des villes fran\u00e7aises, de Nantes et Strasbourg\u201d, a pr\u00e9cis\u00e9 la m\u00eame source.<\/p>\n<p>Pour rappel, la nouvelle a\u00e9rogare de l\u2019A\u00e9roport international d\u2019Alger Houari-Boumediene, a \u00e9t\u00e9 ouverte aux passagers le 29 avril dernier. Le transfert de l\u2019activit\u00e9 a\u00e9rienne de l\u2019A\u00e9roport international Houari-Boumediene, vers sa nouvelle a\u00e9rogare s\u2019est fait graduellement.<\/p>\n<p>La mise en service de la nouvelle a\u00e9rogare a \u00e9t\u00e9 entam\u00e9e par des vols de la compagnie a\u00e9rienne nationale Air Alg\u00e9rie \u00e0 destination de Paris. Erig\u00e9e en cinq niveaux, la nouvelle a\u00e9rogare r\u00e9pond aux normes d\u2019efficacit\u00e9 \u00e9nerg\u00e9tique et de pr\u00e9servation de l\u2019environnement.<\/p>\n<p>Elle est dot\u00e9e de r\u00e9servoirs collecteurs pour r\u00e9cup\u00e9rer l\u2019eau de pluie, qui sera utilis\u00e9e notamment pour l\u2019arrosage, de puits de lumi\u00e8re pour diminuer la consommation \u00e9lectrique et des climatiseurs qui r\u00e9gulent la temp\u00e9rature \u00e0 hauteur de 4 m\u00e8tres seulement.<\/p>\n<p>Construite sur une superficie de 200.000 m2, la nouvelle a\u00e9rogare est dot\u00e9e de 120 banques d\u2019enregistrement, 12 tapis bagages, 54 ascenseurs, 37 escaliers m\u00e9caniques, 9 tapis roulants et 21 passerelles.<\/p>\n<p>Elle comprend \u00e9galement 42 postes de stationnement pour avions, 2 postes stations pour gros-porteurs comme le A380 et 16 groupes \u00e9lectrog\u00e8nes, qui se d\u00e9clenchent automatiquement en cas de coupure d\u2019\u00e9lectricit\u00e9.<\/p>\n<p><span class=\"post-views-label\">Post Views:<\/span> <span class=\"post-views-count\">693<\/span><\/p>\n<p>Auteur: Mourad Hachid<br \/>\n<a href=\"https:\/\/www.elwatan.com\/edition\/actualite\/tassili-airlines-transfert-lundi-prochain-de-lactivite-vers-la-nouvelle-aerogare-dalger-15-05-2019\">Cliquez ici pour lire l&rsquo;article depuis sa source.<\/a><\/p>\n","protected":false},"excerpt":{"rendered":"<p>Tassili Airlines transf\u00e9rera \u00e0 partir de lundi prochain, l\u2019ensemble de son activit\u00e9 li\u00e9e au traitement des vols internationaux vers la nouvelle a\u00e9rogare de l\u2019A\u00e9roport international d\u2019Alger \u201cHouari-Boumediene\u201d, a indiqu\u00e9 mercredi la compagnie dans un communiqu\u00e9. \u201cTassili Airlines, informe l\u2019ensemble de ses passagers, qu\u2019\u00e0 partir du lundi 20 Mai 2019, toute l\u2019activit\u00e9 op\u00e9rationnelle li\u00e9e au traitement [&hellip;]<\/p>\n","protected":false},"author":1743,"featured_media":34515,"comment_status":"closed","ping_status":"closed","sticky":false,"template":"","format":"standard","meta":{"fifu_image_url":"","fifu_image_alt":"","footnotes":""},"categories":[73,53],"tags":[],"class_list":["post-34514","post","type-post","status-publish","format-standard","has-post-thumbnail","hentry","category-actualite","category-algerie"],"_links":{"self":[{"href":"https:\/\/linitiative.ca\/International\/wp-json\/wp\/v2\/posts\/34514","targetHints":{"allow":["GET"]}}],"collection":[{"href":"https:\/\/linitiative.ca\/International\/wp-json\/wp\/v2\/posts"}],"about":[{"href":"https:\/\/linitiative.ca\/International\/wp-json\/wp\/v2\/types\/post"}],"author":[{"embeddable":true,"href":"https:\/\/linitiative.ca\/International\/wp-json\/wp\/v2\/users\/1743"}],"replies":[{"embeddable":true,"href":"https:\/\/linitiative.ca\/International\/wp-json\/wp\/v2\/comments?post=34514"}],"version-history":[{"count":0,"href":"https:\/\/linitiative.ca\/International\/wp-json\/wp\/v2\/posts\/34514\/revisions"}],"wp:featuredmedia":[{"embeddable":true,"href":"https:\/\/linitiative.ca\/International\/wp-json\/"}],"wp:attachment":[{"href":"https:\/\/linitiative.ca\/International\/wp-json\/wp\/v2\/media?parent=34514"}],"wp:term":[{"taxonomy":"category","embeddable":true,"href":"https:\/\/linitiative.ca\/International\/wp-json\/wp\/v2\/categories?post=34514"},{"taxonomy":"post_tag","embeddable":true,"href":"https:\/\/linitiative.ca\/International\/wp-json\/wp\/v2\/tags?post=34514"}],"curies":[{"name":"wp","href":"https:\/\/api.w.org\/{rel}","templated":true}]}}