{"id":34526,"date":"2019-05-15T13:05:37","date_gmt":"2019-05-15T17:05:37","guid":{"rendered":"https:\/\/linitiative.ca\/International\/facebook-nouvelles-restrictions-sur-les-contenus-violents\/"},"modified":"2019-05-15T13:05:37","modified_gmt":"2019-05-15T17:05:37","slug":"facebook-nouvelles-restrictions-sur-les-contenus-violents","status":"publish","type":"post","link":"https:\/\/linitiative.ca\/International\/facebook-nouvelles-restrictions-sur-les-contenus-violents\/","title":{"rendered":"Facebook : nouvelles restrictions sur les contenus violents"},"content":{"rendered":"<p>Le r\u00e9seau social Facebook a annonc\u00e9 la mise en place de nouvelles restrictions sur l\u2019usage de son service de retransmission de vid\u00e9o en direct apr\u00e8s que la plateforme eut \u00e9t\u00e9 critiqu\u00e9e pour la diffusion de contenus violents, notamment lors du massacre de Christchurch en Nouvelle-Z\u00e9lande.<\/p>\n<div class=\"c10\"\/>\n<p>L\u2019entreprise a indiqu\u00e9, mardi soir, dans un communiqu\u00e9, que quiconque viole certaines r\u00e8gles relatives \u00e0 la retransmission de contenus sur Facebook Live sera temporairement banni du service pour 30 jours pour la premi\u00e8re infraction, alors que les multir\u00e9cidivistes risquent d\u2019\u00eatre bannis \u00e0 vie de Facebook.<\/p>\n<p>\u00ab\u00a0Apr\u00e8s les terribles attentats terroristes en Nouvelle-Z\u00e9lande, nous avons examin\u00e9 ce que nous pouvions faire de plus pour emp\u00eacher que nos services ne soient utilis\u00e9s pour causer du tort ou propager de la haine\u00a0\u00bb, a \u00e9crit le vice-pr\u00e9sident de l\u2019int\u00e9grit\u00e9 de Facebook, Guy Rosen.<\/p>\n<p>Cette annonce co\u00efncide avec une r\u00e9union \u00e0 Paris sur le r\u00f4le des grandes plateformes num\u00e9riques dans la lutte contre le terrorisme et l\u2019extr\u00e9misme violent, en pr\u00e9sence notamment de la Premi\u00e8re ministre n\u00e9o-z\u00e9landaise Jacinda Ardern et le pr\u00e9sident fran\u00e7ais Emmanuel Macron.<\/p>\n<p>Mercredi, les deux responsables devraient signer \u00ab\u00a0l\u2019appel de Christchurch\u00a0\u00bb, qui vise \u00e0 fixer de nouvelles limites \u00e0 la diffusion de contenus violents et extr\u00e9mistes en ligne.<\/p>\n<div class=\"c17\">\n<fieldset class=\"c16\">\n<legend><strong><span class=\"c11\">Challenge<\/span><span class=\"c12\">news<\/span><\/strong><\/legend>\n<div class=\"c15\">Le meilleur de la r\u00e9daction s\u00e9lectionn\u00e9 par Challenge :<\/p>\n<\/div>\n<\/fieldset>\n<\/div>\n<p>Auteur: challenge<br \/>\n<a href=\"https:\/\/www.challenge.ma\/facebook-nouvelles-restrictions-sur-les-contenus-violents-109174\/\">Cliquez ici pour lire l&rsquo;article depuis sa source.<\/a><\/p>\n","protected":false},"excerpt":{"rendered":"<p>Le r\u00e9seau social Facebook a annonc\u00e9 la mise en place de nouvelles restrictions sur l\u2019usage de son service de retransmission de vid\u00e9o en direct apr\u00e8s que la plateforme eut \u00e9t\u00e9 critiqu\u00e9e pour la diffusion de contenus violents, notamment lors du massacre de Christchurch en Nouvelle-Z\u00e9lande. L\u2019entreprise a indiqu\u00e9, mardi soir, dans un communiqu\u00e9, que quiconque [&hellip;]<\/p>\n","protected":false},"author":1787,"featured_media":0,"comment_status":"closed","ping_status":"closed","sticky":false,"template":"","format":"standard","meta":{"fifu_image_url":"","fifu_image_alt":"","footnotes":""},"categories":[78,54],"tags":[],"class_list":["post-34526","post","type-post","status-publish","format-standard","hentry","category-economie","category-maroc"],"_links":{"self":[{"href":"https:\/\/linitiative.ca\/International\/wp-json\/wp\/v2\/posts\/34526","targetHints":{"allow":["GET"]}}],"collection":[{"href":"https:\/\/linitiative.ca\/International\/wp-json\/wp\/v2\/posts"}],"about":[{"href":"https:\/\/linitiative.ca\/International\/wp-json\/wp\/v2\/types\/post"}],"author":[{"embeddable":true,"href":"https:\/\/linitiative.ca\/International\/wp-json\/wp\/v2\/users\/1787"}],"replies":[{"embeddable":true,"href":"https:\/\/linitiative.ca\/International\/wp-json\/wp\/v2\/comments?post=34526"}],"version-history":[{"count":0,"href":"https:\/\/linitiative.ca\/International\/wp-json\/wp\/v2\/posts\/34526\/revisions"}],"wp:attachment":[{"href":"https:\/\/linitiative.ca\/International\/wp-json\/wp\/v2\/media?parent=34526"}],"wp:term":[{"taxonomy":"category","embeddable":true,"href":"https:\/\/linitiative.ca\/International\/wp-json\/wp\/v2\/categories?post=34526"},{"taxonomy":"post_tag","embeddable":true,"href":"https:\/\/linitiative.ca\/International\/wp-json\/wp\/v2\/tags?post=34526"}],"curies":[{"name":"wp","href":"https:\/\/api.w.org\/{rel}","templated":true}]}}