{"id":34556,"date":"2019-05-15T17:26:55","date_gmt":"2019-05-15T21:26:55","guid":{"rendered":"https:\/\/linitiative.ca\/International\/crise-a-la-poste-burkina-faso-le-gouvernement-invite-les-agents-a-reprendre-le-travail\/"},"modified":"2019-05-15T17:26:55","modified_gmt":"2019-05-15T21:26:55","slug":"crise-a-la-poste-burkina-faso-le-gouvernement-invite-les-agents-a-reprendre-le-travail","status":"publish","type":"post","link":"https:\/\/linitiative.ca\/International\/crise-a-la-poste-burkina-faso-le-gouvernement-invite-les-agents-a-reprendre-le-travail\/","title":{"rendered":"Crise \u00e0 La Poste Burkina Faso : le gouvernement invite les agents  \u00e0 reprendre le travail"},"content":{"rendered":"<div class=\"td-post-featured-image\"><a href=\"https:\/\/i0.wp.com\/www.sidwaya.info\/wp-content\/uploads\/2019\/05\/2-7.jpg?fit=797%2C482&#038;ssl=1\" data-caption=\"\"><img loading=\"lazy\" decoding=\"async\" width=\"696\" height=\"421\" class=\"entry-thumb td-modal-image\" src=\"https:\/\/i0.wp.com\/www.sidwaya.info\/wp-content\/uploads\/2019\/05\/2-7.jpg?resize=696%2C421&#038;ssl=1\" srcset=\"https:\/\/i0.wp.com\/www.sidwaya.info\/wp-content\/uploads\/2019\/05\/2-7.jpg?w=797&#038;ssl=1 797w, https:\/\/i0.wp.com\/www.sidwaya.info\/wp-content\/uploads\/2019\/05\/2-7.jpg?resize=300%2C181&#038;ssl=1 300w, https:\/\/i0.wp.com\/www.sidwaya.info\/wp-content\/uploads\/2019\/05\/2-7.jpg?resize=768%2C464&#038;ssl=1 768w, https:\/\/i0.wp.com\/www.sidwaya.info\/wp-content\/uploads\/2019\/05\/2-7.jpg?resize=696%2C421&#038;ssl=1 696w, https:\/\/i0.wp.com\/www.sidwaya.info\/wp-content\/uploads\/2019\/05\/2-7.jpg?resize=694%2C420&#038;ssl=1 694w\" sizes=\"auto, (max-width: 696px) 100vw, 696px\" alt=\"\" title=\"2\"\/><\/a><\/div>\n<div class=\"td-a-rec td-a-rec-id-content_top td_uid_30_5cdc884c4ff2a_rand td_block_template_1\"><img loading=\"lazy\" decoding=\"async\" class=\"aligncenter size-full wp-image-4463\" src=\"https:\/\/www.sidwaya.info\/wp-content\/uploads\/2019\/02\/FESPACO-TOUR-2019-Bannie%CC%80re-728x90-1.jpg\" alt=\"\" width=\"728\" height=\"90\"\/><\/div>\n<p><strong>L\u2019hebdomadaire Conseil des ministres s\u2019est tenu, le mercredi 15 mai 2019, \u00e0 Kosyam sous la pr\u00e9sidence du chef de l\u2019Etat, Roch Marc Christian Kabor\u00e9. Le mouvement d\u2019humeur \u00e0 La Poste Burkina Faso et la coh\u00e9sion sociale sont, entre autres, les sujets qui ont int\u00e9ress\u00e9 les ministres au cours de cette rencontre.<\/strong><\/p>\n<p>Le mouvement d\u2019humeur ayant conduit \u00e0 l\u2019exfiltration du Directeur g\u00e9n\u00e9ral (DG) de La Poste Burkina Faso n\u2019est pas du go\u00fbt du gouvernement. Le Conseil des ministres du mercredi 15 mai 2019, tenu sous la pr\u00e9sidence du chef de l\u2019Etat, Roch Marc Christian Kabor\u00e9, a condamn\u00e9 les actes pos\u00e9s par des travailleurs de ladite structure. Pour le ministre de la Communication et des Relations avec le Parlement, Porte-parole du gouvernement, R\u00e9mis Fulgance Dandjinou, le gouvernement a rappel\u00e9 un certain nombre de principes en ce qui concerne le fonctionnement des soci\u00e9t\u00e9s d\u2019Etat. A cet effet, il a appel\u00e9 l\u2019ensemble des acteurs \u00e0 la retenue et invit\u00e9 les travailleurs \u00e0 reprendre le travail dans le cadre des discussions entam\u00e9es par la ministre en charge des postes, Hadja Fatimata Ouattara. M. Dandjinou a, toutefois, indiqu\u00e9 que de tels actes ne seront plus tol\u00e9r\u00e9s \u00e0 quelque niveau que ce soit.<\/p>\n<p>Autre sujet sur la table du gouvernement: la coh\u00e9sion sociale. La question a fait l\u2019objet d\u2019une communication orale du ministre d\u2019Etat, ministre de l\u2019Administration territoriale, de la D\u00e9centralisation et de la Coh\u00e9sion sociale, Sim\u00e9on Sawadogo. Celui-ci a pr\u00e9sent\u00e9 au conseil un programme de tourn\u00e9es de sensibilisation des forces vives de la nation \u00e0 la probl\u00e9matique. Le gouvernement, de l\u2019avis de son porte-voix, a favorablement appr\u00e9ci\u00e9 le canevas et sugg\u00e9r\u00e9 de mettre en place une structure interminist\u00e9rielle afin d\u2019impliquer tous les acteurs concern\u00e9s par la question. Outre les questions orales, le gouvernement a adopt\u00e9 une s\u00e9rie de d\u00e9crets. Au titre du minist\u00e8re de la Sant\u00e9, le conseil a adopt\u00e9 un d\u00e9cret portant approbation des statuts des agences nationales de gestions des soins de sant\u00e9 publique.<\/p>\n<p><strong>Dynamiser les conseils de discipline<\/strong><\/p>\n<p>A ce propos, le ministre Dandjinou a relev\u00e9 un aspect important \u00e0 son avis. \u00abAu titre des mesures transitoires, le d\u00e9cret pr\u00e9cise que le minist\u00e8re de la Sant\u00e9 a la charge d\u2019assurer la gestion administrative et salariale du personnel d\u00e9tach\u00e9 dans l\u2019agence et revers\u00e9 dans le classement indiciaire de la Fonction publique hospitali\u00e8re\u00bb, a-t-il expliqu\u00e9. Le conseil a \u00e9galement adopt\u00e9 un d\u00e9cret portant approbation des statuts de l\u2019Agence nationale pour l\u2019emploi (ANPE) et quatre d\u00e9crets pour le compte du minist\u00e8re en charge de l\u2019habitat. Ces textes concernent les actes de construire au Burkina Faso, la proc\u00e9dure d\u2019obtention de permis de construire et de permis de d\u00e9molir, de l\u2019obtention du certificat de conformit\u00e9 et un d\u00e9cret portant proc\u00e9dure d\u2019adoption du certificat d\u2019urbanisme.<\/p>\n<p>Au titre du minist\u00e8re de l\u2019Environnement, de l\u2019Economie verte et du Changement climatique, trois d\u00e9crets d\u2019application de la loi 063\/2015\/CNT du 15 septembre 2015 portant statut du personnel du cadre paramilitaire des eaux et for\u00eats ont, en outre, \u00e9t\u00e9 adopt\u00e9s. Le conseil a, par ailleurs, adopt\u00e9, au titre du minist\u00e8re de la Fonction publique, le rapport annuel sur le fonctionnement des conseils de discipline des institutions et d\u00e9partements minist\u00e9riels. Il ressort que sur la quarantaine de minist\u00e8res et institutions, 32 ont mis en place leur conseil de discipline.<\/p>\n<p>Et sur ce nombre, peu d\u2019entre eux ont tenu une session en 2018. \u00abCela s\u2019explique en partie par une insuffisance des moyens et l\u2019absence de cr\u00e9dit allou\u00e9 \u00e0 la bonne tenue des conseils de discipline ou la complaisance de certains responsables vis-vis de leurs agents et \u00e0 la non application des sanctions\u00bb, a reconnu le porte-parole du gouvernement. Puis de pr\u00e9ciser que l\u2019ex\u00e9cutif a instruit le ministre en charge du dossier d\u2019approfondir la r\u00e9flexion pour l\u2019adoption d\u2019un d\u00e9cret en vue de dynamiser les conseils de discipline.<\/p>\n<p class=\"c1\"><strong>Abdoulaye BALBONE<\/strong><\/p>\n<div class=\"td-a-rec td-a-rec-id-content_bottom td_uid_31_5cdc884c500be_rand td_block_template_1\"><img loading=\"lazy\" decoding=\"async\" class=\"alignright size-full wp-image-1724\" src=\"https:\/\/www.sidwaya.info\/wp-content\/uploads\/2018\/12\/sidwaya-pub.jpg\" alt=\"\" width=\"720\" height=\"90\"\/><\/div>\n<p>Auteur: JK. Sidwaya<br \/>\n<a href=\"https:\/\/www.sidwaya.info\/blog\/2019\/05\/15\/crise-a-la-poste-burkina-faso-le-gouvernement-invite-les-agents-a-reprendre-le-travail\/\">Cliquez ici pour lire l&rsquo;article depuis sa source.<\/a><\/p>\n","protected":false},"excerpt":{"rendered":"<p>L\u2019hebdomadaire Conseil des ministres s\u2019est tenu, le mercredi 15 mai 2019, \u00e0 Kosyam sous la pr\u00e9sidence du chef de l\u2019Etat, Roch Marc Christian Kabor\u00e9. Le mouvement d\u2019humeur \u00e0 La Poste Burkina Faso et la coh\u00e9sion sociale sont, entre autres, les sujets qui ont int\u00e9ress\u00e9 les ministres au cours de cette rencontre. Le mouvement d\u2019humeur ayant [&hellip;]<\/p>\n","protected":false},"author":1816,"featured_media":0,"comment_status":"closed","ping_status":"closed","sticky":false,"template":"","format":"standard","meta":{"fifu_image_url":"","fifu_image_alt":"","footnotes":""},"categories":[73,81],"tags":[],"class_list":["post-34556","post","type-post","status-publish","format-standard","hentry","category-actualite","category-burkina-faso"],"_links":{"self":[{"href":"https:\/\/linitiative.ca\/International\/wp-json\/wp\/v2\/posts\/34556","targetHints":{"allow":["GET"]}}],"collection":[{"href":"https:\/\/linitiative.ca\/International\/wp-json\/wp\/v2\/posts"}],"about":[{"href":"https:\/\/linitiative.ca\/International\/wp-json\/wp\/v2\/types\/post"}],"author":[{"embeddable":true,"href":"https:\/\/linitiative.ca\/International\/wp-json\/wp\/v2\/users\/1816"}],"replies":[{"embeddable":true,"href":"https:\/\/linitiative.ca\/International\/wp-json\/wp\/v2\/comments?post=34556"}],"version-history":[{"count":0,"href":"https:\/\/linitiative.ca\/International\/wp-json\/wp\/v2\/posts\/34556\/revisions"}],"wp:attachment":[{"href":"https:\/\/linitiative.ca\/International\/wp-json\/wp\/v2\/media?parent=34556"}],"wp:term":[{"taxonomy":"category","embeddable":true,"href":"https:\/\/linitiative.ca\/International\/wp-json\/wp\/v2\/categories?post=34556"},{"taxonomy":"post_tag","embeddable":true,"href":"https:\/\/linitiative.ca\/International\/wp-json\/wp\/v2\/tags?post=34556"}],"curies":[{"name":"wp","href":"https:\/\/api.w.org\/{rel}","templated":true}]}}