{"id":34559,"date":"2019-05-15T14:18:04","date_gmt":"2019-05-15T18:18:04","guid":{"rendered":"https:\/\/linitiative.ca\/International\/nouakchott-solidaire-de-larabie-saoudite-et-des-eau-face-aux-operations-terroristes\/"},"modified":"2019-05-15T14:18:04","modified_gmt":"2019-05-15T18:18:04","slug":"nouakchott-solidaire-de-larabie-saoudite-et-des-eau-face-aux-operations-terroristes","status":"publish","type":"post","link":"https:\/\/linitiative.ca\/International\/nouakchott-solidaire-de-larabie-saoudite-et-des-eau-face-aux-operations-terroristes\/","title":{"rendered":"Nouakchott solidaire de l\u2019Arabie saoudite et des EAU face aux op\u00e9rations terroristes"},"content":{"rendered":"<div readability=\"32\">\n<p>Publi\u00e9 le 15.05.2019 \u00e0 19h18 par APA News<\/p>\n<\/div>\n<div readability=\"52\">\n<p>La Mauritanie a exprim\u00e9, mercredi, \u00ab sa pleine solidarit\u00e9 avec les directions et les peuples \u00bb du Royaume d\u2019Arabie saoudite et des Emirats arabes unis face aux \u00ab op\u00e9rations terroristes \u00bb qui les ont vis\u00e9s.Dans un communiqu\u00e9 de presse re\u00e7u \u00e0 APA, le gouvernement mauritanien Elle a aussi promis \u00ab son appui fort et absolu \u00e0 toutes les mesures prises pour faire face \u00e0 tout ce qui peut constituer une menace pour la s\u00e9curit\u00e9 et la stabilit\u00e9 \u00bb de ces deux pays et de la r\u00e9gion.<\/p>\n<p>Le communiqu\u00e9 du minist\u00e8re des Affaires \u00e9trang\u00e8res et de la Coop\u00e9ration de la Mauritanie a indiqu\u00e9 que les op\u00e9rations en question \u00ab se sont manifest\u00e9es \u00e0 travers des actes de sabotage ayant vis\u00e9 4 bateaux commerciaux de diff\u00e9rentes nationalit\u00e9s pr\u00e8s des eaux territoriales des Emirats ainsi que des drones ayant pris pour cible des installations de pompage du p\u00e9trole saoudien\u00bb.<\/p>\n<p>Il a \u00ab d\u00e9nonc\u00e9 avec force et condamn\u00e9 avec les plus dures expressions \u00bb ces op\u00e9rations qui attentent \u00e0 la s\u00e9curit\u00e9 et \u00e0 la stabilit\u00e9 dans \u00ab la r\u00e9gion enti\u00e8re, au mouvement de la navigation internationale dans cette r\u00e9gion et \u00e0 la r\u00e9gularit\u00e9 des approvisionnements en \u00e9nergie dans le monde \u00bb.<\/p>\n<p>La Mauritanie est un alli\u00e9 solide de l\u2019Arabie saoudite et des EAU. Elle a rompu ses relations diplomatiques avec le Qatar.<\/p>\n<\/div>\n<p>Auteur: APA News<br \/>\n<a href=\"https:\/\/www.journalducameroun.com\/fr\/nouakchott-solidaire-de-larabie-saoudite-et-des-eau-face-aux-operations-terroristes\/\">Cliquez ici pour lire l&rsquo;article depuis sa source.<\/a><\/p>\n","protected":false},"excerpt":{"rendered":"<p>Publi\u00e9 le 15.05.2019 \u00e0 19h18 par APA News La Mauritanie a exprim\u00e9, mercredi, \u00ab sa pleine solidarit\u00e9 avec les directions et les peuples \u00bb du Royaume d\u2019Arabie saoudite et des Emirats arabes unis face aux \u00ab op\u00e9rations terroristes \u00bb qui les ont vis\u00e9s.Dans un communiqu\u00e9 de presse re\u00e7u \u00e0 APA, le gouvernement mauritanien Elle a [&hellip;]<\/p>\n","protected":false},"author":1965,"featured_media":0,"comment_status":"closed","ping_status":"closed","sticky":false,"template":"","format":"standard","meta":{"fifu_image_url":"","fifu_image_alt":"","footnotes":""},"categories":[73,82],"tags":[],"class_list":["post-34559","post","type-post","status-publish","format-standard","hentry","category-actualite","category-cameroun"],"_links":{"self":[{"href":"https:\/\/linitiative.ca\/International\/wp-json\/wp\/v2\/posts\/34559","targetHints":{"allow":["GET"]}}],"collection":[{"href":"https:\/\/linitiative.ca\/International\/wp-json\/wp\/v2\/posts"}],"about":[{"href":"https:\/\/linitiative.ca\/International\/wp-json\/wp\/v2\/types\/post"}],"author":[{"embeddable":true,"href":"https:\/\/linitiative.ca\/International\/wp-json\/wp\/v2\/users\/1965"}],"replies":[{"embeddable":true,"href":"https:\/\/linitiative.ca\/International\/wp-json\/wp\/v2\/comments?post=34559"}],"version-history":[{"count":0,"href":"https:\/\/linitiative.ca\/International\/wp-json\/wp\/v2\/posts\/34559\/revisions"}],"wp:attachment":[{"href":"https:\/\/linitiative.ca\/International\/wp-json\/wp\/v2\/media?parent=34559"}],"wp:term":[{"taxonomy":"category","embeddable":true,"href":"https:\/\/linitiative.ca\/International\/wp-json\/wp\/v2\/categories?post=34559"},{"taxonomy":"post_tag","embeddable":true,"href":"https:\/\/linitiative.ca\/International\/wp-json\/wp\/v2\/tags?post=34559"}],"curies":[{"name":"wp","href":"https:\/\/api.w.org\/{rel}","templated":true}]}}