{"id":34589,"date":"2019-05-15T05:26:25","date_gmt":"2019-05-15T09:26:25","guid":{"rendered":"https:\/\/linitiative.ca\/International\/attractivite-il-y-a-trois-ans-la-conference-invertir-au-cameroun\/"},"modified":"2019-05-15T05:26:25","modified_gmt":"2019-05-15T09:26:25","slug":"attractivite-il-y-a-trois-ans-la-conference-invertir-au-cameroun","status":"publish","type":"post","link":"https:\/\/linitiative.ca\/International\/attractivite-il-y-a-trois-ans-la-conference-invertir-au-cameroun\/","title":{"rendered":"Attractivit\u00e9 : Il y a trois ans, la conf\u00e9rence \u00ab Invertir au Cameroun \u00bb"},"content":{"rendered":"<p>Les 17 et 18 mai 2016, \u00e0 l\u2019initiative de la pr\u00e9sidence de la R\u00e9publique, Yaound\u00e9 a accueilli plus de 800 hautes personnalit\u00e9s du monde des affaires, de l\u2019\u00e9conomie, de la finance internationale et du monde politique, tous frais pay\u00e9s par le contribuable, dans le cadre de la conf\u00e9rence \u00e9conomique internationale \u00ab <em>Investir au Cameroun, Terre d\u2019attractivit\u00e9s<\/em> \u00bb. L\u2019objectif \u00e9tait, pour les autorit\u00e9s camerounaises, de pr\u00e9senter aux hommes d\u2019affaires, industriels, d\u00e9cideurs\u2026venus d\u2019Afrique et du monde, \u00ab <em>les opportunit\u00e9s consid\u00e9rables<\/em> \u00bb d\u2019investissements dans le pays. Le gouvernement se vantait alors d\u2019avoir pos\u00e9 les jalons d\u2019une meilleure attractivit\u00e9 du Cameroun, avec les nombreux projets structurants lanc\u00e9s au d\u00e9but de la d\u00e9cennie 2010-2020, dans les domaines cl\u00e9s que sont : l\u2019agro-industrie, les infrastructures routi\u00e8res, portuaires et a\u00e9roportuaires, l\u2019\u00e9nergie, l\u2019immobilier, l\u2019am\u00e9nagement urbain, les industries extractives, etc. Et le principal objectif poursuivi par la conf\u00e9rence internationale de Yaound\u00e9 \u00e9tait de trouver des ressources et des partenaires non seulement pour le parach\u00e8vement des projets structurants de premi\u00e8re g\u00e9n\u00e9ration qui constituent une base suffisamment solide pour l\u2019industrialisation du Cameroun, mais aussi pour le lancement des projets structurants de seconde g\u00e9n\u00e9ration.<\/p>\n<hr\/>\n<h4><strong>>> Lire aussi \u2013 <a title=\"Climat des affaires: le Cameroun class\u00e9 pays \u00e0 risque \u00e9lev\u00e9 par la Coface en 2019\" href=\"https:\/\/ecomatin.net\/climat-des-affaires-le-cameroun-classe-pays-a-risque-eleve-par-la-coface-en-2019\/\" target=\"_blank\" rel=\"noopener noreferrer\">Climat des affaires: le Cameroun class\u00e9 pays \u00e0 risque \u00e9lev\u00e9 par la Coface en 2019<\/a><br \/><\/strong><\/h4>\n<hr\/>\n<p>A l\u2019ouverture des travaux, le chef de l\u2019Etat avait assur\u00e9 : \u00ab Avec le d\u00e9veloppement de notre capacit\u00e9 \u00e9nerg\u00e9tique en cours, nous allons pouvoir transformer nos mati\u00e8res premi\u00e8res d\u2019origine agricole, mini\u00e8re et \u00e0 partir de nos gisements d\u2019hydrocarbures, jeter les bases d\u2019une industrie chimique. Parall\u00e8lement, nous continuerons \u00e0 d\u00e9velopper notre industrie de l\u2019aluminium et \u00e0 utiliser le gaz comme source d\u2019\u00e9nergie pour nos usines. Nous avons prouv\u00e9 ainsi, que nous sommes capables de sortir de l\u2019\u00e9conomie de traite o\u00f9 nous avons \u00e9t\u00e9 longtemps confin\u00e9s \u00bb.<\/p>\n<hr\/>\n<h4><strong>>> Lire aussi \u2013 <a title=\"Electricit\u00e9 : un secteur de plus en plus attractif au Cameroun\" href=\"https:\/\/ecomatin.net\/electricite-un-secteur-de-plus-en-plus-attractif-au-cameroun\/\" target=\"_blank\" rel=\"noopener noreferrer\">Electricit\u00e9 : un secteur de plus en plus attractif au Cameroun<\/a><br \/><\/strong><\/h4>\n<hr\/>\n<p>Plusieurs recommandations avaient \u00e9t\u00e9 prises au terme des travaux pr\u00e9sid\u00e9s par le pr\u00e9sident de la R\u00e9publique, Paul Biya, en personne (voir encadr\u00e9). Trois ans apr\u00e8s, le gouvernement n\u2019est pas capable de pr\u00e9senter un seul projet, fruit de ce rendez-vous organis\u00e9 tambours battants et \u00e0 coup de milliards Fcfa. Personne ne sait ce qu\u2019est devenue la convention de financement d\u2019un montant de <strong>150 milliards Fcfa<\/strong>, la seule sign\u00e9e en marge de cet \u00e9v\u00e9nement, entre La Cameroon Telecommunications (Camtel) et l\u2019entreprise am\u00e9ricaine <strong>William F. Clark and Co Llp<\/strong>. L\u2019ex-directeur g\u00e9n\u00e9ral de Camtel, <strong>David Nkoto Emane<\/strong> avait expliqu\u00e9, s\u2019agissant de ce qui devait \u00eatre fait des fonds mis \u00e0 la disposition de son entreprise par William F. Clark and Co Llp, que les 2\/3, soit <strong>100 milliards Fcfa<\/strong>, allaient servir \u00e0 la construction, au Boulevard du 20 mai \u00e0 Yaound\u00e9, de tours jumelles de 25 niveaux chacune, dont l\u2019une devait servir de futur si\u00e8ge \u00e0 l\u2019op\u00e9rateur public des t\u00e9l\u00e9communications, et l\u2019autre pour un h\u00f4tel 5 \u00e9toiles, des restaurants, etc.<\/p>\n<hr\/>\n<h4><strong>>> Lire aussi \u2013 <a title=\"Business: le Cameroun pas toujours assez attractif\" href=\"https:\/\/ecomatin.net\/business-le-cameroun-pas-toujours-assez-attractif\/\" target=\"_blank\" rel=\"noopener noreferrer\">Business: le Cameroun pas toujours assez attractif<\/a><br \/><\/strong><\/h4>\n<hr\/>\n<p>Pr\u00e9sent \u00e0 Yaound\u00e9, l\u2019ancien pr\u00e9sident de la Commission europ\u00e9enne, Emmanuel Barroso, avait lanc\u00e9 : \u00ab<em>l\u2019Afrique a besoin des infrastructures en termes d\u2019\u00e9nergie, des transports, que ce soit des routes, des chemins de fer mais aussi du num\u00e9rique, du digital, des t\u00e9l\u00e9communications<\/em>\u00bb. Sur le plan interne, il avait pr\u00f4n\u00e9 l\u2019\u00c9tat de droit, l\u2019ouverture d\u00e9mocratique, l\u2019acc\u00e8s \u00e0 l\u2019\u00e9ducation, l\u2019am\u00e9lioration du climat des affaires, etc. De m\u00eame, le haut fonctionnaire europ\u00e9en avait appel\u00e9 \u00e0 l\u2019acc\u00e9l\u00e9ration du processus d\u2019int\u00e9gration r\u00e9gionale. Les autorit\u00e9s camerounaises semblent encore se presser tr\u00e8s lentement sur la question. Cons\u00e9quence, l\u2019entr\u00e9e en vigueur annonc\u00e9e, le 30 mai prochain, de la Zone de libre-\u00e9change continentale (Zlec) africaine, se fera sans le Cameroun qui n\u2019a toujours pas ratifi\u00e9 l\u2019accord y relatif, alors qu\u2019il avait \u00e9t\u00e9 parmi les premiers pays \u00e0 le signer en mars 2018 \u00e0 Kigali, au Rwanda.<\/p>\n<table class=\"c2\" border=\"1\" width=\"100%\" cellspacing=\"1\" cellpadding=\"1\">\n<tbody readability=\"10.5\">\n<tr readability=\"35\">\n<td readability=\"31\">D\u00e9claration de la Conf\u00e9rence \u00ab investir au Cameroun, terre d\u2019attractivit\u00e9s \u00bbI) Les hautes personnalit\u00e9s du monde des affaires de l\u2019\u00e9conomie, de la finance Internationale et du monde politique saluent cette initiative dont le format in\u00e9dit a permis d\u2019allier r\u00e9flexions en pl\u00e9ni\u00e8re aux rencontres en ateliers entre porteurs de projets tant publics que priv\u00e9s et investisseurs \u00e9trangers et nationaux. Cette conf\u00e9rence a ainsi cr\u00e9\u00e9 un v\u00e9ritable march\u00e9 des investissements.<\/p>\n<p>II) Les hautes personnalit\u00e9s ont eu, dans une atmosph\u00e8re franche et cordiale, des \u00e9changes approfondis sur la contribution du secteur priv\u00e9 \u00e0 la croissance de l\u2019Afrique en g\u00e9n\u00e9ral et plus sp\u00e9ciale.<\/p>\n<p>III) A l\u2019issue des interventions en pl\u00e9ni\u00e8re et des \u00e9changes dans les tables rondes, les hautes personnalit\u00e9s ont adopt\u00e9 les recommandations ci-apr\u00e8s pour un plan d\u2019action en r\u00e9ponse \u00e0 l\u2019appel et aux attentes, du pr\u00e9sident de la R\u00e9publique, contenus dans son discours d\u2019ouverture : (1) Prendre acte des recommandations formul\u00e9es pendant ces deux jours pour favoriser l\u2019investissement priv\u00e9 qui est au c\u0153ur de toute croissance. (2) Renouveler l\u2019engagement d\u2019\u00eatre davantage encore aux cot\u00e9s des acteurs du secteur priv\u00e9 pour faciliter leurs d\u00e9marches et les accompagner dans la r\u00e9alisation effective de leurs projets au Cameroun. (3) Prendre les mesures prioritaires ci-apr\u00e8s : 3.1- Mise en place \u00e0 un niveau appropri\u00e9, d\u2019un conseil l\u00e9ger pour le suivi du financement et de la r\u00e9alisation des projets identifi\u00e9s et pr\u00e9sent\u00e9s au cours de la Conf\u00e9rence ; 3.2- Facilitation de l\u2019obtention des visas pour les hommes d\u2019affaires avec d\u00e9mat\u00e9rialisation des d\u00e9marches (mise en place d\u2019une proc\u00e9dure de visa on line) et, en attendant, l\u2019octroi g\u00e9n\u00e9ralis\u00e9 des visas au d\u00e9barquement ; 3.3- Cr\u00e9ation des zones \u00e9conomiques sp\u00e9ciales; 3.4- Encouragement des investissements priv\u00e9s par des facilit\u00e9s fiscales et administratives et une administration plus performante ; 3.5- Renforcement des liens avec les pays voisins de la CEMAC et du Nig\u00e9ria, pour accro\u00eetre la taille du march\u00e9 r\u00e9gional. (4) Prendre des actions dans l\u2019int\u00e9r\u00eat des camerounais. C\u2019est bien pour eux et avec eux que le d\u00e9collage \u00e9conomique du Cameroun doit \u00eatre acc\u00e9l\u00e9r\u00e9. A cet \u00e9gard, il importe de : 4.1 Mettre l\u2019homme au c\u0153ur de toute initiative \u00e9conomique en veillant notamment \u00e0 ce que chaque projet contribue r\u00e9ellement \u00e0 l\u2019emploi et \u00e0 l\u2019am\u00e9lioration des conditions de vie des populations ; 4.2 Favoriser une croissance et un d\u00e9veloppement durables respectueux de la nature et des g\u00e9n\u00e9rations \u00e0 venir ; 4.3 Acc\u00e9l\u00e9rer la formation des jeunes g\u00e9n\u00e9rations aux nouvelles technologies qui sont cr\u00e9atrices d\u2019emploi ; 4.4 Acc\u00e9l\u00e9rer la formation professionnelle des techniciens et des ing\u00e9nieurs, si indispensables \u00e0 l\u2019industrialisation du pays, notamment pour les projets structurants et notre \u00e9conomie agricole.<\/p>\n<p>IV) Les hautes personnalit\u00e9s du monde des affaires de l\u2019\u00e9conomie, de la finance internationale et du monde politique r\u00e9unies \u00e0 Yaound\u00e9 se feront les porte-parole de ce qu\u2019ils ont entendu, vu et v\u00e9cu au cours de ces deux jours d\u2019intenses et fructueux \u00e9changes. Elles remercient les autorit\u00e9s camerounaises et les populations de Yaound\u00e9 pour leur accueil.<\/p>\n<\/td>\n<\/tr>\n<\/tbody>\n<\/table>\n<p>Par ailleurs, dans le Doing Business 2019, le classement de la Banque mondiale des pays les plus attractifs en mati\u00e8re d\u2019investissements, le Cameroun perd jusqu\u2019\u00e0 trois places. Le pays y occupe le 20e rang en Afrique (sur 54 pays) et le 129e mondial (sur 190 \u00e9conomies) en mati\u00e8re de r\u00e9glementations prises pour faciliter l\u2019acc\u00e8s des nouvelles entreprises au r\u00e9seau d\u2019\u00e9lectricit\u00e9. Compar\u00e9 \u00e0 la moyenne de l\u2019Afrique subsaharienne (112 jours et 5,2 proc\u00e9dures pour le raccordement au r\u00e9seau), la Banque mondiale estime qu\u2019il faut en moyenne 64 jours et 04 proc\u00e9dures au Cameroun. Cons\u00e9quence, le stock des investissements priv\u00e9s reste insuffisant.<\/p>\n<hr\/>\n<h4><strong>>> Lire aussi \u2013 <a title=\"Climat des affaires : 10 nouvelles recommandations pour le CBF 2019\" href=\"https:\/\/ecomatin.net\/cameroon-business-forum-bilan-mitige-10-ans-apres\/\" target=\"_blank\" rel=\"noopener noreferrer\">Climat des affaires : 10 nouvelles recommandations pour le CBF 2019<\/a><br \/><\/strong><\/h4>\n<hr\/>\n<p>Or, lors de la conf\u00e9rence internationale de Yaound\u00e9, Paul Biya promettait que son gouvernement et lui-m\u00eame allaient \u00ab <em>am\u00e9liorer l\u2019environnement des affaires, en assurant aux op\u00e9rateurs \u00e9conomiques une s\u00e9curit\u00e9 juridique convenable, un traitement fiscal \u00e9quitable et de meilleures garanties pour les investissements<\/em> \u00bb. Car, en \u00e9tai-t-il conscient, \u00ab <em>l\u2019\u00e9tablissement d\u2019un climat de confiance entre l\u2019\u00c9tat et le secteur priv\u00e9, qui pourrait donner naissance \u00e0 un v\u00e9ritable partenariat, serait une donn\u00e9e essentielle de la croissance<\/em>\u00bb. Alors que les autorit\u00e9s n\u2019en parlent presque plus, dans un contexte marqu\u00e9 par une mont\u00e9e spectaculaire des tensions s\u00e9curitaires, la conf\u00e9rence \u00ab <em>Investir au Cameroun, terre d\u2019attractivit\u00e9s<\/em> \u00bb, laisse l\u2019impression d\u2019avoir \u00e9t\u00e9 un rendez-vous pour rien.<\/p>\n<div class=\"awac-wrapper awac widget blog_subscription-2\">\n<h4 class=\"widget-title\">Abonnez-vous \u00e0 notre lettre d&rsquo;information<\/h4>\n<\/div>\n<p>Auteur: nassere1234<br \/>\n<a href=\"https:\/\/ecomatin.net\/attractivite-il-y-a-trois-ans-la-conference-invertir-au-cameroun\/\">Cliquez ici pour lire l&rsquo;article depuis sa source.<\/a><\/p>\n","protected":false},"excerpt":{"rendered":"<p>Les 17 et 18 mai 2016, \u00e0 l\u2019initiative de la pr\u00e9sidence de la R\u00e9publique, Yaound\u00e9 a accueilli plus de 800 hautes personnalit\u00e9s du monde des affaires, de l\u2019\u00e9conomie, de la finance internationale et du monde politique, tous frais pay\u00e9s par le contribuable, dans le cadre de la conf\u00e9rence \u00e9conomique internationale \u00ab Investir au Cameroun, Terre [&hellip;]<\/p>\n","protected":false},"author":1969,"featured_media":0,"comment_status":"closed","ping_status":"closed","sticky":false,"template":"","format":"standard","meta":{"fifu_image_url":"","fifu_image_alt":"","footnotes":""},"categories":[82,78],"tags":[],"class_list":["post-34589","post","type-post","status-publish","format-standard","hentry","category-cameroun","category-economie"],"_links":{"self":[{"href":"https:\/\/linitiative.ca\/International\/wp-json\/wp\/v2\/posts\/34589","targetHints":{"allow":["GET"]}}],"collection":[{"href":"https:\/\/linitiative.ca\/International\/wp-json\/wp\/v2\/posts"}],"about":[{"href":"https:\/\/linitiative.ca\/International\/wp-json\/wp\/v2\/types\/post"}],"author":[{"embeddable":true,"href":"https:\/\/linitiative.ca\/International\/wp-json\/wp\/v2\/users\/1969"}],"replies":[{"embeddable":true,"href":"https:\/\/linitiative.ca\/International\/wp-json\/wp\/v2\/comments?post=34589"}],"version-history":[{"count":0,"href":"https:\/\/linitiative.ca\/International\/wp-json\/wp\/v2\/posts\/34589\/revisions"}],"wp:attachment":[{"href":"https:\/\/linitiative.ca\/International\/wp-json\/wp\/v2\/media?parent=34589"}],"wp:term":[{"taxonomy":"category","embeddable":true,"href":"https:\/\/linitiative.ca\/International\/wp-json\/wp\/v2\/categories?post=34589"},{"taxonomy":"post_tag","embeddable":true,"href":"https:\/\/linitiative.ca\/International\/wp-json\/wp\/v2\/tags?post=34589"}],"curies":[{"name":"wp","href":"https:\/\/api.w.org\/{rel}","templated":true}]}}