{"id":34590,"date":"2019-05-15T06:30:54","date_gmt":"2019-05-15T10:30:54","guid":{"rendered":"https:\/\/linitiative.ca\/International\/par-dieudonne-essomba-le-dialogue-prone-par-le-chef-de-letat-est-une-bonne-option\/"},"modified":"2019-05-15T06:30:54","modified_gmt":"2019-05-15T10:30:54","slug":"par-dieudonne-essomba-le-dialogue-prone-par-le-chef-de-letat-est-une-bonne-option","status":"publish","type":"post","link":"https:\/\/linitiative.ca\/International\/par-dieudonne-essomba-le-dialogue-prone-par-le-chef-de-letat-est-une-bonne-option\/","title":{"rendered":"Par Dieudonne Essomba -Le dialogue pr\u00f4n\u00e9 par le Chef de l\u2019Etat est une bonne option"},"content":{"rendered":"<p><a href=\"https:\/\/i0.wp.com\/ecomatin.net\/wp-content\/uploads\/2019\/05\/ecomatin.net-par-dieudonne-essomba-le-dialogue-prone-par-le-chef-de-letat-est-une-bonne-option-dieudonnessomba.jpg?ssl=1\"><\/p>\n<p><img loading=\"lazy\" decoding=\"async\" data-attachment-id=\"8204\" data-permalink=\"https:\/\/ecomatin.net\/par-dieudonne-essomba-le-dialogue-prone-par-le-chef-de-letat-est-une-bonne-option\/dieudonnessomba\/\" data-orig-file=\"https:\/\/i0.wp.com\/ecomatin.net\/wp-content\/uploads\/2019\/05\/ecomatin.net-par-dieudonne-essomba-le-dialogue-prone-par-le-chef-de-letat-est-une-bonne-option-dieudonnessomba.jpg?fit=562%2C391&#038;ssl=1\" data-orig-size=\"562,391\" data-comments-opened=\"0\" data-image-meta=\"{\"aperture\":\"0\",\"credit\":\"\",\"camera\":\"\",\"caption\":\"\",\"created_timestamp\":\"0\",\"copyright\":\"\",\"focal_length\":\"0\",\"iso\":\"0\",\"shutter_speed\":\"0\",\"title\":\"\",\"orientation\":\"0\"}\" data-image-title=\"DieudonnEssomba\" data-image-description=\"\" data-medium-file=\"https:\/\/i0.wp.com\/ecomatin.net\/wp-content\/uploads\/2019\/05\/ecomatin.net-par-dieudonne-essomba-le-dialogue-prone-par-le-chef-de-letat-est-une-bonne-option-dieudonnessomba.jpg?fit=300%2C209&#038;ssl=1\" data-large-file=\"https:\/\/i0.wp.com\/ecomatin.net\/wp-content\/uploads\/2019\/05\/ecomatin.net-par-dieudonne-essomba-le-dialogue-prone-par-le-chef-de-letat-est-une-bonne-option-dieudonnessomba.jpg?fit=562%2C391&#038;ssl=1\" class=\" wp-image-8204 alignleft\" src=\"https:\/\/i0.wp.com\/ecomatin.net\/wp-content\/uploads\/2019\/05\/ecomatin.net-par-dieudonne-essomba-le-dialogue-prone-par-le-chef-de-letat-est-une-bonne-option-dieudonnessomba.jpg?resize=246%2C171&#038;ssl=1\" alt=\"\" width=\"246\" height=\"171\" srcset=\"https:\/\/i0.wp.com\/ecomatin.net\/wp-content\/uploads\/2019\/05\/ecomatin.net-par-dieudonne-essomba-le-dialogue-prone-par-le-chef-de-letat-est-une-bonne-option-dieudonnessomba.jpg?w=562&#038;ssl=1 562w, https:\/\/i0.wp.com\/ecomatin.net\/wp-content\/uploads\/2019\/05\/ecomatin.net-par-dieudonne-essomba-le-dialogue-prone-par-le-chef-de-letat-est-une-bonne-option-dieudonnessomba.jpg?resize=300%2C209&#038;ssl=1 300w\" sizes=\"auto, (max-width: 246px) 100vw, 246px\" data-recalc-dims=\"1\"\/><\/p>\n<p><\/a>En envoyant son Premier Ministre dans la Zone Anglophone proposer le dialogue sur tous les th\u00e8mes en dehors de la S\u00e9cession, le Pr\u00e9sident Biya a d\u00e9rout\u00e9 tous les int\u00e9gristes !<\/p>\n<p>D\u2019abord les va-t-en -guerre de son propre camp, totalement incapables de comprendre les enjeux et dont la folie conduisait le pays dans l\u2019\u00e9pouvante et l\u2019horreur ! Face \u00e0 des faits concrets, face \u00e0 des tragiques r\u00e9alit\u00e9s humaines, face aux menaces qui s\u2019amoncelaient sur la t\u00eate du Cameroun avec l\u2019internationalisation du conflit, ce groupuscule obtus a continu\u00e9 \u00e0 opposer des principes st\u00e9riles et sanguinaires tir\u00e9s de livres de philosophie et de droit \u00e9trangers.<\/p>\n<blockquote readability=\"8\">\n<p>En effet, toute S\u00e9cession se nourrit du centralisme qui lui permet de justifier son combat. La S\u00e9cession arm\u00e9e est n\u00e9e le jour o\u00f9 le Chef de l\u2019Etat a d\u00e9clar\u00e9 que la \u00ab <em>forme de l\u2019Etat est non-n\u00e9gociable<\/em> \u00bb.<\/p>\n<\/blockquote>\n<p><strong>Les plus obtus<\/strong> \u00e9voquaient comme des perroquets la Guerre de s\u00e9cession am\u00e9ricaine pour justifier des massacres, en oubliant les guerres qui ont conduit \u00e0 des S\u00e9cessions r\u00e9elles sur le territoire africain, comme l\u2019Erythr\u00e9e, le Soudan du Sud, ou le Somaliland qui doivent plut\u00f4t nous inspirer, parce qu\u2019il s\u2019agit des r\u00e9pliques exactes du Cameroun : ce sont des pays n\u00e9s f\u00e9d\u00e9raux, mais dont les dirigeants ont malencontreusement supprim\u00e9 l\u00e9 F\u00e9d\u00e9ration, soi-disant pour r\u00e9aliser l\u2019unit\u00e9 nationale. Le Cameroun qui avait suivi le m\u00eame parcours ne pouvait pas \u00e9chapper au m\u00eame destin.<\/p>\n<p><strong>C\u2019\u00e9tait l\u2019\u00e9vidence m\u00eame et le Pr\u00e9sident Biya a eu raison d\u2019arr\u00eater cette machine infernale.<\/strong><\/p>\n<p><strong>Le second groupe<\/strong> que le Pr\u00e9sident Biya a lob\u00e9 est, naturellement, la S\u00e9cession dont la pire crainte \u00e9tait l\u2019\u00e9volution de la position du Gouvernement vers le f\u00e9d\u00e9ralisme. En effet, toute S\u00e9cession se nourrit du centralisme qui lui permet de justifier son combat. La S\u00e9cession arm\u00e9e est n\u00e9e le jour o\u00f9 le Chef de l\u2019Etat a d\u00e9clar\u00e9 que la \u00ab <em>forme de l\u2019Etat est non-n\u00e9gociable<\/em> \u00bb.<\/p>\n<blockquote readability=\"12\">\n<p>Secr\u00e8tement, les Chefs S\u00e9cessionnistes se f\u00e9licitaient de l\u2019ent\u00eatement du Gouvernement et surtout, de sa logique suicidaire d\u2019affaiblissement des F\u00e9d\u00e9ralistes. Car il faut le dire, si les F\u00e9d\u00e9ralistes sont des adversaires politiques des Unitaristes, ils sont les pires ennemies des S\u00e9cessionnistes qui les d\u00e9testent comme des serpents venimeux<\/p>\n<\/blockquote>\n<p>Les S\u00e9cessionnistes, qui avaient \u00e9volu\u00e9 de mani\u00e8re larvaire jusque-l\u00e0 y trouv\u00e8rent fortuitement le plus puissant argument de persuasion \u00e0 leur cause. Ils n\u2019avaient alors qu\u2019\u00e0 dire aux Anglophones : \u00ab <em>Vous voyez ce que nous vous disions ? Nous sommes venus \u00e0 ces gens comme un Etat autonome, maintenant, nous n\u2019existons plus ! Ils nous ont totalement absorb\u00e9s, nous ne sommes plus rien ! Nous avons \u00e9t\u00e9 dig\u00e9r\u00e9s, assimil\u00e9s, an\u00e9antis !<\/em> \u00bb<\/p>\n<p>Un discours inaudible jusque-l\u00e0 a trouv\u00e9 des oreilles tr\u00e8s attentives, poussant les jeunes Anglophones \u00e0 engager f\u00e9rocement ce qu\u2019ils appellent une \u00ab <em>guerre de lib\u00e9ration<\/em> \u00bb.<\/p>\n<p>Secr\u00e8tement, les Chefs S\u00e9cessionnistes se f\u00e9licitaient de l\u2019ent\u00eatement du Gouvernement et surtout, de sa logique suicidaire d\u2019affaiblissement des F\u00e9d\u00e9ralistes. Car il faut le dire, si les F\u00e9d\u00e9ralistes sont des adversaires politiques des Unitaristes, ils sont les pires ennemies des S\u00e9cessionnistes qui les d\u00e9testent comme des serpents venimeux. De fait, le F\u00e9d\u00e9ralisme \u00e9puise l\u2019attractivit\u00e9 de la S\u00e9cession, car de mani\u00e8re anthropologique, les peuples pr\u00e9f\u00e8rent une autonomie f\u00e9d\u00e9rale qui pr\u00e9sente l\u2019avantage de leur donner une grande marge de man\u0153uvre pour r\u00e9soudre leurs propres probl\u00e8mes tout en d\u00e9l\u00e9guant certaines d\u00e9penses trop lourdes \u00e0 une entit\u00e9 sup\u00e9rieure.<\/p>\n<blockquote readability=\"7\">\n<p><strong>Le dernier groupe<\/strong> que Biya a d\u00e9rout\u00e9 est form\u00e9 d\u2019opportunistes qui ont esp\u00e9r\u00e9 prendre le pouvoir en profitant de la situation, pour faire du Biya \u00e0 la place de Biya<\/p>\n<\/blockquote>\n<p>En ouvrant la possibilit\u00e9 de discuter de la forme de l\u2019Etat, le Pr\u00e9sident Biya a assen\u00e9 un coup tr\u00e8s dur au belliqueux <strong>AYABA CHO<\/strong> et ses bandes imp\u00e9tueuses et acharn\u00e9es.<\/p>\n<p>Cette position du Chef de l\u2019Etat est en r\u00e9alit\u00e9 plus efficace contre la S\u00e9cession que les armes ! Elle remet en selle les pires ennemis de la S\u00e9cession, les F\u00e9d\u00e9ralistes qui \u00e9prouvent toujours leur amour du Cameroun, m\u00eame s\u2018ils n\u2019adh\u00e8rent pas \u00e0 l\u2019id\u00e9ologique unitariste qui n\u2019a d\u2019ailleurs aucun fondement ni \u00e9conomique, ni sociologique, ni anthropologique, ni politique.<\/p>\n<p><strong>Le dernier groupe<\/strong> que Biya a d\u00e9rout\u00e9 est form\u00e9 d\u2019opportunistes qui ont esp\u00e9r\u00e9 prendre le pouvoir en profitant de la situation, pour faire du Biya \u00e0 la place de Biya. Dans ce lot se d\u00e9tache le MRC de Kamto qui a tent\u00e9 de fusionner sa fausse cause perdue de \u00ab <em>victoire vol\u00e9e<\/em> \u00bb avec le probl\u00e8me anglophone.<\/p>\n<p>En rappel, le MRC fut cr\u00e9\u00e9 par un ramassis d\u2019intellectuels opportunistes comme instrument de n\u00e9gociation des strapontins aupr\u00e8s du r\u00e9gime de Biya. En s\u2019en appropriant, le sieur Kamto a d\u00e9voy\u00e9 cet objectif ignoble en le rempla\u00e7ant par un objectif plus ignoble encore, celui de prendre le pouvoir sur des bases tribales en surfant sur les r\u00eaves et les frustrations de sa Communaut\u00e9 qu\u2019il croyait suffisamment nombreuse et puissante pour en imposer aux autres et basculer l\u2019\u00e9lection en sa faveur.<\/p>\n<p><strong>Mal lui a pris !<\/strong><\/p>\n<p>C\u2019est un imposteur qui a tent\u00e9 de jouer sur l\u2019affectivit\u00e9 communautariste et l\u2019escroquerie intellectuelle. Son programme est un bric-\u00e0-brac de projets messianistes, sans la moindre prise avec les enjeux strat\u00e9giques du Cameroun. Rien sur la forme de l\u2019Etat, rien sur la monnaie, rien sur les strat\u00e9gies \u00e9conomiques avec l\u2019ext\u00e9rieur !<\/p>\n<p>Toujours fuyant, opportuniste et sournois, il voulait manger \u00e0 tous les r\u00e2teliers politiques, promettait tout et son contraire, uniquement t\u00e9tanis\u00e9, obnubil\u00e9 par le pouvoir d\u2019Etat !<\/p>\n<blockquote readability=\"10\">\n<p>Nous devons retrouver la paix et pour cela, il est n\u00e9cessaire d\u2019int\u00e9grer de mani\u00e8re d\u00e9finitive et irr\u00e9versible que l\u2019Etat unitaire, c\u2019est termin\u00e9 au Cameroun. Il ne faut pas tenter de le sauver, car c\u2019est le terme <em>\u00ab unitaire<\/em> \u00bb qui est lui-m\u00eame le carburant de la guerre.<\/p>\n<\/blockquote>\n<p>Maintenant que les choses se pr\u00e9cisent et que le Cameroun va \u00e0 la F\u00e9d\u00e9ration, cette racaille a int\u00e9r\u00eat \u00e0 se tenir tranquille ! Ils doivent mettre fin \u00e0 leurs provocations permanentes et leurs marches de d\u00e9fi permanent, et comprendre d\u00e9finitivement que leur com\u00e9die est totalement pass\u00e9e de mode et qu\u2019ils ont cess\u00e9 d\u2019\u00eatre amusants !<\/p>\n<p>Lors de son discours de fin d\u2019ann\u00e9e, le Chef de l\u2019Etat a dit : \u00ab <em>Le septennat qui vient de commencer devrait \u00eatre d\u00e9cisif pour notre pays. Il pourrait m\u00eame \u00eatre l\u2019un des moments les plus importants de notre histoire depuis notre ind\u00e9pendance.<\/em> \u00bb. Effectivement, ce septennat sera fondamental ! Il signera une rupture d\u00e9finitive dans le cours du Cameroun et pour la refondation de notre pays. Nous devons retrouver la paix et pour cela, il est n\u00e9cessaire d\u2019int\u00e9grer de mani\u00e8re d\u00e9finitive et irr\u00e9versible que l\u2019Etat unitaire, c\u2019est termin\u00e9 au Cameroun. Il ne faut pas tenter de le sauver, car c\u2019est le terme <em>\u00ab unitaire<\/em> \u00bb qui est lui-m\u00eame le carburant de la guerre. Tant que ce mot figure dans la constitution, la S\u00e9cession ne d\u00e9sarmera pas et l\u2019Arm\u00e9e Nationale n\u2019en viendra jamais \u00e0 bout.<\/p>\n<p>Nous pouvons ind\u00e9finiment emp\u00eacher la S\u00e9cession, mais nous n\u2019avons pas les moyens politiques, \u00e9conomiques, financiers diplomatiques et strat\u00e9giques pour en venir \u00e0 bout par des moyens militaires. Cette s\u00e9cession va nous \u00e9puiser et nous mettre \u00e0 genoux et le seul moyen d\u2019en sortir, c\u2019est de l\u2019\u00e9trangler en allant \u00e0 la F\u00e9d\u00e9ration. Mais aller \u00e0 la F\u00e9d\u00e9ration ne signifie pas la r\u00e9vocation des choix de l\u2019unit\u00e9 nationale qui avaient \u00e9t\u00e9 faits, ni l\u2019\u00e9chec de l\u2019Etat unitaire. Il suffit de constater que l\u2019Etat unitaire a jou\u00e9 son r\u00f4le historique puisqu\u2019il a permis d\u2019asseoir une vision op\u00e9rationnelle de l\u2018unit\u00e9 nationale et la mise en place des bases d\u2019une infrastructure \u00e9conomique relativement solide.<\/p>\n<p>Mais il a fait son temps et comme tout instrument obsol\u00e8te, il est devenu dangereux pour l\u2018unit\u00e9 nationale qu\u2019il a pu fabriquer. Il a d\u00e9velopp\u00e9 une comp\u00e9tition intercommunautaire explosive sur les avantages publics que sont :<br \/>\u2013 les emplois publics, avec les r\u00e9criminations qui apparaissent \u00e0 tout recrutement ;<br \/>-les positions de pouvoir, avec ces r\u00e9clamations incessantes de postes de Ministres, ces batailles incessantes sur fond communautaire sur des postes \u00e9lectifs ;<br \/>-les infrastructures collectives<br \/>-les rentes de situation (march\u00e9s publics, licences, subventions, etc.)<\/p>\n<p>On ne peut pas continuer avec un tel mod\u00e8le, lorsqu\u2019on voit les pr\u00e9mices de ce qui risque se passer pour le poste de prochain Pr\u00e9sident qui va se jouer \u00e0 la machette si son pouvoir monstrueux est maintenu. Il est absolument n\u00e9cessaire de l\u2019\u00e9parpiller aupr\u00e8s des Etats R\u00e9gionaux. Du reste, cet Etat unitaire nous a cr\u00e9\u00e9 une S\u00e9cession alors qu\u2019il pr\u00e9tendait l\u2019\u00e9viter.<\/p>\n<p>Pour sauver le Cameroun, nous devons changer de perspective et consid\u00e9rer l\u2019Etat unitaire, non pas comme une option d\u00e9finitive, mais comme une solution de transition qui devait nous faire partir d\u2019une F\u00e9d\u00e9ration fond\u00e9e sur des bases coloniales \u00e0 une F\u00e9d\u00e9ration fond\u00e9e sur des r\u00e9f\u00e9rents autochtones. Et c\u2019est d\u2019ailleurs l\u00e0 le message des F\u00e9d\u00e9ralistes anglophones comme <strong>Chief Mukete<\/strong> dont on ne peut soup\u00e7onner du moindre anticamerounit\u00e9, ainsi que de partis comme le SDF.<\/p>\n<p><strong>En r\u00e9alit\u00e9, c\u2019est eux qui ont raison !<\/strong><\/p>\n<p>Allons \u00e0 la f\u00e9d\u00e9ration en transformant les R\u00e9gions actuelle en Etats F\u00e9d\u00e9r\u00e9s. Faute de quoi nous serons contraints, non pas de b\u00e2tir une F\u00e9d\u00e9ration \u00e0 la camerounaise, mais d\u2019aller \u00e0 une Conf\u00e9d\u00e9ration \u00e0 2 Etats qui va d\u00e9finitivement geler la s\u00e9paration Anglophones\/Francophones, annihilant tous les efforts accomplis depuis 1961.<\/p>\n<div class=\"about-author about-author-box container-wrapper\">\n<div class=\"author-avatar\">\n<p><img decoding=\"async\" src=\"http:\/\/\" alt=\"\"\/><\/p>\n<\/div>\n<p><h4>La R\u00e9daction EcoMatin<\/h4>\n<\/p>\n<\/div>\n<div class=\"awac-wrapper awac widget blog_subscription-2\">\n<h4 class=\"widget-title\">Abonnez-vous \u00e0 notre lettre d&rsquo;information<\/h4>\n<\/div>\n<p>Auteur: EcoMatin<br \/>\n<a href=\"https:\/\/ecomatin.net\/par-dieudonne-essomba-le-dialogue-prone-par-le-chef-de-letat-est-une-bonne-option\/\">Cliquez ici pour lire l&rsquo;article depuis sa source.<\/a><\/p>\n","protected":false},"excerpt":{"rendered":"<p>En envoyant son Premier Ministre dans la Zone Anglophone proposer le dialogue sur tous les th\u00e8mes en dehors de la S\u00e9cession, le Pr\u00e9sident Biya a d\u00e9rout\u00e9 tous les int\u00e9gristes ! D\u2019abord les va-t-en -guerre de son propre camp, totalement incapables de comprendre les enjeux et dont la folie conduisait le pays dans l\u2019\u00e9pouvante et l\u2019horreur [&hellip;]<\/p>\n","protected":false},"author":1969,"featured_media":0,"comment_status":"closed","ping_status":"closed","sticky":false,"template":"","format":"standard","meta":{"fifu_image_url":"","fifu_image_alt":"","footnotes":""},"categories":[82,78],"tags":[],"class_list":["post-34590","post","type-post","status-publish","format-standard","hentry","category-cameroun","category-economie"],"_links":{"self":[{"href":"https:\/\/linitiative.ca\/International\/wp-json\/wp\/v2\/posts\/34590","targetHints":{"allow":["GET"]}}],"collection":[{"href":"https:\/\/linitiative.ca\/International\/wp-json\/wp\/v2\/posts"}],"about":[{"href":"https:\/\/linitiative.ca\/International\/wp-json\/wp\/v2\/types\/post"}],"author":[{"embeddable":true,"href":"https:\/\/linitiative.ca\/International\/wp-json\/wp\/v2\/users\/1969"}],"replies":[{"embeddable":true,"href":"https:\/\/linitiative.ca\/International\/wp-json\/wp\/v2\/comments?post=34590"}],"version-history":[{"count":0,"href":"https:\/\/linitiative.ca\/International\/wp-json\/wp\/v2\/posts\/34590\/revisions"}],"wp:attachment":[{"href":"https:\/\/linitiative.ca\/International\/wp-json\/wp\/v2\/media?parent=34590"}],"wp:term":[{"taxonomy":"category","embeddable":true,"href":"https:\/\/linitiative.ca\/International\/wp-json\/wp\/v2\/categories?post=34590"},{"taxonomy":"post_tag","embeddable":true,"href":"https:\/\/linitiative.ca\/International\/wp-json\/wp\/v2\/tags?post=34590"}],"curies":[{"name":"wp","href":"https:\/\/api.w.org\/{rel}","templated":true}]}}