{"id":34593,"date":"2019-05-15T12:02:53","date_gmt":"2019-05-15T16:02:53","guid":{"rendered":"https:\/\/linitiative.ca\/International\/financement-le-cameroun-veut-lever-150-milliards-fcfa-sur-le-marche-monetaire\/"},"modified":"2019-05-15T12:02:53","modified_gmt":"2019-05-15T16:02:53","slug":"financement-le-cameroun-veut-lever-150-milliards-fcfa-sur-le-marche-monetaire","status":"publish","type":"post","link":"https:\/\/linitiative.ca\/International\/financement-le-cameroun-veut-lever-150-milliards-fcfa-sur-le-marche-monetaire\/","title":{"rendered":"Financement: le Cameroun veut lever 150 milliards FCFA sur le march\u00e9 mon\u00e9taire"},"content":{"rendered":"<p>Dans une note du ministre des Finances (<strong>Minfi<\/strong>) parvenue \u00e0 notre r\u00e9daction,\u00a0\u00a0<strong>Louis Paul Motaz\u00e9<\/strong> informe que le Cameroun, d\u00fbment habilit\u00e9 par <strong>d\u00e9cret pr\u00e9sidentiel N\u00b0 2019\/149 du 22 mars 2019<\/strong>, souhaite mobiliser sur le march\u00e9 mon\u00e9taire un montant global de\u00a0<strong>150 milliards FCFA<\/strong>. Ces fonds aideront au financement des projets contenus dans la loi des Finances de 2019 ainsi que divers projets dont les d\u00e9comptes sont encore en instance au Tr\u00e9sor. De mani\u00e8re g\u00e9n\u00e9rale, sont concern\u00e9s\u00a0\u00a0l\u2019\u00e9lectrification rurale par le solaire, l\u2019alimentation en eau potable, les chantiers de la Can, le bitumage des routes ou encore la production de l\u2019\u00e9lectricit\u00e9 \u00e0 Lom Pangar.<\/p>\n<p>Les\u00a0<strong>150 milliards FCFA<\/strong>\u00a0seront lev\u00e9s \u00e0 travers trois \u00e9missions de\u00a0<strong>50 milliards<\/strong>\u00a0<strong>FCFA\u00a0<\/strong>chacune. La premi\u00e8re sera rembours\u00e9e au bout de 3 ans sur un taux d\u2019int\u00e9r\u00eat de\u00a0<strong>4%.<\/strong>\u00a0Pour le deuxi\u00e8me financement, qui sera rembours\u00e9 apr\u00e8s 4 ans, l\u2019Etat propose un taux d\u2019int\u00e9r\u00eat de\u00a0<strong>4<\/strong>,<strong>75%.<\/strong>\u00a0Enfin, la troisi\u00e8me \u00e9mission atteindra la maturit\u00e9 au bout de 5 ans pour un taux de\u00a0<strong>5,60%.<\/strong><\/p>\n<p>L\u2019Etat n\u2019entend pas cantonner l\u2019affaire au march\u00e9 primaire, c\u2019est-\u00e0-dire aux banques. Il entend l\u2019\u00e9tendre au march\u00e9 secondaire o\u00f9 agissent les entreprises et les autres agents \u00e9conomiques. C\u2019est la raison pour laquelle le ministre des Finances,\u00a0<strong>Louis<\/strong>\u00a0<strong>Paul<\/strong>\u00a0<strong>Motaze<\/strong> insiste sur le fait que les banques ayant souscrit aux Obligations du Tr\u00e9sor devront les mettre \u00e0 la disposition de leurs clients. Ceux-ci pourront \u00e0 leur tour faire des souscriptions, surtout que la valeur nominale de l\u2019obligation est fix\u00e9e \u00e0\u00a0<strong>10\u00a0000 FCFA<\/strong>. Par ce m\u00e9canisme, le gouvernement entend int\u00e9resser les \u00e9tablissements de micro finance.\u00a0<em>\u00ab\u00a0Ceux qui n\u2019ont peut-\u00eatre pas la tr\u00e9sorerie pour financer les op\u00e9rations sur 5 ans, pourront facilement souscrire pour les Obligations du Tr\u00e9sor de maturit\u00e9 de 3 ans\u00a0\u00bb,<\/em>\u00a0explique le directeur de la Tr\u00e9sorerie du Minfi,\u00a0<strong>Samuel Tella.<\/strong><\/p>\n<p>Par ailleurs, concernant la premi\u00e8re \u00e9mission d\u2019Ota de\u00a0<strong>50 milliards FCFA<\/strong>, les banques doivent soumettre leurs offres sur la p\u00e9riode indicative allant du 16 au 22 mai 2019. S\u2019agissant de la deuxi\u00e8me ce sera du 23 au 29 mai 2019. Les soumissions pour la troisi\u00e8me \u00e9mission devraient se faire du 26 ao\u00fbt au 13 septembre 2019.<\/p>\n<p>Depuis 2010, ann\u00e9e de son \u00e9mission obligataire inaugurale sur son march\u00e9 financier domestique, le Cameroun a d\u00e9j\u00e0 mobilis\u00e9 un montant de\u00a0<strong>2\u00a0616,31 milliards FCFA<\/strong>\u00a0\u00e0 travers ses diverses interventions sur le march\u00e9 des capitaux.<\/p>\n<div class=\"rpbt_shortcode\">\n<h3>Voir aussi :<\/h3>\n<\/div>\n<div class=\"about-author about-author-box container-wrapper\">\n<div class=\"author-avatar\">\n<p><img decoding=\"async\" src=\"http:\/\/\" alt=\"\"\/><\/p>\n<\/div>\n<p><h4>La R\u00e9daction EcoMatin<\/h4>\n<\/p>\n<\/div>\n<div class=\"awac-wrapper awac widget blog_subscription-2\">\n<h4 class=\"widget-title\">Abonnez-vous \u00e0 notre lettre d&rsquo;information<\/h4>\n<\/div>\n<p>Auteur: EcoMatin<br \/>\n<a href=\"https:\/\/ecomatin.net\/financement-le-cameroun-veut-lever-150-milliards-fcfa-sur-le-marche-monetaire\/\">Cliquez ici pour lire l&rsquo;article depuis sa source.<\/a><\/p>\n","protected":false},"excerpt":{"rendered":"<p>Dans une note du ministre des Finances (Minfi) parvenue \u00e0 notre r\u00e9daction,\u00a0\u00a0Louis Paul Motaz\u00e9 informe que le Cameroun, d\u00fbment habilit\u00e9 par d\u00e9cret pr\u00e9sidentiel N\u00b0 2019\/149 du 22 mars 2019, souhaite mobiliser sur le march\u00e9 mon\u00e9taire un montant global de\u00a0150 milliards FCFA. Ces fonds aideront au financement des projets contenus dans la loi des Finances de [&hellip;]<\/p>\n","protected":false},"author":1969,"featured_media":0,"comment_status":"closed","ping_status":"closed","sticky":false,"template":"","format":"standard","meta":{"fifu_image_url":"","fifu_image_alt":"","footnotes":""},"categories":[82,78],"tags":[],"class_list":["post-34593","post","type-post","status-publish","format-standard","hentry","category-cameroun","category-economie"],"_links":{"self":[{"href":"https:\/\/linitiative.ca\/International\/wp-json\/wp\/v2\/posts\/34593","targetHints":{"allow":["GET"]}}],"collection":[{"href":"https:\/\/linitiative.ca\/International\/wp-json\/wp\/v2\/posts"}],"about":[{"href":"https:\/\/linitiative.ca\/International\/wp-json\/wp\/v2\/types\/post"}],"author":[{"embeddable":true,"href":"https:\/\/linitiative.ca\/International\/wp-json\/wp\/v2\/users\/1969"}],"replies":[{"embeddable":true,"href":"https:\/\/linitiative.ca\/International\/wp-json\/wp\/v2\/comments?post=34593"}],"version-history":[{"count":0,"href":"https:\/\/linitiative.ca\/International\/wp-json\/wp\/v2\/posts\/34593\/revisions"}],"wp:attachment":[{"href":"https:\/\/linitiative.ca\/International\/wp-json\/wp\/v2\/media?parent=34593"}],"wp:term":[{"taxonomy":"category","embeddable":true,"href":"https:\/\/linitiative.ca\/International\/wp-json\/wp\/v2\/categories?post=34593"},{"taxonomy":"post_tag","embeddable":true,"href":"https:\/\/linitiative.ca\/International\/wp-json\/wp\/v2\/tags?post=34593"}],"curies":[{"name":"wp","href":"https:\/\/api.w.org\/{rel}","templated":true}]}}