{"id":34610,"date":"2019-05-16T03:37:54","date_gmt":"2019-05-16T07:37:54","guid":{"rendered":"https:\/\/linitiative.ca\/International\/15e-session-du-conseil-dassociation-tunisie-ue-le-ministre-des-ae-demain-en-visite-a-bruxelles\/"},"modified":"2019-05-16T03:37:54","modified_gmt":"2019-05-16T07:37:54","slug":"15e-session-du-conseil-dassociation-tunisie-ue-le-ministre-des-ae-demain-en-visite-a-bruxelles","status":"publish","type":"post","link":"https:\/\/linitiative.ca\/International\/15e-session-du-conseil-dassociation-tunisie-ue-le-ministre-des-ae-demain-en-visite-a-bruxelles\/","title":{"rendered":"15e session du Conseil d\u2019association Tunisie-UE Le ministre des AE demain en visite \u00e0 Bruxelles"},"content":{"rendered":"<p>Le ministre des Affaires \u00e9trang\u00e8res Kh\u00e9ma\u00efes Jhinaoui effectue, jeudi et vendredi, une visite \u00e0 Bruxelles, o\u00f9 il copr\u00e9sidera avec la Haute repr\u00e9sentante de l\u2019UE pour les affaires \u00e9trang\u00e8res et la politique de s\u00e9curit\u00e9 Federica Mogherini les travaux de la 15e session du Conseil d\u2019association Tunisie-UE.<\/p>\n<p>Selon un communiqu\u00e9 du d\u00e9partement des Affaires \u00e9trang\u00e8res rendu public mardi, cette r\u00e9union sera l\u2019occasion de signer une convention de financement d\u2019un programme de soutien pour les jeunes dans le cadre de la concr\u00e9tisation de l\u2019initiative \u00bb Partenariat pour la jeunesse Tunisie-UE \u00bb lanc\u00e9e le 1er d\u00e9cembre 2016, \u00e0 l\u2019occasion de la visite du pr\u00e9sident de la R\u00e9publique B\u00e9ji Ca\u00efd Essebsi \u00e0 Bruxelles pour participer au premier sommet Tunisie-Union europ\u00e9enne.<\/p>\n<p>La convention permettra de financer des projets en faveur de la jeunesse tunisienne avec comme th\u00e8mes prioritaires l\u2019employabilit\u00e9 des jeunes, la cr\u00e9ation d\u2019opportunit\u00e9s de travail et le renforcement de l\u2019initiative priv\u00e9e, outre la participation des jeunes \u00e0 la vie publique et politique aux niveaux national et local.<\/p>\n<p>Lors de son d\u00e9placement, Jhinaoui rencontrera le Commissaire europ\u00e9en en charge de l\u2019\u00e9largissement et de la politique europ\u00e9enne de voisinage, Johannes Hahn avec lequel il \u00e9voquera \u00ab la poursuite du soutien de l\u2019UE aux grandes r\u00e9formes engag\u00e9es en Tunisie \u00bb, lit-on de m\u00eame source.<\/p>\n<p>Jhinaoui aura \u00e9galement un entretien avec le secr\u00e9taire g\u00e9n\u00e9ral de L\u2019OTAN.<\/p>\n<p>Le Conseil d\u2019association Tunisie-UE, un rendez-vous annuel, permet \u00ab de passer en revue l\u2019\u00e9volution du partenariat privil\u00e9gi\u00e9 Tunisie-UE et d\u2019examiner les moyens de le renforcer dans le cadre de la concr\u00e9tisation du document des priorit\u00e9s du partenariat strat\u00e9gique pour les ann\u00e9es 2018-2020 et du renforcement du dialogue pour l\u2019identification du nouveau cadre des relations entre la Tunisie et l\u2019UE pour l\u2019apr\u00e8s 2020 \u00bb.<\/p>\n<p>Faouzi Snoussi<\/p>\n<p class=\"dpsp-share-text\">Partager c&rsquo;est aimer!<\/p>\n<div class=\"wp-post-author-wrap wp-post-author-shortcode left\">\n<h3 class=\"awpa-title\"\/>\n<div class=\"wp-post-author\">\n<div class=\"awpa-img awpa-author-block square\"><a href=\"http:\/\/lexpertjournal.net\/fr\/author\/expert\/\"><img loading=\"lazy\" decoding=\"async\" alt=\"\" src=\"http:\/\/2.gravatar.com\/avatar\/56d99be2a6f97af88ccb49fada637fcd?s=150&#038;d=mm&#038;r=g\" srcset=\"http:\/\/2.gravatar.com\/avatar\/56d99be2a6f97af88ccb49fada637fcd?s=300&#038;d=mm&#038;r=g 2x\" class=\"avatar avatar-150 photo\" height=\"150\" width=\"150\"\/><\/a><\/div>\n<\/div>\n<\/div>\n<p>Auteur: L&rsquo;expert<br \/>\n<a href=\"http:\/\/lexpertjournal.net\/fr\/2019\/05\/16\/15e-session-du-conseil-dassociation-tunisie-ue-le-ministre-des-ae-demain-en-visite-a-bruxelles\/\">Cliquez ici pour lire l&rsquo;article depuis sa source.<\/a><\/p>\n","protected":false},"excerpt":{"rendered":"<p>Le ministre des Affaires \u00e9trang\u00e8res Kh\u00e9ma\u00efes Jhinaoui effectue, jeudi et vendredi, une visite \u00e0 Bruxelles, o\u00f9 il copr\u00e9sidera avec la Haute repr\u00e9sentante de l\u2019UE pour les affaires \u00e9trang\u00e8res et la politique de s\u00e9curit\u00e9 Federica Mogherini les travaux de la 15e session du Conseil d\u2019association Tunisie-UE. Selon un communiqu\u00e9 du d\u00e9partement des Affaires \u00e9trang\u00e8res rendu public [&hellip;]<\/p>\n","protected":false},"author":1775,"featured_media":0,"comment_status":"closed","ping_status":"closed","sticky":false,"template":"","format":"standard","meta":{"fifu_image_url":"","fifu_image_alt":"","footnotes":""},"categories":[78,55],"tags":[],"class_list":["post-34610","post","type-post","status-publish","format-standard","hentry","category-economie","category-tunisie"],"_links":{"self":[{"href":"https:\/\/linitiative.ca\/International\/wp-json\/wp\/v2\/posts\/34610","targetHints":{"allow":["GET"]}}],"collection":[{"href":"https:\/\/linitiative.ca\/International\/wp-json\/wp\/v2\/posts"}],"about":[{"href":"https:\/\/linitiative.ca\/International\/wp-json\/wp\/v2\/types\/post"}],"author":[{"embeddable":true,"href":"https:\/\/linitiative.ca\/International\/wp-json\/wp\/v2\/users\/1775"}],"replies":[{"embeddable":true,"href":"https:\/\/linitiative.ca\/International\/wp-json\/wp\/v2\/comments?post=34610"}],"version-history":[{"count":0,"href":"https:\/\/linitiative.ca\/International\/wp-json\/wp\/v2\/posts\/34610\/revisions"}],"wp:attachment":[{"href":"https:\/\/linitiative.ca\/International\/wp-json\/wp\/v2\/media?parent=34610"}],"wp:term":[{"taxonomy":"category","embeddable":true,"href":"https:\/\/linitiative.ca\/International\/wp-json\/wp\/v2\/categories?post=34610"},{"taxonomy":"post_tag","embeddable":true,"href":"https:\/\/linitiative.ca\/International\/wp-json\/wp\/v2\/tags?post=34610"}],"curies":[{"name":"wp","href":"https:\/\/api.w.org\/{rel}","templated":true}]}}