{"id":34626,"date":"2019-05-16T06:00:00","date_gmt":"2019-05-16T10:00:00","guid":{"rendered":"https:\/\/linitiative.ca\/International\/le-recteur-de-luniversite-appelle-a-la-vigilance\/"},"modified":"2019-05-16T06:00:00","modified_gmt":"2019-05-16T10:00:00","slug":"le-recteur-de-luniversite-appelle-a-la-vigilance","status":"publish","type":"post","link":"https:\/\/linitiative.ca\/International\/le-recteur-de-luniversite-appelle-a-la-vigilance\/","title":{"rendered":"Le recteur de l\u2019universit\u00e9 appelle \u00e0 la vigilance"},"content":{"rendered":"<div id=\"originalText\" readability=\"64\">\n<p>Au lendemain d\u2019une d\u00e9claration sign\u00e9e par des animateurs d\u2019Avril 80, d\u00e9non\u00e7ant l\u2019emp\u00eachement de la conf\u00e9rence du Dr Mouloud Lounaouci pr\u00e9vue le 7 mai dernier \u00e0 l\u2019auditorium de l\u2019universit\u00e9 Mouloud-Mammeri de Tizi Ouzou (UMMTO), suivie, quelques jours apr\u00e8s, par l\u2019agression \u00e0 l\u2019arme blanche d\u2019un \u00e9tudiant au sein m\u00eame de l\u2019enceinte universitaire, le recteur de cette m\u00eame universit\u00e9, Ahmed Tessa, a d\u00e9nonc\u00e9, hier, une tentative de d\u00e9stabilisation par des individus qui veulent d\u00e9vier l\u2019Universit\u00e9 de Tizi Ouzou de ses missions nobles.\u00a0En effet, et \u00e0 travers un communiqu\u00e9 rendu public hier, le\u00a0Pr Ahmed Tessa a particuli\u00e8rement salu\u00e9 \u201cla dynamique mise en place par des enseignants, des fonctionnaires et des \u00e9tudiants,\u00a0 qui ne peut \u00eatre remise en cause par des individus qui veulent d\u00e9vier l\u2019universit\u00e9 de ses missions nobles de formation, de recherche et de\u00a0diffusion des valeurs universelles\u201d.Et au recteur de regretter aussi que \u201cl\u2019universit\u00e9 a enregistr\u00e9, avec beaucoup de peine, deux actes de violence, soit l\u2019emp\u00eachement d\u2019une conf\u00e9rence programm\u00e9e \u00e0 l\u2019auditorium de Hasnaoua et l\u2019agression physique d\u2019un jeune \u00e9tudiant\u00a0de la Facult\u00e9 des sciences \u00e9conomiques, de gestion et des sciences commerciales\u201d.<\/p>\n<p>Le premier responsable de l\u2019universit\u00e9 de Tizi Ouzou s\u2019est, cependant, demand\u00e9 si \u201cces agresseurs ont peur de la lumi\u00e8re, du savoir, des d\u00e9bats contradictoires\u201d ?\u00a0\u00a0Tout en rappelant une citation d\u2019Averro\u00e8s qui disait que \u201cl\u2019ignorance m\u00e8ne \u00e0 la peur, la peur m\u00e8ne \u00e0 la haine et la haine conduit \u00e0 la violence\u201d, le recteur de l\u2019universit\u00e9 Mouloud-Mammeri \u201ccondamne avec fermet\u00e9 toutes formes de violences verbales ou physiques au sein de l\u2019universit\u00e9 et regrette profond\u00e9ment que ces actes se produisent \u00e0 l\u2019int\u00e9rieur du campus universitaire\u201d.\u00a0\u00a0<\/p>\n<p class=\"c10\"><strong>K. Tighilt<\/strong><\/p>\n<\/div>\n<div id=\"text_core\" readability=\"64\">\n<p>Au lendemain d\u2019une d\u00e9claration sign\u00e9e par des animateurs d\u2019Avril 80, d\u00e9non\u00e7ant l\u2019emp\u00eachement de la conf\u00e9rence du Dr Mouloud Lounaouci pr\u00e9vue le 7 mai dernier \u00e0 l\u2019auditorium de l\u2019universit\u00e9 Mouloud-Mammeri de Tizi Ouzou (UMMTO), suivie, quelques jours apr\u00e8s, par l\u2019agression \u00e0 l\u2019arme blanche d\u2019un \u00e9tudiant au sein m\u00eame de l\u2019enceinte universitaire, le recteur de cette m\u00eame universit\u00e9, Ahmed Tessa, a d\u00e9nonc\u00e9, hier, une tentative de d\u00e9stabilisation par des individus qui veulent d\u00e9vier l\u2019Universit\u00e9 de Tizi Ouzou de ses missions nobles.\u00a0En effet, et \u00e0 travers un communiqu\u00e9 rendu public hier, le\u00a0Pr Ahmed Tessa a particuli\u00e8rement salu\u00e9 \u201cla dynamique mise en place par des enseignants, des fonctionnaires et des \u00e9tudiants,\u00a0 qui ne peut \u00eatre remise en cause par des individus qui veulent d\u00e9vier l\u2019universit\u00e9 de ses missions nobles de formation, de recherche et de\u00a0diffusion des valeurs universelles\u201d.Et au recteur de regretter aussi que \u201cl\u2019universit\u00e9 a enregistr\u00e9, avec beaucoup de peine, deux actes de violence, soit l\u2019emp\u00eachement d\u2019une conf\u00e9rence programm\u00e9e \u00e0 l\u2019auditorium de Hasnaoua et l\u2019agression physique d\u2019un jeune \u00e9tudiant\u00a0de la Facult\u00e9 des sciences \u00e9conomiques, de gestion et des sciences commerciales\u201d.<\/p>\n<p>Le premier responsable de l\u2019universit\u00e9 de Tizi Ouzou s\u2019est, cependant, demand\u00e9 si \u201cces agresseurs ont peur de la lumi\u00e8re, du savoir, des d\u00e9bats contradictoires\u201d ?\u00a0\u00a0Tout en rappelant une citation d\u2019Averro\u00e8s qui disait que \u201cl\u2019ignorance m\u00e8ne \u00e0 la peur, la peur m\u00e8ne \u00e0 la haine et la haine conduit \u00e0 la violence\u201d, le recteur de l\u2019universit\u00e9 Mouloud-Mammeri \u201ccondamne avec fermet\u00e9 toutes formes de violences verbales ou physiques au sein de l\u2019universit\u00e9 et regrette profond\u00e9ment que ces actes se produisent \u00e0 l\u2019int\u00e9rieur du campus universitaire\u201d.\u00a0\u00a0<\/p>\n<p class=\"c10\"><strong>K. Tighilt<\/strong><\/p>\n<\/div>\n<p>Auteur:<br \/>\n<a href=\"https:\/\/www.liberte-algerie.com\/actualite\/le-recteur-de-luniversite-appelle-a-la-vigilance-315944\">Cliquez ici pour lire l&rsquo;article depuis sa source.<\/a><\/p>\n","protected":false},"excerpt":{"rendered":"<p>Au lendemain d\u2019une d\u00e9claration sign\u00e9e par des animateurs d\u2019Avril 80, d\u00e9non\u00e7ant l\u2019emp\u00eachement de la conf\u00e9rence du Dr Mouloud Lounaouci pr\u00e9vue le 7 mai dernier \u00e0 l\u2019auditorium de l\u2019universit\u00e9 Mouloud-Mammeri de Tizi Ouzou (UMMTO), suivie, quelques jours apr\u00e8s, par l\u2019agression \u00e0 l\u2019arme blanche d\u2019un \u00e9tudiant au sein m\u00eame de l\u2019enceinte universitaire, le recteur de cette m\u00eame [&hellip;]<\/p>\n","protected":false},"author":1742,"featured_media":0,"comment_status":"closed","ping_status":"closed","sticky":false,"template":"","format":"standard","meta":{"fifu_image_url":"","fifu_image_alt":"","footnotes":""},"categories":[73,53],"tags":[],"class_list":["post-34626","post","type-post","status-publish","format-standard","hentry","category-actualite","category-algerie"],"_links":{"self":[{"href":"https:\/\/linitiative.ca\/International\/wp-json\/wp\/v2\/posts\/34626","targetHints":{"allow":["GET"]}}],"collection":[{"href":"https:\/\/linitiative.ca\/International\/wp-json\/wp\/v2\/posts"}],"about":[{"href":"https:\/\/linitiative.ca\/International\/wp-json\/wp\/v2\/types\/post"}],"author":[{"embeddable":true,"href":"https:\/\/linitiative.ca\/International\/wp-json\/wp\/v2\/users\/1742"}],"replies":[{"embeddable":true,"href":"https:\/\/linitiative.ca\/International\/wp-json\/wp\/v2\/comments?post=34626"}],"version-history":[{"count":0,"href":"https:\/\/linitiative.ca\/International\/wp-json\/wp\/v2\/posts\/34626\/revisions"}],"wp:attachment":[{"href":"https:\/\/linitiative.ca\/International\/wp-json\/wp\/v2\/media?parent=34626"}],"wp:term":[{"taxonomy":"category","embeddable":true,"href":"https:\/\/linitiative.ca\/International\/wp-json\/wp\/v2\/categories?post=34626"},{"taxonomy":"post_tag","embeddable":true,"href":"https:\/\/linitiative.ca\/International\/wp-json\/wp\/v2\/tags?post=34626"}],"curies":[{"name":"wp","href":"https:\/\/api.w.org\/{rel}","templated":true}]}}