{"id":34627,"date":"2019-05-16T06:00:00","date_gmt":"2019-05-16T10:00:00","guid":{"rendered":"https:\/\/linitiative.ca\/International\/un-automobiliste-tabasse-par-la-police\/"},"modified":"2019-05-16T06:00:00","modified_gmt":"2019-05-16T10:00:00","slug":"un-automobiliste-tabasse-par-la-police","status":"publish","type":"post","link":"https:\/\/linitiative.ca\/International\/un-automobiliste-tabasse-par-la-police\/","title":{"rendered":"Un automobiliste tabass\u00e9 par la police"},"content":{"rendered":"<div id=\"originalText\" readability=\"51\">\n<p>Mohamed Ben Abdelkader Azzi, g\u00e9rant d\u2019une entreprise de nettoyage, d\u2019entretien et d\u2019assainissement \u00e0 Tamanrasset, a saisi, hier, le procureur de la R\u00e9publique pr\u00e8s le tribunal de Tamanrasset pour d\u00e9noncer le geste vil de trois policiers qui l\u2019ont sauvagement tabass\u00e9. Selon la victime, les agents mis en cause sont charg\u00e9s de r\u00e9guler le flux des automobilistes \u00e0 la station de carburant de Tahaggart, \u00e0 l\u2019entr\u00e9e nord de la ville. \u201cJe faisais la queue pour faire le plein me permettant de continuer ma tourn\u00e9e de ramassage d\u2019ordures m\u00e9nag\u00e8res lorsque l\u2019un des policiers me demanda de reculer pour laisser la priorit\u00e9 \u00e0 un autre poids lourd.<\/p>\n<p>Apr\u00e8s pr\u00e8s de deux heures d\u2019attente, j\u2019ai avanc\u00e9 mon v\u00e9hicule tout en respectant mon tour et l\u2019ordre de la file qui \u00e9tait encore longue. Le m\u00eame policier me demanda \u00e0 nouveau de reculer. Je lui ai expliqu\u00e9 que j\u2019\u00e9tais en mission professionnelle et que je devais terminer mes rotations de ramassage. Comme ma r\u00e9ponse ne lui avait pas plu, il a appel\u00e9 ses deux autres coll\u00e8gues en faction pour me faire sortir du camion et me passer \u00e0 tabac\u201d, raconte-t-il, en pr\u00e9cisant qu\u2019il n\u2019a d\u00fb son salut qu\u2019aux pompistes et aux automobilistes qui sont intervenus face \u00e0 cette exaction polici\u00e8re.\u00a0<br \/>\u00a0<\/p>\n<p class=\"c10\"><strong>RABAH KARECHE<\/strong><\/p>\n<\/div>\n<div id=\"text_core\" readability=\"51\">\n<p>Mohamed Ben Abdelkader Azzi, g\u00e9rant d\u2019une entreprise de nettoyage, d\u2019entretien et d\u2019assainissement \u00e0 Tamanrasset, a saisi, hier, le procureur de la R\u00e9publique pr\u00e8s le tribunal de Tamanrasset pour d\u00e9noncer le geste vil de trois policiers qui l\u2019ont sauvagement tabass\u00e9. Selon la victime, les agents mis en cause sont charg\u00e9s de r\u00e9guler le flux des automobilistes \u00e0 la station de carburant de Tahaggart, \u00e0 l\u2019entr\u00e9e nord de la ville. \u201cJe faisais la queue pour faire le plein me permettant de continuer ma tourn\u00e9e de ramassage d\u2019ordures m\u00e9nag\u00e8res lorsque l\u2019un des policiers me demanda de reculer pour laisser la priorit\u00e9 \u00e0 un autre poids lourd.<\/p>\n<p>Apr\u00e8s pr\u00e8s de deux heures d\u2019attente, j\u2019ai avanc\u00e9 mon v\u00e9hicule tout en respectant mon tour et l\u2019ordre de la file qui \u00e9tait encore longue. Le m\u00eame policier me demanda \u00e0 nouveau de reculer. Je lui ai expliqu\u00e9 que j\u2019\u00e9tais en mission professionnelle et que je devais terminer mes rotations de ramassage. Comme ma r\u00e9ponse ne lui avait pas plu, il a appel\u00e9 ses deux autres coll\u00e8gues en faction pour me faire sortir du camion et me passer \u00e0 tabac\u201d, raconte-t-il, en pr\u00e9cisant qu\u2019il n\u2019a d\u00fb son salut qu\u2019aux pompistes et aux automobilistes qui sont intervenus face \u00e0 cette exaction polici\u00e8re.\u00a0<br \/>\u00a0<\/p>\n<p class=\"c10\"><strong>RABAH KARECHE<\/strong><\/p>\n<\/div>\n<p>Auteur:<br \/>\n<a href=\"https:\/\/www.liberte-algerie.com\/actualite\/un-automobiliste-tabasse-par-la-police-315943\">Cliquez ici pour lire l&rsquo;article depuis sa source.<\/a><\/p>\n","protected":false},"excerpt":{"rendered":"<p>Mohamed Ben Abdelkader Azzi, g\u00e9rant d\u2019une entreprise de nettoyage, d\u2019entretien et d\u2019assainissement \u00e0 Tamanrasset, a saisi, hier, le procureur de la R\u00e9publique pr\u00e8s le tribunal de Tamanrasset pour d\u00e9noncer le geste vil de trois policiers qui l\u2019ont sauvagement tabass\u00e9. Selon la victime, les agents mis en cause sont charg\u00e9s de r\u00e9guler le flux des automobilistes [&hellip;]<\/p>\n","protected":false},"author":1742,"featured_media":0,"comment_status":"closed","ping_status":"closed","sticky":false,"template":"","format":"standard","meta":{"fifu_image_url":"","fifu_image_alt":"","footnotes":""},"categories":[73,53],"tags":[],"class_list":["post-34627","post","type-post","status-publish","format-standard","hentry","category-actualite","category-algerie"],"_links":{"self":[{"href":"https:\/\/linitiative.ca\/International\/wp-json\/wp\/v2\/posts\/34627","targetHints":{"allow":["GET"]}}],"collection":[{"href":"https:\/\/linitiative.ca\/International\/wp-json\/wp\/v2\/posts"}],"about":[{"href":"https:\/\/linitiative.ca\/International\/wp-json\/wp\/v2\/types\/post"}],"author":[{"embeddable":true,"href":"https:\/\/linitiative.ca\/International\/wp-json\/wp\/v2\/users\/1742"}],"replies":[{"embeddable":true,"href":"https:\/\/linitiative.ca\/International\/wp-json\/wp\/v2\/comments?post=34627"}],"version-history":[{"count":0,"href":"https:\/\/linitiative.ca\/International\/wp-json\/wp\/v2\/posts\/34627\/revisions"}],"wp:attachment":[{"href":"https:\/\/linitiative.ca\/International\/wp-json\/wp\/v2\/media?parent=34627"}],"wp:term":[{"taxonomy":"category","embeddable":true,"href":"https:\/\/linitiative.ca\/International\/wp-json\/wp\/v2\/categories?post=34627"},{"taxonomy":"post_tag","embeddable":true,"href":"https:\/\/linitiative.ca\/International\/wp-json\/wp\/v2\/tags?post=34627"}],"curies":[{"name":"wp","href":"https:\/\/api.w.org\/{rel}","templated":true}]}}