{"id":34628,"date":"2019-05-16T06:00:00","date_gmt":"2019-05-16T10:00:00","guid":{"rendered":"https:\/\/linitiative.ca\/International\/plusieurs-blesses-et-le-siege-de-la-daira-incendie\/"},"modified":"2019-05-16T06:00:00","modified_gmt":"2019-05-16T10:00:00","slug":"plusieurs-blesses-et-le-siege-de-la-daira-incendie","status":"publish","type":"post","link":"https:\/\/linitiative.ca\/International\/plusieurs-blesses-et-le-siege-de-la-daira-incendie\/","title":{"rendered":"Plusieurs bless\u00e9s et le si\u00e8ge de la da\u00efra incendi\u00e9"},"content":{"rendered":"<div id=\"originalText\" readability=\"69\">\n<p>Plusieurs bless\u00e9s et le si\u00e8ge de la da\u00efra incendi\u00e9 n La da\u00efra de Tinerkouk, dans la wilaya d\u00e9l\u00e9gu\u00e9e\u00a0 de Timimoun (Adrar), a \u00e9t\u00e9, avant-hier, le th\u00e9\u00e2tre de violentes \u00e9chauffour\u00e9es entre les citoyens et les forces de l\u2019ordre. Au moins neuf bless\u00e9s ont \u00e9t\u00e9 d\u00e9plor\u00e9s, alors que le si\u00e8ge de cette da\u00efra a \u00e9t\u00e9 incendi\u00e9. C\u2019est ce qu\u2019ont r\u00e9v\u00e9l\u00e9 plusieurs t\u00e9moignages, photos \u00e0 l\u2019appui, sur les r\u00e9seaux sociaux. Les affrontements ont \u00e9clat\u00e9 \u00e0 la suite d\u2019une manifestation de jeunes ch\u00f4meurs de cette localit\u00e9 pour r\u00e9clamer du travail aupr\u00e8s d&rsquo;une entreprise p\u00e9troli\u00e8re implant\u00e9e dans la r\u00e9gion. Selon des sources concordantes, la manifestation a d\u00e9g\u00e9n\u00e9r\u00e9 apr\u00e8s\u00a0 l&rsquo;intervention des forces de l&rsquo;ordre. Ce que confirme l\u2019agence de presse officielle. L\u2019affaire, ajoute l\u2019APS, a d\u00e9g\u00e9n\u00e9r\u00e9 lorsque des jeunes ont bloqu\u00e9 l\u2019acc\u00e8s \u00e0 une de ces entreprises sur le territoire de cette da\u00efra durant pr\u00e8s d\u2019un mois, en signe de protestation contre leur perte d\u2019emploi. Selon la m\u00eame source, cet \u00e9tat de fait a donn\u00e9 lieu \u00e0 la r\u00e9quisition par les autorit\u00e9s locales de la force publique (gendarmerie) pour rouvrir l\u2019acc\u00e8s \u00e0 l\u2019entreprise et \u00e9loigner les protestataires qui ont, d\u00e8s lors, port\u00e9 leur action de protestation \u00e0 l\u2019int\u00e9rieur du tissu urbain de la ville.<\/p>\n<p>Les jeunes protestataires, rapporte l\u2019APS, ont emmur\u00e9 les acc\u00e8s des si\u00e8ges de la commune et de la da\u00efra, avant que ne soit r\u00e9quisitionn\u00e9e la force publique (police) pour les rouvrir au public. Ce qui a d\u00e9clench\u00e9 une vague de col\u00e8re des jeunes qui se sont heurt\u00e9s aux forces de l\u2019ordre avant d\u2019acc\u00e9der au si\u00e8ge de la da\u00efra, y d\u00e9clencher un incendie et voler des \u00e9quipements de bureau et saccager du mat\u00e9riel entrepos\u00e9 dans le parc. Le chef de da\u00efra et sa famille ont \u00e9t\u00e9 \u00e9vacu\u00e9s par les \u00e9l\u00e9ments de la S\u00fbret\u00e9 nationale. Selon une source s\u00e9curitaire cit\u00e9e par l\u2019agence, \u201cvingt \u00e9l\u00e9ments des forces de l\u2019ordre ont \u00e9t\u00e9 bless\u00e9s l\u00e9g\u00e8rement et quatre autres gri\u00e8vement, apr\u00e8s avoir \u00e9t\u00e9 la cible de jets de pierres par des jeunes protestataires \u00e0 travers les art\u00e8res de la ville, contraignant \u00e0 l\u2019usage de gaz lacrymog\u00e8nes pour les disperser\u201d.<\/p>\n<p>Selon une source de la polyclinique locale cit\u00e9e par l\u2019APS, plusieurs bless\u00e9s parmi les manifestants sont \u00e0 d\u00e9plorer,\u00a0 dont un qui a perdu un \u0153il. Les manifestants accusent le chef de da\u00efra de Tinerkouk d\u2019avoir ordonn\u00e9 l\u2019arrestation des protestataires, ce qui a donn\u00e9 lieu \u00e0 d\u2019autres manifestations pour la lib\u00e9ration des personnes interpell\u00e9es.\u00a0\u00a0<\/p>\n<p class=\"c10\"><strong>Farid Abdeladim<\/strong><\/p>\n<\/div>\n<div id=\"text_core\" readability=\"69\">\n<p>Plusieurs bless\u00e9s et le si\u00e8ge de la da\u00efra incendi\u00e9 n La da\u00efra de Tinerkouk, dans la wilaya d\u00e9l\u00e9gu\u00e9e\u00a0 de Timimoun (Adrar), a \u00e9t\u00e9, avant-hier, le th\u00e9\u00e2tre de violentes \u00e9chauffour\u00e9es entre les citoyens et les forces de l\u2019ordre. Au moins neuf bless\u00e9s ont \u00e9t\u00e9 d\u00e9plor\u00e9s, alors que le si\u00e8ge de cette da\u00efra a \u00e9t\u00e9 incendi\u00e9. C\u2019est ce qu\u2019ont r\u00e9v\u00e9l\u00e9 plusieurs t\u00e9moignages, photos \u00e0 l\u2019appui, sur les r\u00e9seaux sociaux. Les affrontements ont \u00e9clat\u00e9 \u00e0 la suite d\u2019une manifestation de jeunes ch\u00f4meurs de cette localit\u00e9 pour r\u00e9clamer du travail aupr\u00e8s d&rsquo;une entreprise p\u00e9troli\u00e8re implant\u00e9e dans la r\u00e9gion. Selon des sources concordantes, la manifestation a d\u00e9g\u00e9n\u00e9r\u00e9 apr\u00e8s\u00a0 l&rsquo;intervention des forces de l&rsquo;ordre. Ce que confirme l\u2019agence de presse officielle. L\u2019affaire, ajoute l\u2019APS, a d\u00e9g\u00e9n\u00e9r\u00e9 lorsque des jeunes ont bloqu\u00e9 l\u2019acc\u00e8s \u00e0 une de ces entreprises sur le territoire de cette da\u00efra durant pr\u00e8s d\u2019un mois, en signe de protestation contre leur perte d\u2019emploi. Selon la m\u00eame source, cet \u00e9tat de fait a donn\u00e9 lieu \u00e0 la r\u00e9quisition par les autorit\u00e9s locales de la force publique (gendarmerie) pour rouvrir l\u2019acc\u00e8s \u00e0 l\u2019entreprise et \u00e9loigner les protestataires qui ont, d\u00e8s lors, port\u00e9 leur action de protestation \u00e0 l\u2019int\u00e9rieur du tissu urbain de la ville.<\/p>\n<p>Les jeunes protestataires, rapporte l\u2019APS, ont emmur\u00e9 les acc\u00e8s des si\u00e8ges de la commune et de la da\u00efra, avant que ne soit r\u00e9quisitionn\u00e9e la force publique (police) pour les rouvrir au public. Ce qui a d\u00e9clench\u00e9 une vague de col\u00e8re des jeunes qui se sont heurt\u00e9s aux forces de l\u2019ordre avant d\u2019acc\u00e9der au si\u00e8ge de la da\u00efra, y d\u00e9clencher un incendie et voler des \u00e9quipements de bureau et saccager du mat\u00e9riel entrepos\u00e9 dans le parc. Le chef de da\u00efra et sa famille ont \u00e9t\u00e9 \u00e9vacu\u00e9s par les \u00e9l\u00e9ments de la S\u00fbret\u00e9 nationale. Selon une source s\u00e9curitaire cit\u00e9e par l\u2019agence, \u201cvingt \u00e9l\u00e9ments des forces de l\u2019ordre ont \u00e9t\u00e9 bless\u00e9s l\u00e9g\u00e8rement et quatre autres gri\u00e8vement, apr\u00e8s avoir \u00e9t\u00e9 la cible de jets de pierres par des jeunes protestataires \u00e0 travers les art\u00e8res de la ville, contraignant \u00e0 l\u2019usage de gaz lacrymog\u00e8nes pour les disperser\u201d.<\/p>\n<p>Selon une source de la polyclinique locale cit\u00e9e par l\u2019APS, plusieurs bless\u00e9s parmi les manifestants sont \u00e0 d\u00e9plorer,\u00a0 dont un qui a perdu un \u0153il. Les manifestants accusent le chef de da\u00efra de Tinerkouk d\u2019avoir ordonn\u00e9 l\u2019arrestation des protestataires, ce qui a donn\u00e9 lieu \u00e0 d\u2019autres manifestations pour la lib\u00e9ration des personnes interpell\u00e9es.\u00a0\u00a0<\/p>\n<p class=\"c10\"><strong>Farid Abdeladim<\/strong><\/p>\n<\/div>\n<p>Auteur:<br \/>\n<a href=\"https:\/\/www.liberte-algerie.com\/actualite\/plusieurs-blesses-et-le-siege-de-la-daira-incendie-315942\">Cliquez ici pour lire l&rsquo;article depuis sa source.<\/a><\/p>\n","protected":false},"excerpt":{"rendered":"<p>Plusieurs bless\u00e9s et le si\u00e8ge de la da\u00efra incendi\u00e9 n La da\u00efra de Tinerkouk, dans la wilaya d\u00e9l\u00e9gu\u00e9e\u00a0 de Timimoun (Adrar), a \u00e9t\u00e9, avant-hier, le th\u00e9\u00e2tre de violentes \u00e9chauffour\u00e9es entre les citoyens et les forces de l\u2019ordre. Au moins neuf bless\u00e9s ont \u00e9t\u00e9 d\u00e9plor\u00e9s, alors que le si\u00e8ge de cette da\u00efra a \u00e9t\u00e9 incendi\u00e9. C\u2019est [&hellip;]<\/p>\n","protected":false},"author":1742,"featured_media":0,"comment_status":"closed","ping_status":"closed","sticky":false,"template":"","format":"standard","meta":{"fifu_image_url":"","fifu_image_alt":"","footnotes":""},"categories":[73,53],"tags":[],"class_list":["post-34628","post","type-post","status-publish","format-standard","hentry","category-actualite","category-algerie"],"_links":{"self":[{"href":"https:\/\/linitiative.ca\/International\/wp-json\/wp\/v2\/posts\/34628","targetHints":{"allow":["GET"]}}],"collection":[{"href":"https:\/\/linitiative.ca\/International\/wp-json\/wp\/v2\/posts"}],"about":[{"href":"https:\/\/linitiative.ca\/International\/wp-json\/wp\/v2\/types\/post"}],"author":[{"embeddable":true,"href":"https:\/\/linitiative.ca\/International\/wp-json\/wp\/v2\/users\/1742"}],"replies":[{"embeddable":true,"href":"https:\/\/linitiative.ca\/International\/wp-json\/wp\/v2\/comments?post=34628"}],"version-history":[{"count":0,"href":"https:\/\/linitiative.ca\/International\/wp-json\/wp\/v2\/posts\/34628\/revisions"}],"wp:attachment":[{"href":"https:\/\/linitiative.ca\/International\/wp-json\/wp\/v2\/media?parent=34628"}],"wp:term":[{"taxonomy":"category","embeddable":true,"href":"https:\/\/linitiative.ca\/International\/wp-json\/wp\/v2\/categories?post=34628"},{"taxonomy":"post_tag","embeddable":true,"href":"https:\/\/linitiative.ca\/International\/wp-json\/wp\/v2\/tags?post=34628"}],"curies":[{"name":"wp","href":"https:\/\/api.w.org\/{rel}","templated":true}]}}