{"id":34652,"date":"2019-05-16T05:30:00","date_gmt":"2019-05-16T09:30:00","guid":{"rendered":"https:\/\/linitiative.ca\/International\/electromenager-les-ventes-repartent-a-la-hausse\/"},"modified":"2019-05-16T05:30:00","modified_gmt":"2019-05-16T09:30:00","slug":"electromenager-les-ventes-repartent-a-la-hausse","status":"publish","type":"post","link":"https:\/\/linitiative.ca\/International\/electromenager-les-ventes-repartent-a-la-hausse\/","title":{"rendered":"Electrom\u00e9nager: Les ventes repartent \u00e0 la hausse"},"content":{"rendered":"<div readability=\"35\">\n<p>Une progression de 6,2% \u00e0 fin mars<\/p>\n<p>La coupe d\u2019Afrique devra relancer les t\u00e9l\u00e9viseurs<\/p>\n<\/div>\n<div readability=\"104\">\n<div class=\"dnd-atom-wrapper type-image context-sdl_editor_representation\" contenteditable=\"false\" readability=\"33\">\n<div class=\"dnd-drop-wrapper image\"><img loading=\"lazy\" decoding=\"async\" typeof=\"foaf:Image\" class=\"img-responsive\" src=\"https:\/\/www.leconomiste.com\/sites\/default\/files\/eco7\/public\/thumbnails\/image\/electromenager_016.jpg\" width=\"800\" height=\"440\" alt=\"electromenager_016.jpg\" title=\"electromenager_016.jpg\"\/><\/div>\n<div class=\"dnd-legend-wrapper\" contenteditable=\"true\" readability=\"11\">\n<p class=\"rtejustify\">Les biens d\u2019\u00e9quipement r\u00e9alisent plus de 6% de croissance, par rapport \u00e0 la m\u00eame p\u00e9riode de l\u2019an dernier. La performance a \u00e9t\u00e9 port\u00e9e par les t\u00e9l\u00e9phones, le petit \u00e9lectrom\u00e9nager et le grand<\/p>\n<\/div>\n<\/div>\n<p class=\"rtejustify\">Le march\u00e9 des biens d\u2019\u00e9quipement commence 2019 au vert. Les ventes ont progress\u00e9 de 6,2% en ce premier trimestre par rapport \u00e0 la m\u00eame p\u00e9riode de l\u2019an dernier, soit un chiffre d&rsquo;affaires global de 3,6 milliards de DH. Principalement conduit par le gain sur les smartphones, le petit et le grand \u00e9lectrom\u00e9nager, le premier trimestre montre les pr\u00e9mices d\u2019une ann\u00e9e prosp\u00e8re malgr\u00e9 la forte r\u00e9gression du brun (t\u00e9l\u00e9viseurs \u00e0 \u00e9cran plat).<\/p>\n<p class=\"rtejustify\">La bonne performance des smartphones et appareils de t\u00e9l\u00e9communication a particuli\u00e8rement boost\u00e9 les ventes. Ces biens d\u2019\u00e9quipement r\u00e9alisent plus de 2 milliards de DH de chiffre d\u2019affaires, soit 56% des ventes globales sur la p\u00e9riode et affichent 12,6% de croissance des ventes par rapport \u00e0 la m\u00eame p\u00e9riode de l\u2019an dernier.<\/p>\n<p class=\"rtejustify\">Les articles de pr\u00e9paration culinaire (robots de cuisine, grille-pain, mixeur, cuit vapeur\u2026) et aspirateurs, regroup\u00e9s dans la cat\u00e9gorie petit \u00e9lectrom\u00e9nager, r\u00e9alisent plus de 13% de croissance pour des ventes atteignant 171 millions de DH. Dans la famille des gros \u00e9lectrom\u00e9nagers, les \u00e9quipements de lavage (lave-linges, lave-vaisselles et s\u00e8che-linges) ou encore les encastrables (hotte aspirante, plaque de cuisson&#8230;) dopent les ventes, qui atteignent 804 millions de DH, soit une croissance de 6,4%.<\/p>\n<p class=\"rtejustify\">La croissance des ventes de ces cat\u00e9gories de produits a lieu dans un contexte o\u00f9 les encours de cr\u00e9dits ont progress\u00e9 de 5,9% sur 1 an (1,3% sur trois mois), ce qui est au-dessus de la moyenne g\u00e9n\u00e9rale. Quant aux taux de cr\u00e9dit \u00e0 la consommation, ces derniers n\u2019ont pas fortement baiss\u00e9: 0,04 point en moins par rapport aux trois derniers mois de 2018, allant de 6,44 \u00e0 6,41%.<\/p>\n<p class=\"rtejustify\">Par canal de distribution, les enseignes sp\u00e9cialis\u00e9es ont le plus profit\u00e9 de la hausse des ventes au cours du trimestre pass\u00e9, revendiquant 20% des transactions, devant les hypermarch\u00e9s (10%) et les enseignes sp\u00e9cialis\u00e9es dans les mobiles (7%), au d\u00e9triment des canaux traditionnels (grossistes).<\/p>\n<p class=\"rtejustify\">\u00abLes consommateurs pr\u00e9f\u00e8rent les services associ\u00e9s: livraison, installation et garanties offertes par les magasins sp\u00e9cialis\u00e9s, malgr\u00e9 le surco\u00fbt de 200 DH que les premiers r\u00e9percutent sur les prix de vente\u00bb, explique un g\u00e9rant d\u2019enseigne sp\u00e9cialis\u00e9e.<\/p>\n<p class=\"rtejustify\">A l\u2019inverse, les ventes de l\u2019\u00e9lectrom\u00e9nager brun (t\u00e9l\u00e9viseurs et \u00e9lectronique grand public) ont baiss\u00e9 de 12,6%, atteignant 604 millions de DH de chiffre d\u2019affaires. Les ventes devraient repartir \u00e0 la hausse dans les prochains mois compte tenu de l\u2019organisation de la CAN 2019, qui se tiendra du 21 juin au 19 juillet prochains. Les r\u00e9frig\u00e9rateurs et cong\u00e9lateurs devraient, \u00e9galement, enregistrer des pics d\u2019acquisitions, compte tenu de la saison estivale et la f\u00eate du mouton.<\/p>\n<p class=\"rtejustify\"><em>M.Ko.<\/em><\/p>\n<\/div>\n<p>Auteur: hlafriqi<br \/>\n<a href=\"https:\/\/www.leconomiste.com\/article\/1045147-electromenager-les-ventes-repartent-la-hausse\">Cliquez ici pour lire l&rsquo;article depuis sa source.<\/a><\/p>\n","protected":false},"excerpt":{"rendered":"<p>Une progression de 6,2% \u00e0 fin mars La coupe d\u2019Afrique devra relancer les t\u00e9l\u00e9viseurs Les biens d\u2019\u00e9quipement r\u00e9alisent plus de 6% de croissance, par rapport \u00e0 la m\u00eame p\u00e9riode de l\u2019an dernier. La performance a \u00e9t\u00e9 port\u00e9e par les t\u00e9l\u00e9phones, le petit \u00e9lectrom\u00e9nager et le grand Le march\u00e9 des biens d\u2019\u00e9quipement commence 2019 au vert. [&hellip;]<\/p>\n","protected":false},"author":1763,"featured_media":34653,"comment_status":"closed","ping_status":"closed","sticky":false,"template":"","format":"standard","meta":{"fifu_image_url":"","fifu_image_alt":"","footnotes":""},"categories":[78,54],"tags":[],"class_list":["post-34652","post","type-post","status-publish","format-standard","has-post-thumbnail","hentry","category-economie","category-maroc"],"_links":{"self":[{"href":"https:\/\/linitiative.ca\/International\/wp-json\/wp\/v2\/posts\/34652","targetHints":{"allow":["GET"]}}],"collection":[{"href":"https:\/\/linitiative.ca\/International\/wp-json\/wp\/v2\/posts"}],"about":[{"href":"https:\/\/linitiative.ca\/International\/wp-json\/wp\/v2\/types\/post"}],"author":[{"embeddable":true,"href":"https:\/\/linitiative.ca\/International\/wp-json\/wp\/v2\/users\/1763"}],"replies":[{"embeddable":true,"href":"https:\/\/linitiative.ca\/International\/wp-json\/wp\/v2\/comments?post=34652"}],"version-history":[{"count":0,"href":"https:\/\/linitiative.ca\/International\/wp-json\/wp\/v2\/posts\/34652\/revisions"}],"wp:featuredmedia":[{"embeddable":true,"href":"https:\/\/linitiative.ca\/International\/wp-json\/"}],"wp:attachment":[{"href":"https:\/\/linitiative.ca\/International\/wp-json\/wp\/v2\/media?parent=34652"}],"wp:term":[{"taxonomy":"category","embeddable":true,"href":"https:\/\/linitiative.ca\/International\/wp-json\/wp\/v2\/categories?post=34652"},{"taxonomy":"post_tag","embeddable":true,"href":"https:\/\/linitiative.ca\/International\/wp-json\/wp\/v2\/tags?post=34652"}],"curies":[{"name":"wp","href":"https:\/\/api.w.org\/{rel}","templated":true}]}}