{"id":34683,"date":"2019-05-16T11:22:44","date_gmt":"2019-05-16T15:22:44","guid":{"rendered":"https:\/\/linitiative.ca\/International\/89509-les-technologies-modernes-pour-lutter-contre-la-violence-dans-les-stades\/"},"modified":"2019-05-16T11:22:44","modified_gmt":"2019-05-16T15:22:44","slug":"89509-les-technologies-modernes-pour-lutter-contre-la-violence-dans-les-stades","status":"publish","type":"post","link":"https:\/\/linitiative.ca\/International\/89509-les-technologies-modernes-pour-lutter-contre-la-violence-dans-les-stades\/","title":{"rendered":"Les technologies modernes pour lutter contre la violence dans les stades"},"content":{"rendered":"<div>\n<div class=\"K2FeedImage\"><img decoding=\"async\" src=\"http:\/\/www.aps.dz\/media\/k2\/items\/cache\/3e3c9f6cdd1dabff15a6a056d1bc433e_S.jpg\" alt=\"Les technologies modernes pour lutter contre la violence dans les stades\"><\/div>\n<div class=\"K2FeedIntroText\">\n<p>\u00a0<\/p>\n<p><strong>ALGER &#8211; Les autorit\u00e9s alg\u00e9riennes ont d\u00e9cid\u00e9 de miser sur les technologies modernes pour contrecarrer le ph\u00e9nom\u00e8ne de la violence dans les stades qui ne cesse de prendre des proportions alarmantes.<\/strong><\/p>\n<\/div>\n<div class=\"K2FeedFullText\">\n<p>Le Gouvernement, qui s&rsquo;est r\u00e9uni mercredi sous la pr\u00e9sidence du Premier ministre Noureddine Bedoui, a examin\u00e9 les moyens de lutter contre la violence dans les stades.<\/p>\n<p>Deux expos\u00e9s sur les mesures \u00e0 prendre ont \u00e9t\u00e9 pr\u00e9sent\u00e9s par le ministre de la Jeunesse et des Sports, Raouf Salim Bernaoui et son homologue de l&rsquo;Int\u00e9rieur, des Collectivit\u00e9s locales et de l&rsquo;Am\u00e9nagement du territoire, Salaheddine Dahmoune, selon un communiqu\u00e9 des services du Premier ministre.<\/p>\n<p>M. Bedoui a donn\u00e9, \u00e0 cette occasion, des orientations pour le d\u00e9but progressif de la mise en oeuvre des mesures propos\u00e9es par les deux ministres, dans le cadre d&rsquo;une strat\u00e9gie et sous le contr\u00f4le et l&rsquo;\u00e9valuation p\u00e9riodiques d&rsquo;une instance nationale charg\u00e9e de la lutte contre la violence dans les stades avec l&rsquo;implication de tous les acteurs, y compris la F\u00e9d\u00e9ration alg\u00e9rienne de football (FAF), les ligues, clubs, associations sportives, m\u00e9dias et autres.<\/p>\n<hr>\n<h3>Lire aussi:\u00a0<a href=\"http:\/\/www.aps.dz\/sport\/89477-sports-examen-des-moyens-de-lutte-contre-la-violence-dans-les-stades\" target=\"_blank\" rel=\"noopener noreferrer\">Sports : examen des moyens de lutte contre la violence dans les stades<\/a><\/h3>\n<hr>\n<blockquote>\n<p><em><strong>\u00ab\u00a0En vue de lutter contre ce ph\u00e9nom\u00e8ne, il est imp\u00e9ratif de recourir \u00e0 l\u2019utilisation des technologies modernes, notamment par la mise en service d&rsquo;une base de donn\u00e9es des personnes interdites d\u2019entr\u00e9e aux stades et l\u2019\u00e9quipement de ces derniers en cam\u00e9ras de surveillance, et ce \u00e0 l&rsquo;instar des autres pays afin de faciliter aux services de s\u00e9curit\u00e9 la ma\u00eetrise de la situation durant les matches et les manifestations sportives\u00a0\u00bb, ajoute la m\u00eame source.<\/strong><\/em><\/p>\n<\/blockquote>\n<p>La vid\u00e9o surveillance dans les stades est cit\u00e9e dans l\u2019arr\u00eat\u00e9 du 1er juillet 2010 portant sur le cahier des charges du professionnalisme qui fixe l\u2019organigramme des clubs professionnels.<\/p>\n<p>Selon R\u00e9da Abdouche, membre de la commission de suivi du Symposium sur le renouveau du football alg\u00e9rien, organis\u00e9 par la FAF les 11 et 12 d\u00e9cembre 2017, \u00ab\u00a0aucun club des deux paliers professionnels n\u2019a appliqu\u00e9 enti\u00e8rement cet organigramme qui pr\u00e9voit notamment un responsable de la s\u00e9curit\u00e9 et un responsable des m\u00e9dias, ainsi que la vid\u00e9o surveillance dans les stades\u00a0\u00bb.<\/p>\n<p>\u00ab\u00a0Le Bureau f\u00e9d\u00e9ral a d\u00e9cid\u00e9 d\u2019imposer, pour la saison \u00e0 venir, cette organisation aux clubs qui nous a \u00e9t\u00e9 impos\u00e9e \u00e0 son tour par la CAF et la FIFA. Aucun stade ne sera homologu\u00e9 pour les comp\u00e9titions internationales s\u2019il ne remplit pas les conditions requises\u00a0\u00bb, avait-il indiqu\u00e9 \u00e0 l&rsquo;APS en d\u00e9cembre dernier, lors de la pr\u00e9sentation du document final relatif au symposium au ministre de la Jeunesse et des Sports de l&rsquo;\u00e9poque, Mohamed Hattab.<\/p>\n<p>\u00a0<\/p>\n<p style=\"text-align: center;\"><strong>M\u00eame les autres disciplines n&rsquo;y \u00e9chappent pas<\/strong><\/p>\n<p>\u00a0<\/p>\n<p>La violence dans les stades et dans l\u2019environnement imm\u00e9diat de ces enceintes est devenue ces derni\u00e8res ann\u00e9es de plus en plus pr\u00e9sente, gangrenant le football mais aussi d&rsquo;autres disciplines au point de devenir un fl\u00e9au face auquel tous les dispositifs pr\u00f4n\u00e9s ont \u00e9chou\u00e9 jusqu&rsquo;\u00e0 maintenant.<\/p>\n<p>En football, les ann\u00e9es passent et se ressemblent \u00e0 travers cette violence r\u00e9currente dans les stades qui est devenue une fa\u00e7on de s&rsquo;exprimer du supporter lequel ne trouve plus d&rsquo;autres moyens de prouver qu&rsquo;il est partie prenante de l&rsquo;\u00e9v\u00e8nement que par ces actes d\u00e9passant le cadre purement sportif.<\/p>\n<p>Apr\u00e8s une relative accalmie, 2018 a \u00e9t\u00e9 marqu\u00e9e par le retour de ce fl\u00e9au au premier plan dans les stades de football, avec 53 cas de violence enregistr\u00e9s sur le territoire national (385 personnes bless\u00e9es dont 105 policiers et 66 v\u00e9hicules endommag\u00e9s dont 53 appartenant aux services de l&rsquo;ordre), selon des chiffres de la Direction g\u00e9n\u00e9rale de la s\u00fbret\u00e9 nationale (DGSN) arr\u00eat\u00e9s au 17 novembre dernier.<\/p>\n<p>Pour la saison 2018-2019, trois matches de Ligue 1 sortent du lot au vu de la gravit\u00e9 des actes de violence les ayant \u00e9maill\u00e9s dans et en dehors des stades. Il s&rsquo;agit, par ordre chronologique, de CA Bordj Bou Arr\u00e9ridj &#8211; MC Alger, MC Alger &#8211; USM Bel-Abb\u00e8s et USM Alger &#8211; CS Constantine, avec des d\u00e9g\u00e2ts mat\u00e9riels et des bless\u00e9s du c\u00f4t\u00e9 des supporters et des policiers et m\u00eame des agressions contre des joueurs du \u00ab\u00a0Doyen\u00a0\u00bb lors de leur d\u00e9placement \u00e0 Bordj.<\/p>\n<hr>\n<h3>Lire aussi:\u00a0<a href=\"http:\/\/www.aps.dz\/sport\/82969-2018-violence-dans-les-stades-la-violence-gangrene-le-sport-algerien\" target=\"_blank\" rel=\"noopener noreferrer\">2018\/Violence dans les stades: la gangr\u00e8ne du sport alg\u00e9rien<\/a><\/h3>\n<hr>\n<p>La FAF a qualifi\u00e9 ces actes d'\u00a0\u00bbincivils\u00a0\u00bb, s&rsquo;engageant \u00e0 faire face \u00e0 ce \u00ab\u00a0spectacle choquant, aga\u00e7ant et parfois atroce\u00a0\u00bb avec des mesures \u00ab\u00a0n\u00e9cessaires, appropri\u00e9es et s\u2019il le faut draconiennes\u00a0\u00bb.<\/p>\n<blockquote>\n<p><em><strong>Le ph\u00e9nom\u00e8ne de la violence dans les enceintes sportives ne touche pas seulement le football, puisque les autres disciplines collectives ne sont pas \u00e9pargn\u00e9es, notamment le basket-ball. Le dernier \u00e9pisode en date remonte \u00e0 pas plus tard que samedi dernier, quand le commissaire au match Khaled Madi a d\u00e9cid\u00e9 d&rsquo;arr\u00eater la demi-finale du Championnat d&rsquo;Alg\u00e9rie opposant le WO Boufarik au NB Staou\u00e9li, \u00e0 17 secondes du coup de sifflet final suite \u00e0 des jets de projectiles des gradins, mettant en danger les joueurs sur le terrain.<\/strong><\/em><\/p>\n<\/blockquote>\n<p>Pour faire face \u00e0 ce ph\u00e9nom\u00e8ne, l&rsquo;ex-ministre Hattab s&rsquo;\u00e9tait r\u00e9uni d\u00e9but d\u00e9cembre avec les pr\u00e9sidents des f\u00e9d\u00e9rations de football, basket-ball, volley-ball et handball, en pr\u00e9sence du pr\u00e9sident et membres de la commission nationale ex\u00e9cutive de pr\u00e9vention et de lutte contre la violence dans les infrastructures sportives.<\/p>\n<p>Lors de cette rencontre, le ministre, qui a parl\u00e9 une fois de \u00ab\u00a0climat de guerre\u00a0\u00bb dans les stades alg\u00e9riens, a donn\u00e9 des instructions aux membres de ladite commission, install\u00e9e en d\u00e9cembre 2017, \u00e0 l&rsquo;effet d&rsquo;organiser des r\u00e9unions p\u00e9riodiques avec toutes les f\u00e9d\u00e9rations sportives et ligues r\u00e9gionales afin de tenter d&rsquo;\u00e9radiquer ce fl\u00e9au.<\/p>\n<\/div>\n<p><img loading=\"lazy\" decoding=\"async\" src=\"http:\/\/feeds.feedburner.com\/~r\/aps-sport\/~4\/mNRW9USZW0E\" height=\"1\" width=\"1\" alt=\"\"><\/div>\n<p>Auteur:<br \/>\n<a href=\"http:\/\/www.aps.dz\/sport\/89509-les-technologies-modernes-pour-lutter-contre-la-violence-dans-les-stades?utm_source=feedburner&#038;utm_medium=feed&#038;utm_campaign=Feed%3A+aps-sport+%28APS+-+SPORT%29\">Cliquez ici pour lire l&rsquo;article depuis sa source.<\/a><\/p>\n","protected":false},"excerpt":{"rendered":"<p>\u00a0 ALGER &#8211; Les autorit\u00e9s alg\u00e9riennes ont d\u00e9cid\u00e9 de miser sur les technologies modernes pour contrecarrer le ph\u00e9nom\u00e8ne de la violence dans les stades qui ne cesse de prendre des proportions alarmantes. Le Gouvernement, qui s&rsquo;est r\u00e9uni mercredi sous la pr\u00e9sidence du Premier ministre Noureddine Bedoui, a examin\u00e9 les moyens de lutter contre la violence [&hellip;]<\/p>\n","protected":false},"author":1790,"featured_media":34684,"comment_status":"closed","ping_status":"closed","sticky":false,"template":"","format":"standard","meta":{"fifu_image_url":"","fifu_image_alt":"","footnotes":""},"categories":[53,75],"tags":[],"class_list":["post-34683","post","type-post","status-publish","format-standard","has-post-thumbnail","hentry","category-algerie","category-sport"],"_links":{"self":[{"href":"https:\/\/linitiative.ca\/International\/wp-json\/wp\/v2\/posts\/34683","targetHints":{"allow":["GET"]}}],"collection":[{"href":"https:\/\/linitiative.ca\/International\/wp-json\/wp\/v2\/posts"}],"about":[{"href":"https:\/\/linitiative.ca\/International\/wp-json\/wp\/v2\/types\/post"}],"author":[{"embeddable":true,"href":"https:\/\/linitiative.ca\/International\/wp-json\/wp\/v2\/users\/1790"}],"replies":[{"embeddable":true,"href":"https:\/\/linitiative.ca\/International\/wp-json\/wp\/v2\/comments?post=34683"}],"version-history":[{"count":0,"href":"https:\/\/linitiative.ca\/International\/wp-json\/wp\/v2\/posts\/34683\/revisions"}],"wp:featuredmedia":[{"embeddable":true,"href":"https:\/\/linitiative.ca\/International\/wp-json\/"}],"wp:attachment":[{"href":"https:\/\/linitiative.ca\/International\/wp-json\/wp\/v2\/media?parent=34683"}],"wp:term":[{"taxonomy":"category","embeddable":true,"href":"https:\/\/linitiative.ca\/International\/wp-json\/wp\/v2\/categories?post=34683"},{"taxonomy":"post_tag","embeddable":true,"href":"https:\/\/linitiative.ca\/International\/wp-json\/wp\/v2\/tags?post=34683"}],"curies":[{"name":"wp","href":"https:\/\/api.w.org\/{rel}","templated":true}]}}