{"id":34696,"date":"2019-05-16T05:00:59","date_gmt":"2019-05-16T09:00:59","guid":{"rendered":"https:\/\/linitiative.ca\/International\/chorfa-bouira-un-investissement-de-120-millions-de-dinars-bloque\/"},"modified":"2019-05-16T05:00:59","modified_gmt":"2019-05-16T09:00:59","slug":"chorfa-bouira-un-investissement-de-120-millions-de-dinars-bloque","status":"publish","type":"post","link":"https:\/\/linitiative.ca\/International\/chorfa-bouira-un-investissement-de-120-millions-de-dinars-bloque\/","title":{"rendered":"Chorfa (Bouira) : Un investissement de 120 millions de dinars bloqu\u00e9"},"content":{"rendered":"<h4 class=\"title-14\"\/>\n<p class=\"p3\"><span class=\"s4\"><strong>L<\/strong><\/span>e projet d\u2019une laiterie install\u00e9e dans la localit\u00e9 de Toughza, relevant de la commune de Chorfa, \u00e0 l\u2019est de Bouira, est bloqu\u00e9 depuis 2016. Apr\u00e8s avoir eu une autorisation d\u2019exploitation, le propri\u00e9taire de la laiterie, Moussa Akil, se trouve dans une situation inextricable.<\/p>\n<p class=\"p3\">Selon lui, l\u2019Office national interprofessionnel du lait et des produits laitiers (ONIL) refuse de lui d\u00e9livrer son quota de poudre de lait. <em>\u00abJ\u2019ai investi 120 millions de dinars pour installer cette usine. Toutes les installations \u00e9taient pr\u00eates pour entrer en production. J\u2019ai m\u00eame eu des encouragements des ex-walis de Bouira.<\/em><\/p>\n<p class=\"p3\"><em>Cependant, faute de mati\u00e8re premi\u00e8re, la laiterie, qui pr\u00e9voyait d\u2019embaucher une centaine d\u2019ouvriers, n\u2019a pas d\u00e9marr\u00e9. Je perds espoir apr\u00e8s plus de 3 ann\u00e9es d\u2019attente\u00bb<\/em>, d\u00e9plore-t-il. Ce blocage intervient \u00e0 un moment o\u00f9 la wilaya de Bouira conna\u00eet une p\u00e9nurie sans pr\u00e9c\u00e9dent en mati\u00e8re de lait en sachet.<\/p>\n<p class=\"p3\">Les besoins de la population locale s\u2019\u00e9l\u00e8vent \u00e0 plus de 230 000 litres par jour. Or, les deux mini-laiteries actives au niveau de la wilaya ne produisent que 36 000 l de lait par jour. Le d\u00e9ficit de pr\u00e8s de 200 000 l est combl\u00e9 par les laiteries des wilayas de B\u00e9ja\u00efa, Boumerd\u00e8s et Tizi Ouzou.<\/p>\n<p class=\"p3\"><em>\u00abAvec une capacit\u00e9 de production initiale de 40 000 l par 8 heures, ma laiterie pourra absorber une partie de la demande. Je pourrai m\u00eame doubler la cadence pour atteindre les 100 000 l. Malheureusement, le dossier que j\u2019avais d\u00e9pos\u00e9 au niveau de l\u2019ONIL pour l\u2019obtention d\u2019un quota de poudre de lait, n\u2019a pas eu de suite depuis 2015 et sans aucun motif.<\/em><\/p>\n<p class=\"p3\"><em>J\u2019ai frapp\u00e9 \u00e0 toutes les portes pour d\u00e9bloquer la situation, mais en vain\u00bb<\/em>, d\u00e9plore notre interlocuteur, qui fait savoir qu\u2019il avait aussi projet\u00e9 de se lancer dans l\u2019\u00e9levage bovin de production laiti\u00e8re avec les agriculteurs locaux. <em>\u00abMalheureusement, j\u2019ai tout d\u00e9pens\u00e9 dans les installations de la laiterie.<\/em><\/p>\n<p class=\"p3\"><em>C\u2019est difficile d\u2019investir des milliards et de ne rien gagner en contrepartie\u00bb<\/em>, regrette l\u2019investisseur. A Bouira, au lieu d\u2019assister les investisseurs cr\u00e9ateurs d\u2019emplois, les pouvoirs publics ne semblent pas trop s\u2019en soucier.<\/p>\n<div class=\"yuzo_related_post style-1\" data-version=\"5.12.88\">\n<p><h3>Related Post<\/h3>\n<\/p>\n<div class=\"yuzo_wraps\">\n<div class=\"relatedthumb relatedpost-552420 c12\"><a href=\"https:\/\/www.elwatan.com\/regions\/kabylie\/bejaia\/entre-deprime-fiscale-et-besoins-cumules-2-08-04-2018\"\/><\/p>\n<p><span class=\"yuzo__text--title c11\">Entre d\u00e9prime fiscale et besoins cumul\u00e9s<\/span><\/div>\n<div class=\"relatedthumb relatedpost-558549 c12\"><a href=\"https:\/\/www.elwatan.com\/edition\/culture\/samedis-du-patrimoine-2019-communication-de-denis-martinez-16-02-2019\"\/><\/p>\n<p><span class=\"yuzo__text--title c11\">\u00abSamedis du patrimoine 2019\u00bb : Communication de De&#8230;<\/span><\/div>\n<div class=\"relatedthumb relatedpost-563147 c12\"><a href=\"https:\/\/www.elwatan.com\/edition\/actualite\/des-associations-locales-pour-linstallation-dun-conseil-des-sages-11-03-2019\"\/><\/p>\n<p><span class=\"yuzo__text--title c11\">Des associations locales pour l\u2019installation d\u2019un &#8230;<\/span><\/div>\n<div class=\"relatedthumb relatedpost-140820 c12\"><a href=\"https:\/\/www.elwatan.com\/edition\/culture\/la-bataille-dalger-un-film-dans-lhistoire-en-competition-24-07-2018\"\/><\/p>\n<p><span class=\"yuzo__text--title c11\">La Bataille d\u2019Alger, un film dans l\u2019histoire en co&#8230;<\/span><\/div>\n<\/div>\n<\/div>\n<p><span class=\"post-views-label\">Post Views:<\/span> <span class=\"post-views-count\">148<\/span><\/p>\n<p>Auteur: Anis Khecheba<br \/>\n<a href=\"https:\/\/www.elwatan.com\/regions\/kabylie\/bouira\/chorfa-bouira-un-investissement-de-120-millions-de-dinars-bloque-16-05-2019\">Cliquez ici pour lire l&rsquo;article depuis sa source.<\/a><\/p>\n","protected":false},"excerpt":{"rendered":"<p>Le projet d\u2019une laiterie install\u00e9e dans la localit\u00e9 de Toughza, relevant de la commune de Chorfa, \u00e0 l\u2019est de Bouira, est bloqu\u00e9 depuis 2016. Apr\u00e8s avoir eu une autorisation d\u2019exploitation, le propri\u00e9taire de la laiterie, Moussa Akil, se trouve dans une situation inextricable. Selon lui, l\u2019Office national interprofessionnel du lait et des produits laitiers (ONIL) [&hellip;]<\/p>\n","protected":false},"author":1743,"featured_media":0,"comment_status":"closed","ping_status":"closed","sticky":false,"template":"","format":"standard","meta":{"fifu_image_url":"","fifu_image_alt":"","footnotes":""},"categories":[73,53],"tags":[],"class_list":["post-34696","post","type-post","status-publish","format-standard","hentry","category-actualite","category-algerie"],"_links":{"self":[{"href":"https:\/\/linitiative.ca\/International\/wp-json\/wp\/v2\/posts\/34696","targetHints":{"allow":["GET"]}}],"collection":[{"href":"https:\/\/linitiative.ca\/International\/wp-json\/wp\/v2\/posts"}],"about":[{"href":"https:\/\/linitiative.ca\/International\/wp-json\/wp\/v2\/types\/post"}],"author":[{"embeddable":true,"href":"https:\/\/linitiative.ca\/International\/wp-json\/wp\/v2\/users\/1743"}],"replies":[{"embeddable":true,"href":"https:\/\/linitiative.ca\/International\/wp-json\/wp\/v2\/comments?post=34696"}],"version-history":[{"count":0,"href":"https:\/\/linitiative.ca\/International\/wp-json\/wp\/v2\/posts\/34696\/revisions"}],"wp:attachment":[{"href":"https:\/\/linitiative.ca\/International\/wp-json\/wp\/v2\/media?parent=34696"}],"wp:term":[{"taxonomy":"category","embeddable":true,"href":"https:\/\/linitiative.ca\/International\/wp-json\/wp\/v2\/categories?post=34696"},{"taxonomy":"post_tag","embeddable":true,"href":"https:\/\/linitiative.ca\/International\/wp-json\/wp\/v2\/tags?post=34696"}],"curies":[{"name":"wp","href":"https:\/\/api.w.org\/{rel}","templated":true}]}}