{"id":34697,"date":"2019-05-16T05:05:41","date_gmt":"2019-05-16T09:05:41","guid":{"rendered":"https:\/\/linitiative.ca\/International\/ali-laskri-denonce-lentetement-des-tenants-du-pouvoir-une-election-presidentielle-le-4-juillet-est-un-non-sens\/"},"modified":"2019-05-16T05:05:41","modified_gmt":"2019-05-16T09:05:41","slug":"ali-laskri-denonce-lentetement-des-tenants-du-pouvoir-une-election-presidentielle-le-4-juillet-est-un-non-sens","status":"publish","type":"post","link":"https:\/\/linitiative.ca\/International\/ali-laskri-denonce-lentetement-des-tenants-du-pouvoir-une-election-presidentielle-le-4-juillet-est-un-non-sens\/","title":{"rendered":"Ali Laskri d\u00e9nonce l\u2019ent\u00eatement des tenants du pouvoir : \u00abUne \u00e9lection pr\u00e9sidentielle le 4 juillet est un non-sens\u00bb"},"content":{"rendered":"<h4 class=\"title-14\"\/>\n<div class=\"featured_image\"><img width=\"934\" height=\"1209\" data-cfsrc=\"https:\/\/www.elwatan.com\/wp-content\/uploads\/2019\/05\/laskri-lyes-col.jpg\" class=\"attachment-post-thumbnail size-post-thumbnail wp-post-image c1\" alt=\"\" srcset=\"https:\/\/www.elwatan.com\/wp-content\/uploads\/2019\/05\/laskri-lyes-col.jpg 934w, https:\/\/www.elwatan.com\/wp-content\/uploads\/2019\/05\/laskri-lyes-col-232x300.jpg 232w, https:\/\/www.elwatan.com\/wp-content\/uploads\/2019\/05\/laskri-lyes-col-768x994.jpg 768w, https:\/\/www.elwatan.com\/wp-content\/uploads\/2019\/05\/laskri-lyes-col-791x1024.jpg 791w\" sizes=\"(max-width: 934px) 100vw, 934px\"\/><noscript><\/p>\n<p><img loading=\"lazy\" decoding=\"async\" width=\"934\" height=\"1209\" src=\"https:\/\/www.elwatan.com\/wp-content\/uploads\/2019\/05\/laskri-lyes-col.jpg\" class=\"attachment-post-thumbnail size-post-thumbnail wp-post-image\" alt=\"\" srcset=\"https:\/\/www.elwatan.com\/wp-content\/uploads\/2019\/05\/laskri-lyes-col.jpg 934w, https:\/\/www.elwatan.com\/wp-content\/uploads\/2019\/05\/laskri-lyes-col-232x300.jpg 232w, https:\/\/www.elwatan.com\/wp-content\/uploads\/2019\/05\/laskri-lyes-col-768x994.jpg 768w, https:\/\/www.elwatan.com\/wp-content\/uploads\/2019\/05\/laskri-lyes-col-791x1024.jpg 791w\" sizes=\"auto, (max-width: 934px) 100vw, 934px\"\/><\/p>\n<p><\/noscript> <span class=\"featured-image-caption\">(Photo : Ly\u00e8s Hebbache )<\/span><\/div>\n<p>La priorit\u00e9 aujourd\u2019hui est d\u2019asseoir un Etat de droit et non l\u2019organisation d\u2019une \u00e9lection pr\u00e9sidentielle le 4 juillet et si l\u2019on veut une solution durable, il faut aller vers une Assembl\u00e9e constituante.\u00bb<\/p>\n<p>Il s\u2019agit l\u00e0 d\u2019un principe d\u00e9fendu hier par Ali Laskri, coordinateur du FFS, lors de son passage au forum du quotidien Libert\u00e9 pour d\u00e9battre de la question relative \u00e0 \u00abL\u2019initiative politique pour l\u2019av\u00e8nement de la IIe R\u00e9publique\u00bb.<\/p>\n<p>Ali Laskri a propos\u00e9 hier une nouvelle feuille de route pour une sortie de crise. De son avis, le d\u00e9part du syst\u00e8me est une condition sine qua non pour cr\u00e9er un climat de confiance dans la soci\u00e9t\u00e9 en vue d\u2019une transition d\u00e9mocratique et l\u2019ouverture d\u2019un dialogue.<\/p>\n<p>Ce dernier devrait se faire, explique Laskri, avec la participation de tous les acteurs politiques et sociaux ind\u00e9pendants, notamment les syndicats autonomes, des personnalit\u00e9s ind\u00e9pendantes, des universitaires et des leaders d\u2019opinions.<\/p>\n<p>Pour la r\u00e9ussite de ce dialogue, le pouvoir devrait renoncer, sugg\u00e8re Laskri, aux pratiques de menaces \u00e0 l\u2019adresse des repr\u00e9sentants des droits de l\u2019homme. Il faut aussi qu\u2019il y ait la s\u00e9paration des pouvoirs et le rejet de la violence, qui est un moyen de r\u00e9pression.<\/p>\n<p>En somme, il faut l\u2019\u00e9lection d\u2019une Assembl\u00e9e constituante, la r\u00e9daction d\u2019une nouvelle Constitution, puis l\u2019organisation d\u2019\u00e9lections pr\u00e9sidentielle, l\u00e9gislatives et locales.<\/p>\n<p>\u00abL\u2019Alg\u00e9rie n\u2019est pas un Etat de droit, sa justice n\u2019est pas ind\u00e9pendante, donc sur quelle base se sont faites les derni\u00e8res arrestations ? Aujourd\u2019hui, il y a l\u2019impunit\u00e9 et nous sommes solidaires avec le Parti des travailleurs et Louisa Hanoune et nous avons de tout temps d\u00e9nonc\u00e9 la corruption qui gangr\u00e8ne les institutions et les oligarques. Nous ne nous inscrirons jamais dans la logique des r\u00e8glements de comptes\u00bb, d\u00e9clare\u00a0Laskri.<\/p>\n<p>La priorit\u00e9 aujourd\u2019hui est selon lui est d\u2019aller vers une p\u00e9riode de transition qui doit \u00eatre de courte dur\u00e9e, la mise sur pied d\u2019une convention nationale suivie d\u2019une institution de contr\u00f4le de la transition. L\u2019institution militaire doit se retirer du champ politique et doit avoir comme seul r\u00f4le d\u2019accompagner cette transition. \u00abNous avons entrepris des d\u00e9marches pour faire conna\u00eetre ce plan de sortie de crise.<\/p>\n<p>Nous avons rencontr\u00e9 des repr\u00e9sentants de la soci\u00e9t\u00e9 civile, des associations, des syndicats, des droits de l\u2019homme, des partis politiques, mais contrairement \u00e0 ce qui s\u2019est dit nous n\u2019avons jamais rencontr\u00e9 ni les partis au pouvoir, ni Lakhdar Ibranimi ni le g\u00e9n\u00e9ral Toufik et encore moins Said Bouteflika\u00bb, pr\u00e9cise Laskri qui rappelle que le FFS a toujours \u00e9t\u00e9 pour le dialogue, mais tout a \u00e9t\u00e9 fait pour neutraliser le FFS et faire \u00e9chouer\u00a0ses initiatives, notamment la conf\u00e9rence nationale.<\/p>\n<p>Laskri estime que l\u2019institution militaire doit r\u00e9pondre aux revendications de la rue, en premier lieu l\u2019instauration d\u2019une IIe R\u00e9publique et le d\u00e9part d\u2019une partie du syst\u00e8me, notamment les partis au pouvoir et non les partis de l\u2019opposition. Il d\u00e9nonce, par ailleurs, l\u2019ent\u00eatement du pouvoir et de l\u2019arm\u00e9e \u00e0 d\u00e9fendre l\u2019option d\u2019une \u00e9lection le 4 juillet, alors que les conditions sont loin d\u2019\u00eatre r\u00e9unies. \u00abIl s\u2019agit l\u00e0 d\u2019une perte de temps et un non-sens\u00bb, accuse Laskri.<\/p>\n<p>L\u2019invit\u00e9 du forum est revenu dans le d\u00e9tail sur le\u00a0 projet d\u2019une Assembl\u00e9e constituante qui est une institution coll\u00e9giale, dont les membres sont les repr\u00e9sentants du peuple librement \u00e9lus. Ils auront pour mission de r\u00e9diger une Constitution qui sera soumise \u00e0 r\u00e9f\u00e9rendum \u00e0 la population. Ce qui ouvrira la voie \u00e0 des \u00e9lections pr\u00e9sidentielle, l\u00e9gislatives et locales, libres et transparentes.<\/p>\n<div class=\"yuzo_related_post style-1\" data-version=\"5.12.88\">\n<p><h3>Related Post<\/h3>\n<\/p>\n<div class=\"yuzo_wraps\">\n<div class=\"relatedthumb relatedpost-305820 c12\"><a href=\"https:\/\/www.elwatan.com\/edition\/actualite\/journee-mondiale-des-droits-de-lhomme-le-wali-interdit-une-conference-10-12-2018\"\/><\/p>\n<p><span class=\"yuzo__text--title c11\">Journ\u00e9e mondiale des droits de l\u2019homme : Le wali i&#8230;<\/span><\/div>\n<div class=\"relatedthumb relatedpost-573301 c12\"><a href=\"https:\/\/www.elwatan.com\/pages-hebdo\/magazine\/un-lieu-emblematique-de-la-revolution-du-22-fevrier-25-04-2019\"\/><\/p>\n<p><span class=\"yuzo__text--title c11\">Un lieu embl\u00e9matique de la R\u00e9volution du 22 f\u00e9vrie&#8230;<\/span><\/div>\n<div class=\"relatedthumb relatedpost-569444 c12\"><a href=\"https:\/\/www.elwatan.com\/edition\/sports\/mob-alain-michel-mise-sur-9-points-13-04-2019\"\/><\/p>\n<p><span class=\"yuzo__text--title c11\">MOB :\u00a0Alain Michel mise sur 9 points<\/span><\/div>\n<div class=\"relatedthumb relatedpost-560927 c12\"><a href=\"https:\/\/www.elwatan.com\/edito\/un-sursaut-democratique-28-02-2019\"\/><\/p>\n<p><span class=\"yuzo__text--title c11\">Un sursaut d\u00e9mocratique<\/span><\/div>\n<\/div>\n<\/div>\n<p><span class=\"post-views-label\">Post Views:<\/span> <span class=\"post-views-count\">490<\/span><\/p>\n<p>Auteur: Hicham Chouadria<br \/>\n<a href=\"https:\/\/www.elwatan.com\/edition\/actualite\/ali-laskri-denonce-lentetement-des-tenants-du-pouvoir-une-election-presidentielle-le-4-juillet-est-un-non-sens-16-05-2019\">Cliquez ici pour lire l&rsquo;article depuis sa source.<\/a><\/p>\n","protected":false},"excerpt":{"rendered":"<p>(Photo : Ly\u00e8s Hebbache ) La priorit\u00e9 aujourd\u2019hui est d\u2019asseoir un Etat de droit et non l\u2019organisation d\u2019une \u00e9lection pr\u00e9sidentielle le 4 juillet et si l\u2019on veut une solution durable, il faut aller vers une Assembl\u00e9e constituante.\u00bb Il s\u2019agit l\u00e0 d\u2019un principe d\u00e9fendu hier par Ali Laskri, coordinateur du FFS, lors de son passage au [&hellip;]<\/p>\n","protected":false},"author":1743,"featured_media":34698,"comment_status":"closed","ping_status":"closed","sticky":false,"template":"","format":"standard","meta":{"fifu_image_url":"","fifu_image_alt":"","footnotes":""},"categories":[73,53],"tags":[],"class_list":["post-34697","post","type-post","status-publish","format-standard","has-post-thumbnail","hentry","category-actualite","category-algerie"],"_links":{"self":[{"href":"https:\/\/linitiative.ca\/International\/wp-json\/wp\/v2\/posts\/34697","targetHints":{"allow":["GET"]}}],"collection":[{"href":"https:\/\/linitiative.ca\/International\/wp-json\/wp\/v2\/posts"}],"about":[{"href":"https:\/\/linitiative.ca\/International\/wp-json\/wp\/v2\/types\/post"}],"author":[{"embeddable":true,"href":"https:\/\/linitiative.ca\/International\/wp-json\/wp\/v2\/users\/1743"}],"replies":[{"embeddable":true,"href":"https:\/\/linitiative.ca\/International\/wp-json\/wp\/v2\/comments?post=34697"}],"version-history":[{"count":0,"href":"https:\/\/linitiative.ca\/International\/wp-json\/wp\/v2\/posts\/34697\/revisions"}],"wp:featuredmedia":[{"embeddable":true,"href":"https:\/\/linitiative.ca\/International\/wp-json\/"}],"wp:attachment":[{"href":"https:\/\/linitiative.ca\/International\/wp-json\/wp\/v2\/media?parent=34697"}],"wp:term":[{"taxonomy":"category","embeddable":true,"href":"https:\/\/linitiative.ca\/International\/wp-json\/wp\/v2\/categories?post=34697"},{"taxonomy":"post_tag","embeddable":true,"href":"https:\/\/linitiative.ca\/International\/wp-json\/wp\/v2\/tags?post=34697"}],"curies":[{"name":"wp","href":"https:\/\/api.w.org\/{rel}","templated":true}]}}