{"id":34720,"date":"2019-05-15T19:53:41","date_gmt":"2019-05-15T23:53:41","guid":{"rendered":"https:\/\/linitiative.ca\/International\/kamal-lahlou-nomme-membre-de-la-commission-marketing-du-cio\/"},"modified":"2019-05-15T19:53:41","modified_gmt":"2019-05-15T23:53:41","slug":"kamal-lahlou-nomme-membre-de-la-commission-marketing-du-cio","status":"publish","type":"post","link":"https:\/\/linitiative.ca\/International\/kamal-lahlou-nomme-membre-de-la-commission-marketing-du-cio\/","title":{"rendered":"Kamal Lahlou nomm\u00e9 membre de la Commission Marketing du CIO"},"content":{"rendered":"<p>Le pr\u00e9sident du Comit\u00e9 international olympique (CIO), Thomas Bach, a nomm\u00e9 le vice-pr\u00e9sident du Comit\u00e9 national olympique marocain (CNOM), Kamal Lahlou, membre au sein de la <strong>Commission Marketing<\/strong> du CIO.<\/p>\n<div class=\"c10\"\/>\n<p>Cette nomination s\u2019inscrit dans le cadre de la recommandation 40 de l\u2019agenda olympique 2020, v\u00e9ritable feuille de route de l\u2019actuel pr\u00e9sident et avec l\u2019accord des pr\u00e9sidents de Commissions, indique le <strong>CIO<\/strong>.<\/p>\n<p>La cons\u00e9cration de Kamal Lahlou intervient apr\u00e8s sa nomination \u00e0 la m\u00eame commission au sein de l\u2019Association des Comit\u00e9s nationaux olympiques.<\/p>\n<p>Il s\u2019agit d\u2019une reconnaissance internationale du parcours de <strong>Kamal Lahlou<\/strong> au sein du mouvement olympique, de son d\u00e9vouement et de sa comp\u00e9tence. Cette nomination constitue \u00e9galement une distinction pour l\u2019olympisme marocain et le r\u00f4le qu\u2019il joue au sein des instances internationales.<\/p>\n<div class=\"c17\">\n<fieldset class=\"c16\">\n<legend><strong><span class=\"c11\">Challenge<\/span><span class=\"c12\">news<\/span><\/strong><\/legend>\n<div class=\"c15\">Le meilleur de la r\u00e9daction s\u00e9lectionn\u00e9 par Challenge :<\/p>\n<\/div>\n<\/fieldset>\n<\/div>\n<p>Auteur: Karim Handaoui<br \/>\n<a href=\"https:\/\/www.challenge.ma\/kamal-lahlou-nomme-membre-de-la-commission-marketing-du-cio-109178\/\">Cliquez ici pour lire l&rsquo;article depuis sa source.<\/a><\/p>\n","protected":false},"excerpt":{"rendered":"<p>Le pr\u00e9sident du Comit\u00e9 international olympique (CIO), Thomas Bach, a nomm\u00e9 le vice-pr\u00e9sident du Comit\u00e9 national olympique marocain (CNOM), Kamal Lahlou, membre au sein de la Commission Marketing du CIO. Cette nomination s\u2019inscrit dans le cadre de la recommandation 40 de l\u2019agenda olympique 2020, v\u00e9ritable feuille de route de l\u2019actuel pr\u00e9sident et avec l\u2019accord des [&hellip;]<\/p>\n","protected":false},"author":1787,"featured_media":0,"comment_status":"closed","ping_status":"closed","sticky":false,"template":"","format":"standard","meta":{"fifu_image_url":"","fifu_image_alt":"","footnotes":""},"categories":[78,54],"tags":[],"class_list":["post-34720","post","type-post","status-publish","format-standard","hentry","category-economie","category-maroc"],"_links":{"self":[{"href":"https:\/\/linitiative.ca\/International\/wp-json\/wp\/v2\/posts\/34720","targetHints":{"allow":["GET"]}}],"collection":[{"href":"https:\/\/linitiative.ca\/International\/wp-json\/wp\/v2\/posts"}],"about":[{"href":"https:\/\/linitiative.ca\/International\/wp-json\/wp\/v2\/types\/post"}],"author":[{"embeddable":true,"href":"https:\/\/linitiative.ca\/International\/wp-json\/wp\/v2\/users\/1787"}],"replies":[{"embeddable":true,"href":"https:\/\/linitiative.ca\/International\/wp-json\/wp\/v2\/comments?post=34720"}],"version-history":[{"count":0,"href":"https:\/\/linitiative.ca\/International\/wp-json\/wp\/v2\/posts\/34720\/revisions"}],"wp:attachment":[{"href":"https:\/\/linitiative.ca\/International\/wp-json\/wp\/v2\/media?parent=34720"}],"wp:term":[{"taxonomy":"category","embeddable":true,"href":"https:\/\/linitiative.ca\/International\/wp-json\/wp\/v2\/categories?post=34720"},{"taxonomy":"post_tag","embeddable":true,"href":"https:\/\/linitiative.ca\/International\/wp-json\/wp\/v2\/tags?post=34720"}],"curies":[{"name":"wp","href":"https:\/\/api.w.org\/{rel}","templated":true}]}}