{"id":34744,"date":"2019-05-16T16:49:13","date_gmt":"2019-05-16T20:49:13","guid":{"rendered":"https:\/\/linitiative.ca\/International\/tunisie-neji-jalloul-va-porter-plainte-contre-ceux-qui-veulent-salir-la-memoire-de-bourguiba\/"},"modified":"2019-05-16T16:49:13","modified_gmt":"2019-05-16T20:49:13","slug":"tunisie-neji-jalloul-va-porter-plainte-contre-ceux-qui-veulent-salir-la-memoire-de-bourguiba","status":"publish","type":"post","link":"https:\/\/linitiative.ca\/International\/tunisie-neji-jalloul-va-porter-plainte-contre-ceux-qui-veulent-salir-la-memoire-de-bourguiba\/","title":{"rendered":"Tunisie \u2013 N\u00e9ji Jalloul va porter plainte contre ceux qui veulent salir la m\u00e9moire de Bourguiba"},"content":{"rendered":"<div class=\"post-cont-in left relative\">\n<p>Le leader au sein de Nidaa Tounes, N\u00e9ji Jalloul, n\u2019a, apparemment, pas support\u00e9 qu\u2019au nom d\u2019une soi-disant justice transitionnelle, on veuille salir la m\u00e9moire du Za\u00efm Habib Bourguiba.<\/p>\n<p>Il a annonc\u00e9 qu\u2019en sa qualit\u00e9 de descendant d\u2019un militant destourien, il allait porter plainte contre tous ceux qui veulent salir la m\u00e9moire de Bourguiba et ses compagnons.<\/p>\n<div class=\"code-block code-block-1 c3\"><ins class=\"adsbygoogle c2\" data-ad-layout=\"in-article\" data-ad-format=\"fluid\" data-ad-client=\"ca-pub-2102118777505746\" data-ad-slot=\"7301775417\"\/> <\/div>\n<p><img loading=\"lazy\" decoding=\"async\" class=\"aligncenter size-full wp-image-435091\" src=\"https:\/\/www.tunisienumerique.com\/wp-content\/uploads\/2019\/05\/jalloul-1.jpg\" alt=\"\" width=\"549\" height=\"496\"\/><\/p>\n<div class=\"mvp-org-wrap mvp-org-logo\" itemprop=\"publisher\" itemscope=\"\" itemtype=\"https:\/\/schema.org\/Organization\"><img decoding=\"async\" src=\"https:\/\/www.tunisienumerique.com\/wp-content\/uploads\/2017\/02\/logo_tunisie_numerique.png\"\/><\/div>\n<div class=\"mvp-related-posts left relative\">\n<h4 class=\"post-header\"><span class=\"post-header\">Lire aussi<\/span><\/h4>\n<\/div>\n<\/div>\n<p>Auteur: LM<br \/>\n<a href=\"https:\/\/www.tunisienumerique.com\/tunisie-neji-jalloul-va-porter-plainte-contre-ceux-qui-veulent-salir-la-memoire-de-bourguiba\/\">Cliquez ici pour lire l&rsquo;article depuis sa source.<\/a><\/p>\n","protected":false},"excerpt":{"rendered":"<p>Le leader au sein de Nidaa Tounes, N\u00e9ji Jalloul, n\u2019a, apparemment, pas support\u00e9 qu\u2019au nom d\u2019une soi-disant justice transitionnelle, on veuille salir la m\u00e9moire du Za\u00efm Habib Bourguiba. Il a annonc\u00e9 qu\u2019en sa qualit\u00e9 de descendant d\u2019un militant destourien, il allait porter plainte contre tous ceux qui veulent salir la m\u00e9moire de Bourguiba et ses [&hellip;]<\/p>\n","protected":false},"author":1789,"featured_media":34745,"comment_status":"closed","ping_status":"closed","sticky":false,"template":"","format":"standard","meta":{"fifu_image_url":"","fifu_image_alt":"","footnotes":""},"categories":[73,55],"tags":[],"class_list":["post-34744","post","type-post","status-publish","format-standard","has-post-thumbnail","hentry","category-actualite","category-tunisie"],"_links":{"self":[{"href":"https:\/\/linitiative.ca\/International\/wp-json\/wp\/v2\/posts\/34744","targetHints":{"allow":["GET"]}}],"collection":[{"href":"https:\/\/linitiative.ca\/International\/wp-json\/wp\/v2\/posts"}],"about":[{"href":"https:\/\/linitiative.ca\/International\/wp-json\/wp\/v2\/types\/post"}],"author":[{"embeddable":true,"href":"https:\/\/linitiative.ca\/International\/wp-json\/wp\/v2\/users\/1789"}],"replies":[{"embeddable":true,"href":"https:\/\/linitiative.ca\/International\/wp-json\/wp\/v2\/comments?post=34744"}],"version-history":[{"count":0,"href":"https:\/\/linitiative.ca\/International\/wp-json\/wp\/v2\/posts\/34744\/revisions"}],"wp:featuredmedia":[{"embeddable":true,"href":"https:\/\/linitiative.ca\/International\/wp-json\/"}],"wp:attachment":[{"href":"https:\/\/linitiative.ca\/International\/wp-json\/wp\/v2\/media?parent=34744"}],"wp:term":[{"taxonomy":"category","embeddable":true,"href":"https:\/\/linitiative.ca\/International\/wp-json\/wp\/v2\/categories?post=34744"},{"taxonomy":"post_tag","embeddable":true,"href":"https:\/\/linitiative.ca\/International\/wp-json\/wp\/v2\/tags?post=34744"}],"curies":[{"name":"wp","href":"https:\/\/api.w.org\/{rel}","templated":true}]}}