{"id":34752,"date":"2019-05-16T14:50:06","date_gmt":"2019-05-16T18:50:06","guid":{"rendered":"https:\/\/linitiative.ca\/International\/rdc-le-manque-de-fonds-pourrait-ralentir-la-lutte-contre-ebola\/"},"modified":"2019-05-16T14:50:06","modified_gmt":"2019-05-16T18:50:06","slug":"rdc-le-manque-de-fonds-pourrait-ralentir-la-lutte-contre-ebola","status":"publish","type":"post","link":"https:\/\/linitiative.ca\/International\/rdc-le-manque-de-fonds-pourrait-ralentir-la-lutte-contre-ebola\/","title":{"rendered":"RDC: le manque de fonds pourrait ralentir la lutte contre Ebola"},"content":{"rendered":"<div readability=\"32\">\n<p>Publi\u00e9 le 16.05.2019 \u00e0 19h50 par AFP<\/p>\n<\/div>\n<div readability=\"93\">\n<p>La Croix-Rouge a averti jeudi que le grave manque de financement pourrait l\u2019obliger \u00e0 r\u00e9duire ses activit\u00e9s de lutte contre l\u2019\u00e9pid\u00e9mie d\u2019Ebola en RDC, alors que le nombre de cas monte en fl\u00e8che.<\/p>\n<p>\u00ab\u00a0La situation est grave\u00a0\u00bb, a d\u00e9clar\u00e9 le directeur du d\u00e9partement Sant\u00e9 de la F\u00e9d\u00e9ration internationale de la Croix-Rouge (FICR), Emanuele Capobianco, lors d\u2019une conf\u00e9rence de presse \u00e0 Gen\u00e8ve.<\/p>\n<p>\u00ab\u00a0L\u2019ampleur et la qualit\u00e9 des activit\u00e9s qui seront men\u00e9es par les volontaires de la Croix-Rouge diminueront consid\u00e9rablement au cours des deux prochaines semaines, faute de financements suppl\u00e9mentaires\u00a0\u00bb, a-t-il dit.<\/p>\n<p>L\u2019actuelle \u00e9pid\u00e9mie de fi\u00e8vre h\u00e9morragique Ebola, d\u00e9clar\u00e9e en ao\u00fbt dans les provinces du Nord-Kivu et d\u2019Ituri, est la dixi\u00e8me et la plus grave enregistr\u00e9e sur le sol congolais depuis 1976. Elle est la deuxi\u00e8me la plus grave apr\u00e8s celle en Afrique de l\u2019Ouest de 2014-2016 (plus de 11.000 morts en Guin\u00e9e, Sierra Leone et au Liberia principalement).<\/p>\n<p>Depuis le d\u00e9but de l\u2019\u00e9pid\u00e9mie en RDC, il y a eu pr\u00e8s de 1.150 d\u00e9c\u00e8s pour plus de 1.700 cas confirm\u00e9s et probables, selon les derniers chiffres de l\u2019Organisation mondiale de la sant\u00e9 (OMS).<\/p>\n<p>Mais 20% de ces 1.700 cas ont \u00e9t\u00e9 signal\u00e9s au cours des trois derni\u00e8res semaines seulement, a relev\u00e9 M. Capobianco, qualifiant ce pic d&rsquo;\u00a0\u00bbalarmant\u00a0\u00bb.<\/p>\n<p>Les diff\u00e9rentes soci\u00e9t\u00e9s de la Croix-Rouge et du Croissant-Rouge ont re\u00e7u jusqu\u2019\u00e0 pr\u00e9sent moins de la moiti\u00e9 des 31,5 millions de francs suisses (28 millions d\u2019euros) demand\u00e9s pour financer leurs activit\u00e9s.<\/p>\n<p>Sur le terrain, les \u00e9quipes anti-Ebola font face \u00e0 des r\u00e9sistances et des violences.<\/p>\n<p>Plusieurs groupes arm\u00e9s sont actifs dans la r\u00e9gion. En outre, rumeurs et d\u00e9fiance entravent le travail des personnels de sant\u00e9, alors qu\u2019une partie des habitants sont dans un d\u00e9ni de la maladie, prenant parfois des formes violentes.<\/p>\n<p>Les enterrements s\u00e9curis\u00e9s des malades \u2013 conduits par la Croix-Rouge \u2013 sont parfois per\u00e7us par les populations comme une agression culturelle.<\/p>\n<p>Or, une \u00e9tude portant sur les enterrements s\u00e9curis\u00e9s men\u00e9s durant la grande \u00e9pid\u00e9mie qui a touch\u00e9 l\u2019Afrique de l\u2019Ouest en 2014-2016 a montr\u00e9 qu\u2019ils avaient permis d\u2019\u00e9viter 10.500 cas, r\u00e9duisant d\u2019un tiers l\u2019ampleur de l\u2019\u00e9pid\u00e9mie.<\/p>\n<p>Mais le processus est complexe et co\u00fbteux. Chaque inhumation co\u00fbte environ 500 dollars.<\/p>\n<\/div>\n<p>Auteur: AFP<br \/>\n<a href=\"https:\/\/www.journalducameroun.com\/fr\/rdc-le-manque-de-fonds-pourrait-ralentir-la-lutte-contre-ebola\/\">Cliquez ici pour lire l&rsquo;article depuis sa source.<\/a><\/p>\n","protected":false},"excerpt":{"rendered":"<p>Publi\u00e9 le 16.05.2019 \u00e0 19h50 par AFP La Croix-Rouge a averti jeudi que le grave manque de financement pourrait l\u2019obliger \u00e0 r\u00e9duire ses activit\u00e9s de lutte contre l\u2019\u00e9pid\u00e9mie d\u2019Ebola en RDC, alors que le nombre de cas monte en fl\u00e8che. \u00ab\u00a0La situation est grave\u00a0\u00bb, a d\u00e9clar\u00e9 le directeur du d\u00e9partement Sant\u00e9 de la F\u00e9d\u00e9ration internationale [&hellip;]<\/p>\n","protected":false},"author":1965,"featured_media":0,"comment_status":"closed","ping_status":"closed","sticky":false,"template":"","format":"standard","meta":{"fifu_image_url":"","fifu_image_alt":"","footnotes":""},"categories":[73,82],"tags":[],"class_list":["post-34752","post","type-post","status-publish","format-standard","hentry","category-actualite","category-cameroun"],"_links":{"self":[{"href":"https:\/\/linitiative.ca\/International\/wp-json\/wp\/v2\/posts\/34752","targetHints":{"allow":["GET"]}}],"collection":[{"href":"https:\/\/linitiative.ca\/International\/wp-json\/wp\/v2\/posts"}],"about":[{"href":"https:\/\/linitiative.ca\/International\/wp-json\/wp\/v2\/types\/post"}],"author":[{"embeddable":true,"href":"https:\/\/linitiative.ca\/International\/wp-json\/wp\/v2\/users\/1965"}],"replies":[{"embeddable":true,"href":"https:\/\/linitiative.ca\/International\/wp-json\/wp\/v2\/comments?post=34752"}],"version-history":[{"count":0,"href":"https:\/\/linitiative.ca\/International\/wp-json\/wp\/v2\/posts\/34752\/revisions"}],"wp:attachment":[{"href":"https:\/\/linitiative.ca\/International\/wp-json\/wp\/v2\/media?parent=34752"}],"wp:term":[{"taxonomy":"category","embeddable":true,"href":"https:\/\/linitiative.ca\/International\/wp-json\/wp\/v2\/categories?post=34752"},{"taxonomy":"post_tag","embeddable":true,"href":"https:\/\/linitiative.ca\/International\/wp-json\/wp\/v2\/tags?post=34752"}],"curies":[{"name":"wp","href":"https:\/\/api.w.org\/{rel}","templated":true}]}}