{"id":34754,"date":"2019-05-16T16:18:04","date_gmt":"2019-05-16T20:18:04","guid":{"rendered":"https:\/\/linitiative.ca\/International\/les-revisions-faisant-reculer-la-democratie-la-tendance-en-afrique-juriste\/"},"modified":"2019-05-16T16:18:04","modified_gmt":"2019-05-16T20:18:04","slug":"les-revisions-faisant-reculer-la-democratie-la-tendance-en-afrique-juriste","status":"publish","type":"post","link":"https:\/\/linitiative.ca\/International\/les-revisions-faisant-reculer-la-democratie-la-tendance-en-afrique-juriste\/","title":{"rendered":"\u00abLes r\u00e9visions faisant reculer la d\u00e9mocratie, la tendance en Afrique\u00bb (Juriste)"},"content":{"rendered":"<div readability=\"32\">\n<p>Publi\u00e9 le 16.05.2019 \u00e0 21h18 par APA News<\/p>\n<\/div>\n<div readability=\"103\">\n<p>\u00ab En Afrique, la tendance c\u2019est des r\u00e9visions qui font reculer la d\u00e9mocratie, surtout les r\u00e9visions qui concernent le mandat pr\u00e9sidentiel \u00bb, a d\u00e9clar\u00e9, jeudi \u00e0 APA, le Pr Abdoul Aziz K\u00e9b\u00e9, directeur du centre d\u2019\u00e9tudes et de recherche en ing\u00e9nierie juridique et financi\u00e8re du S\u00e9n\u00e9gal.M. K\u00e9b\u00e9, par ailleurs enseignant \u00e0 la Facult\u00e9 des Sciences juridiques et politiques (FSJP) de l\u2019Universit\u00e9 Cheikh Anta Diop de Dakar, \u00e9tait l\u2019invit\u00e9 du sixi\u00e8me num\u00e9ro du Grand Oral d\u2019APA.<\/p>\n<p>Il a abord\u00e9 plusieurs th\u00e8mes, dont les r\u00e9currentes modifications de la Constitution s\u00e9n\u00e9galaise constat\u00e9es au cours des quatre derni\u00e8res ann\u00e9es et portant notamment sur le r\u00e9f\u00e9rendum de 2016, l\u2019adoption du parrainage en 2018 et le vote de la loi supprimant le poste de Premier ministre en d\u00e9but mai 2019.<\/p>\n<p>\u00ab Nous, au centre d\u2019\u00e9tudes et de recherche en ing\u00e9nierie juridique et financi\u00e8re, avons travaill\u00e9 sur \u00e7a pour voir toutes les fois o\u00f9 le mandat pr\u00e9sidentiel a \u00e9t\u00e9 r\u00e9vis\u00e9. Sur plus de 30 piles, on avait constat\u00e9 que l\u2019essentiel des r\u00e9visions portait sur le mandat \u00bb, a not\u00e9 le juriste, soulignant que ce sont \u00ab toujours des r\u00e9visions qui permettent au pr\u00e9sident de rester au pouvoir \u00bb.<\/p>\n<p>\u00ab Le professeur Isma\u00efla Madior Fall (ex-ministre s\u00e9n\u00e9galais de la Justice) a fait des r\u00e9flexions tr\u00e8s riches \u00e0 ce propos en comparant les r\u00e9visions, les qualifiant de +consolidantes et d\u00e9consolidantes+. Il montre par exemple que sous le pr\u00e9sident Wade (2000-2012), il y avait beaucoup de r\u00e9visions d\u00e9consolidantes. Le S\u00e9n\u00e9gal a connu vraiment des r\u00e9visions qui ont fait reculer notre d\u00e9mocratie \u00bb, a expliqu\u00e9 Abdoul Aziz K\u00e9b\u00e9, citant \u00e9galement \u00e0 ce propos les r\u00e9gimes de Senghor et Diouf.<\/p>\n<p>Toutefois, s\u2019appuyant sur une formule du philosophe francophone Jean Jacques Rousseau, le Pr K\u00e9b\u00e9 a d\u00e9clar\u00e9 qu\u2019\u00ab un peuple est libre de changer ses lois, m\u00eame les meilleures. Il n\u2019y a aucune limite \u00bb.<\/p>\n<p>\u00ab Mais la fr\u00e9quence des r\u00e9visions fragilise la Constitution \u00bb, a pr\u00e9cis\u00e9 le professeur de droit, notant en revanche que dans un pays comme le B\u00e9nin, \u00ab la nature du r\u00e9gime politique (pr\u00e9sidentiel) ne peut pas \u00eatre r\u00e9vis\u00e9e \u00bb.<\/p>\n<p>\u00ab C\u2019est \u00e7a en fait le propos du pr\u00e9sident Obama (des Etats-Unis) quand il dit qu\u2019il faut des institutions fortes (en Afrique). Et l\u2019institution qui a la possibilit\u00e9 d\u2019emp\u00eacher et de bloquer ces r\u00e9visions constitutionnelles, c\u2019est le Conseil constitutionnel. Tel n\u2019est pas le cas (pour le S\u00e9n\u00e9gal), notre Conseil n\u2019a pas la comp\u00e9tence lorsqu\u2019on r\u00e9vise la Constitution \u00bb, a dit Abdoul Aziz K\u00e9b\u00e9.<\/p>\n<p>Selon lui, la justification d\u2019incomp\u00e9tence avanc\u00e9e par cette cour lorsqu\u2019elle fut saisie par l\u2019opposition pour bloquer la loi sur le parrainage des candidatures aux \u00e9lections en est un exemple patent.<\/p>\n<p>A propos du dernier mandat ou pas de Macky Sall au pouvoir, Abdoul Aziz K\u00e9b\u00e9 ne voit pas de raison de pol\u00e9miquer vu que \u00ab le premier mandat (2012-2019) fait partie du d\u00e9compte \u00bb, m\u00eame si \u00ab on aurait pu approfondir davantage le r\u00e9f\u00e9rendum de 2016 en termes de limitation des mandats \u00bb pour \u00e9viter ce d\u00e9bat.<\/p>\n<\/div>\n<p>Auteur: APA News<br \/>\n<a href=\"https:\/\/www.journalducameroun.com\/fr\/les-revisions-faisant-reculer-la-democratie-la-tendance-en-afrique-juriste\/\">Cliquez ici pour lire l&rsquo;article depuis sa source.<\/a><\/p>\n","protected":false},"excerpt":{"rendered":"<p>Publi\u00e9 le 16.05.2019 \u00e0 21h18 par APA News \u00ab En Afrique, la tendance c\u2019est des r\u00e9visions qui font reculer la d\u00e9mocratie, surtout les r\u00e9visions qui concernent le mandat pr\u00e9sidentiel \u00bb, a d\u00e9clar\u00e9, jeudi \u00e0 APA, le Pr Abdoul Aziz K\u00e9b\u00e9, directeur du centre d\u2019\u00e9tudes et de recherche en ing\u00e9nierie juridique et financi\u00e8re du S\u00e9n\u00e9gal.M. K\u00e9b\u00e9, [&hellip;]<\/p>\n","protected":false},"author":1965,"featured_media":0,"comment_status":"closed","ping_status":"closed","sticky":false,"template":"","format":"standard","meta":{"fifu_image_url":"","fifu_image_alt":"","footnotes":""},"categories":[73,82],"tags":[],"class_list":["post-34754","post","type-post","status-publish","format-standard","hentry","category-actualite","category-cameroun"],"_links":{"self":[{"href":"https:\/\/linitiative.ca\/International\/wp-json\/wp\/v2\/posts\/34754","targetHints":{"allow":["GET"]}}],"collection":[{"href":"https:\/\/linitiative.ca\/International\/wp-json\/wp\/v2\/posts"}],"about":[{"href":"https:\/\/linitiative.ca\/International\/wp-json\/wp\/v2\/types\/post"}],"author":[{"embeddable":true,"href":"https:\/\/linitiative.ca\/International\/wp-json\/wp\/v2\/users\/1965"}],"replies":[{"embeddable":true,"href":"https:\/\/linitiative.ca\/International\/wp-json\/wp\/v2\/comments?post=34754"}],"version-history":[{"count":0,"href":"https:\/\/linitiative.ca\/International\/wp-json\/wp\/v2\/posts\/34754\/revisions"}],"wp:attachment":[{"href":"https:\/\/linitiative.ca\/International\/wp-json\/wp\/v2\/media?parent=34754"}],"wp:term":[{"taxonomy":"category","embeddable":true,"href":"https:\/\/linitiative.ca\/International\/wp-json\/wp\/v2\/categories?post=34754"},{"taxonomy":"post_tag","embeddable":true,"href":"https:\/\/linitiative.ca\/International\/wp-json\/wp\/v2\/tags?post=34754"}],"curies":[{"name":"wp","href":"https:\/\/api.w.org\/{rel}","templated":true}]}}