{"id":34755,"date":"2019-05-16T16:18:08","date_gmt":"2019-05-16T20:18:08","guid":{"rendered":"https:\/\/linitiative.ca\/International\/le-gouvernement-ivoirien-annonce-une-taxe-de-developpement-touristique\/"},"modified":"2019-05-16T16:18:08","modified_gmt":"2019-05-16T20:18:08","slug":"le-gouvernement-ivoirien-annonce-une-taxe-de-developpement-touristique","status":"publish","type":"post","link":"https:\/\/linitiative.ca\/International\/le-gouvernement-ivoirien-annonce-une-taxe-de-developpement-touristique\/","title":{"rendered":"Le gouvernement ivoirien annonce une \u00ab taxe de d\u00e9veloppement touristique \u00bb"},"content":{"rendered":"<div readability=\"32\">\n<p>Publi\u00e9 le 16.05.2019 \u00e0 21h18 par APA News<\/p>\n<\/div>\n<div readability=\"134\">\n<p>Le ministre ivoirien du Tourisme et des loisirs, Siandou Fofana, a annonc\u00e9 jeudi \u00e0 San-Pedro (Sud-ouest) une \u00ab taxe de d\u00e9veloppement touristique \u00bb en vue de constituer un fonds d\u2019investissement visant \u00e0 cr\u00e9er des champions nationaux.M. Siandou Fofana s\u2019exprimait devant des acteurs du secteur touristique, \u00e0 San-Pedro, une cit\u00e9 baln\u00e9aire abritant le deuxi\u00e8me port ivoirien, lors d\u2019une visite touristique dans le Sud-ouest du pays, pr\u00e9vue du 15 au 19 mai 2019.\u00a0<\/p>\n<p>Il pr\u00e9sentait notamment le Programme \u00ab Sublime C\u00f4te d\u2019Ivoire \u00bb, une strat\u00e9gie nationale de d\u00e9veloppement du secteur touristique \u00e0 l\u2019\u00e9ch\u00e9ance 2025, qui concerne toutes les r\u00e9gions du pays et vise \u00e0 explorer et valoriser le potentiel touristique du pays.\u00a0<\/p>\n<p>\u00ab Nous allons constituer un fonds de d\u00e9veloppement (\u2026) qui ne vise qu\u2019\u00e0 cr\u00e9er des champions nationaux \u00bb, a dit M. Siandou Fofana aux acteurs du secteur, avant d\u2019ajouter \u00ab cela revient au d\u00e9veloppement de votre secteur, au risque d\u2019en p\u00e2tir \u00bb.<\/p>\n<p>\u00ab Cette taxe viendra vous \u00e9pauler et vous accompagner efficacement (car) on ne peut d\u00e9velopper les PME que par des structures d\u2019appui et d\u2019accompagnement \u00bb, a-t-il poursuivi, \u00e9voquant la mise \u00e0 disposition d\u2019allocations qui ne peuvent qu\u2019\u00eatre aliment\u00e9es que par une fiscalit\u00e9 et une parafiscalit\u00e9. \u00a0<\/p>\n<p>Il a invit\u00e9 les acteurs du secteur du tourisme, dans leur ensemble, \u00e0 accepter d\u2019\u00eatre \u00ab de bons citoyens pour que le secteur s\u2019en sorte \u00bb, tout en leur demandant de prendre leur \u00ab place \u00bb dans cette dynamique afin qu\u2019ils ne soient pas rel\u00e9gu\u00e9s par les g\u00e9ants mondiaux du secteur.\u00a0<\/p>\n<p>Cette strat\u00e9gie qui s\u2019inscrit dans la vision du Programme Sublime C\u00f4te d\u2019Ivoire, devrait en outre permettre de cr\u00e9er une \u00e9cole de perfectionnement des cadres du secteur et des managers des activit\u00e9s touristiques et h\u00f4teli\u00e8res. \u00a0Ce qui devrait par ailleurs permettre de rendre le secteur plus comp\u00e9titif.\u00a0<\/p>\n<p>Soutenant ses propos, M. Siandou a fait savoir que cette exp\u00e9rience s\u2019est faite dans le domaine routier avec la Taxe sp\u00e9cifique unique sur le carburant \u00e0 usage routier, qui a permis de relever le fonds d\u2019entretien routier de 5 \u00e0 plus de 250 milliards Fcfa, aujourd\u2019hui. Un projet qu\u2019il a initi\u00e9. \u00a0<\/p>\n<p>\u00ab Aucune entreprise dans ce domaine ne pouvait comp\u00e9tir avec Colas ou Bouygues (des g\u00e9ants mondiaux), mais aujourd\u2019hui la plupart des entreprises qui r\u00e9alisent les routes en C\u00f4te d\u2019Ivoire sont des entreprises de nationalit\u00e9 ivoirienne et cela s\u2019est fait en moins de dix ans \u00bb, a-t-il soulign\u00e9.<\/p>\n<p>\u00ab C\u2019est possible que vous soyez des majors et que vous ayez vos propres marques et de grandes marques \u00bb, a-t-il lanc\u00e9, indiquant que le Programme Sublime C\u00f4te d\u2019Ivoire dont le financement est estim\u00e9 \u00e0 3.200 milliards Fcfa int\u00e8gre des r\u00e9formes et des circuits touristiques.\u00a0<\/p>\n<p>L\u2019Etat ivoirien pr\u00e9voit environ 3.500 hectares de zones touristiques \u00e0 classer et d\u00e9velopper \u00a0ainsi qu\u2019un centre de formation d\u2019\u00e9lite r\u00e9gional qui devrait permettre de former 230.000 professionnels du secteur du tourisme en C\u00f4te d\u2019Ivoire. \u00a0\u00a0<\/p>\n<p>Le programme Sublime C\u00f4te d\u2019Ivoire comprend 18 projets et neuf reformes phares \u00e0 mener d\u2019ici \u00e0 2025, avec entre autres, la cr\u00e9ation de Abidjan business city, une plateforme de 1.000 chambres comprenant un centre de congr\u00e8s, sur la route de Abatta, \u00e0 l\u2019Est de la capitale \u00e9conomique.\u00a0<\/p>\n<p>La C\u00f4te d\u2019Ivoire, troisi\u00e8me destination du tourisme d\u2019Affaires en Afrique apr\u00e8s le Nigeria et le Maroc, veut d\u00e9velopper des circuits touristiques, notamment La promenade du monde sur le Boulevard de Marseille \u00e0 Abidjan, un espace o\u00f9 l\u2018on trouve les recettes culinaires de tous les continents.<\/p>\n<p>Il est en outre pr\u00e9vu Abidjan m\u00e9dical city, un parc d\u2019attraction d\u00e9nomm\u00e9 Akwaba parc, et les circuits touristiques Au paradis entre mer et nature, La route des rois, \u00a0La route des \u00e9l\u00e9phants \u00a0(Man, Mont Sangb\u00e9, San-Pedro) et La route des esclaves.\u00a0<\/p>\n<p>La C\u00f4te d\u2019Ivoire envisage de devenir un hub touristique sur le continent et une destination de r\u00e9f\u00e9rence en Afrique de l\u2019Ouest avec 5 millions de visiteurs \u00e0 l\u2019horizon 2025. Ce qui requiert la mise en \u0153uvre d\u2019infrastructures routi\u00e8res, a\u00e9roportuaires, s\u00e9curitaires et une bonne formation des acteurs. \u00a0\u00a0<\/p>\n<\/div>\n<p>Auteur: APA News<br \/>\n<a href=\"https:\/\/www.journalducameroun.com\/fr\/le-gouvernement-ivoirien-annonce-une-taxe-de-developpement-touristique\/\">Cliquez ici pour lire l&rsquo;article depuis sa source.<\/a><\/p>\n","protected":false},"excerpt":{"rendered":"<p>Publi\u00e9 le 16.05.2019 \u00e0 21h18 par APA News Le ministre ivoirien du Tourisme et des loisirs, Siandou Fofana, a annonc\u00e9 jeudi \u00e0 San-Pedro (Sud-ouest) une \u00ab taxe de d\u00e9veloppement touristique \u00bb en vue de constituer un fonds d\u2019investissement visant \u00e0 cr\u00e9er des champions nationaux.M. Siandou Fofana s\u2019exprimait devant des acteurs du secteur touristique, \u00e0 San-Pedro, [&hellip;]<\/p>\n","protected":false},"author":1965,"featured_media":0,"comment_status":"closed","ping_status":"closed","sticky":false,"template":"","format":"standard","meta":{"fifu_image_url":"","fifu_image_alt":"","footnotes":""},"categories":[73,82],"tags":[],"class_list":["post-34755","post","type-post","status-publish","format-standard","hentry","category-actualite","category-cameroun"],"_links":{"self":[{"href":"https:\/\/linitiative.ca\/International\/wp-json\/wp\/v2\/posts\/34755","targetHints":{"allow":["GET"]}}],"collection":[{"href":"https:\/\/linitiative.ca\/International\/wp-json\/wp\/v2\/posts"}],"about":[{"href":"https:\/\/linitiative.ca\/International\/wp-json\/wp\/v2\/types\/post"}],"author":[{"embeddable":true,"href":"https:\/\/linitiative.ca\/International\/wp-json\/wp\/v2\/users\/1965"}],"replies":[{"embeddable":true,"href":"https:\/\/linitiative.ca\/International\/wp-json\/wp\/v2\/comments?post=34755"}],"version-history":[{"count":0,"href":"https:\/\/linitiative.ca\/International\/wp-json\/wp\/v2\/posts\/34755\/revisions"}],"wp:attachment":[{"href":"https:\/\/linitiative.ca\/International\/wp-json\/wp\/v2\/media?parent=34755"}],"wp:term":[{"taxonomy":"category","embeddable":true,"href":"https:\/\/linitiative.ca\/International\/wp-json\/wp\/v2\/categories?post=34755"},{"taxonomy":"post_tag","embeddable":true,"href":"https:\/\/linitiative.ca\/International\/wp-json\/wp\/v2\/tags?post=34755"}],"curies":[{"name":"wp","href":"https:\/\/api.w.org\/{rel}","templated":true}]}}