{"id":34757,"date":"2019-05-16T16:50:01","date_gmt":"2019-05-16T20:50:01","guid":{"rendered":"https:\/\/linitiative.ca\/International\/usain-bolt-la-foule-la-seule-chose-qui-va-me-manquer\/"},"modified":"2019-05-16T16:50:01","modified_gmt":"2019-05-16T20:50:01","slug":"usain-bolt-la-foule-la-seule-chose-qui-va-me-manquer","status":"publish","type":"post","link":"https:\/\/linitiative.ca\/International\/usain-bolt-la-foule-la-seule-chose-qui-va-me-manquer\/","title":{"rendered":"Usain Bolt: la foule, \u00ab\u00a0la seule chose qui va me manquer\u00a0\u00bb"},"content":{"rendered":"<div readability=\"32\">\n<p>Publi\u00e9 le 16.05.2019 \u00e0 21h50 par AFP<\/p>\n<\/div>\n<div readability=\"127\">\n<p>\u00ab\u00a0Entrer dans le stade, sentir cette \u00e9nergie\u2026\u00a0\u00bb: Seules ces sensations de rock star vont manquer \u00e0 Usain Bolt, a confi\u00e9 mercredi \u00e0 l\u2019AFP l\u2019ex-roi jama\u00efcain du sprint, rest\u00e9 un observateur attentif des \u00e9volutions de l\u2019athl\u00e9tisme.<\/p>\n<p>Question: Dans les prochains mois, il y aura les Mondiaux de Doha puis les Jeux de Tokyo, qui voyez-vous l\u2019emporter chez les gar\u00e7ons sur 100 et 200 m?<\/p>\n<p>R\u00e9ponse: \u00ab\u00a0Aucune id\u00e9e. L\u2019ann\u00e9e derni\u00e8re, \u00e7a ne comptait pas vraiment. La saison ne commence r\u00e9ellement que le mois prochain, je vais regarder \u00e7a avec attention, mais l\u00e0 c\u2019est impossible \u00e0 dire.\u00a0\u00bb<\/p>\n<p>Q: Est-ce que la pression, l\u2019attention de la foule vous manquent?<\/p>\n<p>R: \u00ab\u00a0La foule seulement. C\u2019est la seule chose qui va me manquer. Entrer dans le stade, sentir cette \u00e9nergie\u2026 Quand je me rendrai sur les prochains grands championnats, je sais que \u00e7a me fera un pincement au coeur.\u00a0\u00bb<\/p>\n<p>Q: L\u2019athl\u00e9tisme est parfois per\u00e7u comme un sport vieillissant. Avez-vous des id\u00e9es pour lui donner un second souffle?<\/p>\n<p>R: \u00ab\u00a0J\u2019ai toujours dit au pr\u00e9sident de la F\u00e9d\u00e9ration internationale d\u2019athl\u00e9tisme (IAAF, dirig\u00e9e par le Britannique Sebastian Coe) que si je pouvais aider de quelque mani\u00e8re que ce soit je suis disponible. Aujourd\u2019hui je suis concentr\u00e9 sur mon business, mais s\u2019ils ont besoin d\u2019aide je pense qu\u2019ils m\u2019appelleront.\u00a0\u00bb<\/p>\n<p>Q: Que pensez-vous des relais mixtes (le 4\u00d7400 m mixte est introduit pour la premi\u00e8re fois aux Mondiaux de Doha cette ann\u00e9e)?<\/p>\n<p>R: \u00ab\u00a0Je faisais partie de +Nitro athletics+ (une comp\u00e9tition priv\u00e9e en Australie se voulant innovante), nous voulions montrer au pr\u00e9sident de l\u2019IAAF que l\u2019on pouvait faire quelque chose de diff\u00e9rent, d\u2019excitant, que notre sport se trouve une nouvelle voie, qu\u2019il attire plus de spectateurs. J\u2019ai vu qu\u2019ils avaient exp\u00e9riment\u00e9 de nouvelles choses aux Mondiaux de relais (un relais 4\u00d7110 m haies mixte notamment les 11 et 12 mai \u00e0 Yokohama). C\u2019est ce dont notre sport a besoin.\u00a0\u00bb<\/p>\n<p>Q: Auriez-vous aim\u00e9 courir un relais mixte aux Mondiaux ou aux Jeux olympiques?<\/p>\n<p>R: \u00ab\u00a0Oui compl\u00e8tement. Il y en avait \u00e0 +Nitro athletics+ et j\u2019avais appr\u00e9ci\u00e9. Je suis s\u00fbr qu\u2019en championnat \u00e7a aurait \u00e9t\u00e9 super, en \u00e9quipe avec mes amis jama\u00efcains. Ca aurait \u00e9t\u00e9 g\u00e9nial.\u00a0\u00bb<\/p>\n<p>Q: Avez vous des regrets par rapport \u00e0 votre carri\u00e8re sur la piste?<\/p>\n<p>R: \u00ab\u00a0Aucun. Je pense que tout arrive dans la vie pour une bonne raison. Tout n\u2019est qu\u2019une histoire d\u2019apprentissage, c\u2019est comme cela que l\u2019on progresse. J\u2019ai toujours appliqu\u00e9 cela, appris de mes erreurs.\u00a0\u00bb<\/p>\n<p>Q: Quelles erreurs?<\/p>\n<p>R: \u00ab\u00a0J\u2019ai quand m\u00eame commis un faux d\u00e9part aux Mondiaux (en finale du 100 m \u00e0 Daegu en 2011), \u00e7a m\u2019a co\u00fbt\u00e9 une m\u00e9daille d\u2019or. Mais j\u2019ai appris de cet \u00e9pisode. Ca avait \u00e9t\u00e9 une ann\u00e9e difficile, stressante. J\u2019ai appris \u00e0 mettre les probl\u00e8mes derri\u00e8re moi, quoi qu\u2019il en co\u00fbte, et \u00e0 me concentrer. Quand on est sur la piste il ne faut penser qu\u2019\u00e0 \u00e7a. Certaines saisons je m\u2019entra\u00eenais trop dur et je me blessais. J\u2019ai appris de cela aussi.\u00a0\u00bb<\/p>\n<p>Q: Avez-vous regard\u00e9 les Mondiaux de relais? Les Etats-Unis ont perdu en finale du 4\u00d7100 m alors qu\u2019ils avaient la meilleure \u00e9quipe sur le papier (Michael Rodgers, Justin Gatlin, Noah Lyles, Isiah Young)\u2026<\/p>\n<p>R: J\u2019ai regard\u00e9 les replays, je ne suis pas matinal\u2026 Ce qui compte, ce sont les passages de t\u00e9moin! En 2008 par exemple, les Jama\u00efcaines ont fait tomber le b\u00e2ton alors qu\u2019elles \u00e9taient les plus fortes. Parfois, avoir les quatre coureurs les plus rapides ne suffit pas, il faut \u00eatre efficace et s\u00fbr dans les passages de t\u00e9moin.<\/p>\n<p>Q: Donc m\u00eame une \u00e9quipe avec quatre Usain Bolt pourrait ne pas gagner?<\/p>\n<p>R: (Rires) Je ne dirais pas \u00e7a. Si le b\u00e2ton ne tombe pas \u00e7a ira.<\/p>\n<p>Propos recueillis par Corentin DAUTREPPE et Robin GREMMEL<\/p>\n<\/div>\n<p>Auteur: AFP<br \/>\n<a href=\"https:\/\/www.journalducameroun.com\/fr\/usain-bolt-la-foule-la-seule-chose-qui-va-me-manquer\/\">Cliquez ici pour lire l&rsquo;article depuis sa source.<\/a><\/p>\n","protected":false},"excerpt":{"rendered":"<p>Publi\u00e9 le 16.05.2019 \u00e0 21h50 par AFP \u00ab\u00a0Entrer dans le stade, sentir cette \u00e9nergie\u2026\u00a0\u00bb: Seules ces sensations de rock star vont manquer \u00e0 Usain Bolt, a confi\u00e9 mercredi \u00e0 l\u2019AFP l\u2019ex-roi jama\u00efcain du sprint, rest\u00e9 un observateur attentif des \u00e9volutions de l\u2019athl\u00e9tisme. Question: Dans les prochains mois, il y aura les Mondiaux de Doha puis [&hellip;]<\/p>\n","protected":false},"author":1965,"featured_media":0,"comment_status":"closed","ping_status":"closed","sticky":false,"template":"","format":"standard","meta":{"fifu_image_url":"","fifu_image_alt":"","footnotes":""},"categories":[73,82],"tags":[],"class_list":["post-34757","post","type-post","status-publish","format-standard","hentry","category-actualite","category-cameroun"],"_links":{"self":[{"href":"https:\/\/linitiative.ca\/International\/wp-json\/wp\/v2\/posts\/34757","targetHints":{"allow":["GET"]}}],"collection":[{"href":"https:\/\/linitiative.ca\/International\/wp-json\/wp\/v2\/posts"}],"about":[{"href":"https:\/\/linitiative.ca\/International\/wp-json\/wp\/v2\/types\/post"}],"author":[{"embeddable":true,"href":"https:\/\/linitiative.ca\/International\/wp-json\/wp\/v2\/users\/1965"}],"replies":[{"embeddable":true,"href":"https:\/\/linitiative.ca\/International\/wp-json\/wp\/v2\/comments?post=34757"}],"version-history":[{"count":0,"href":"https:\/\/linitiative.ca\/International\/wp-json\/wp\/v2\/posts\/34757\/revisions"}],"wp:attachment":[{"href":"https:\/\/linitiative.ca\/International\/wp-json\/wp\/v2\/media?parent=34757"}],"wp:term":[{"taxonomy":"category","embeddable":true,"href":"https:\/\/linitiative.ca\/International\/wp-json\/wp\/v2\/categories?post=34757"},{"taxonomy":"post_tag","embeddable":true,"href":"https:\/\/linitiative.ca\/International\/wp-json\/wp\/v2\/tags?post=34757"}],"curies":[{"name":"wp","href":"https:\/\/api.w.org\/{rel}","templated":true}]}}