{"id":34778,"date":"2019-05-16T00:00:49","date_gmt":"2019-05-16T04:00:49","guid":{"rendered":"https:\/\/linitiative.ca\/International\/friperie-augmentation-des-valeurs-imposables\/"},"modified":"2019-05-16T00:00:49","modified_gmt":"2019-05-16T04:00:49","slug":"friperie-augmentation-des-valeurs-imposables","status":"publish","type":"post","link":"https:\/\/linitiative.ca\/International\/friperie-augmentation-des-valeurs-imposables\/","title":{"rendered":"Friperie : augmentation des valeurs imposables"},"content":{"rendered":"<div class=\"featured-area featured-area-inner\"><img loading=\"lazy\" decoding=\"async\" width=\"780\" height=\"405\" src=\"https:\/\/i1.wp.com\/ecomatin.net\/wp-content\/uploads\/2019\/05\/ecomatin.net-friperie-augmentation-des-valeurs-imposables-friperie-ok.jpg?resize=780%2C405&#038;ssl=1&#038;is-pending-load=1\" class=\"attachment-jannah-image-post size-jannah-image-post wp-post-image jetpack-lazy-image\" alt=\"\" data-attachment-id=\"8158\" data-permalink=\"https:\/\/ecomatin.net\/friperie-augmentation-des-valeurs-imposables\/friperie-ok\/\" data-orig-file=\"https:\/\/i1.wp.com\/ecomatin.net\/wp-content\/uploads\/2019\/05\/ecomatin.net-friperie-augmentation-des-valeurs-imposables-friperie-ok.jpg?fit=1024%2C768&#038;ssl=1\" data-orig-size=\"1024,768\" data-comments-opened=\"0\" data-image-meta=\"{\"aperture\":\"0\",\"credit\":\"\",\"camera\":\"BlackBerry 9360\",\"caption\":\"\",\"created_timestamp\":\"1365767163\",\"copyright\":\"\",\"focal_length\":\"0\",\"iso\":\"0\",\"shutter_speed\":\"0\",\"title\":\"\",\"orientation\":\"1\"}\" data-image-title=\"friperie ok\" data-image-description=\"\" data-medium-file=\"https:\/\/i1.wp.com\/ecomatin.net\/wp-content\/uploads\/2019\/05\/ecomatin.net-friperie-augmentation-des-valeurs-imposables-friperie-ok.jpg?fit=300%2C225&#038;ssl=1\" data-large-file=\"https:\/\/i1.wp.com\/ecomatin.net\/wp-content\/uploads\/2019\/05\/ecomatin.net-friperie-augmentation-des-valeurs-imposables-friperie-ok.jpg?fit=1024%2C768&#038;ssl=1\" srcset=\"data:image\/gif;base64,R0lGODlhAQABAIAAAAAAAP\/\/\/yH5BAEAAAAALAAAAAABAAEAAAIBRAA7\"\/><\/div>\n<div class=\"entry-content entry clearfix\" readability=\"55.9457755359\">\n<p>Les douanes camerounaises viennent de mettre en application les dispositions de l\u2019article 9 (3) de la loi N\u00b02018\/022 du 11 d\u00e9cembre 2018, portant loi de Finances de la R\u00e9publique du Cameroun pour l\u2019exercice 2019, soumises aux valeurs imposables minimales <strong>CAF<\/strong> (Co\u00fbt-assurance-fret). Une d\u00e9cision de <strong>Louis Paul Motaz\u00e9<\/strong> sign\u00e9e le 5 avril 2019 fixe les valeurs d\u00e9sormais imposables \u00e0 l\u2019importation des v\u00eatements de seconde main, dont le commerce est tr\u00e8s florissant dans les march\u00e9s du triangle national. \u00ab<em>Les valeurs minimales\u2026.s\u2019appliquent sur l\u2019ensemble du territoire national. Les valeurs transactionnelles doivent \u00eatre utilis\u00e9es comme base d\u2019imposition lorsqu\u2019elles sont sup\u00e9rieures aux valeurs minimales indiqu\u00e9es ci-dessus<\/em>\u00bb, peut-on lire dans la d\u00e9cision du Minfi. Toutefois, \u00ab<em>ces valeurs minimales, valables pour l\u2019ann\u00e9e 2019, sont r\u00e9visables<\/em>\u00bb, pr\u00e9cise le communiqu\u00e9.<\/p>\n<hr\/>\n<h4><strong>>> Lire aussi \u2013 <a title=\"Budget 2019: nouvelles taxes sur la friperie\" href=\"https:\/\/ecomatin.net\/taxation-de-la-friperie-une-chance-pour-lindustrie-camerounaise-du-textile\/\" target=\"_blank\" rel=\"noopener noreferrer\">Budget 2019: nouvelles taxes sur la friperie<\/a><br \/><\/strong><\/h4>\n<hr\/>\n<p>Les importateurs s\u2019acquitteront ainsi d\u00e9sormais d\u2019une valeur imposable \u00e9quivalente \u00e0 <strong>7.000.000 de Fcfa<\/strong> pour les conteneurs de <strong>20 pieds<\/strong>. Soit une augmentation de valeur imposable de <strong>300.000 Fcfa. 12.500.000 de Fcfa<\/strong> de valeur imposable affect\u00e9e aux conteneurs de <strong>40 pieds<\/strong>. Louis Paul Motaze a \u00e9galement instruit <strong>Edwin Fongod Nuvaga<\/strong>, le directeur g\u00e9n\u00e9ral des douanes d\u2019appliquer imm\u00e9diatement la mesure. L\u2019annonce d\u2019une augmentation de la valeur imposable minimale sur l\u2019activit\u00e9 de friperie provoque d\u00e9j\u00e0 quelques r\u00e9actions au sein des importateurs, transitaires, grossistes et d\u00e9taillants. \u00ab<em>Les prix de la friperie avaient d\u00e9j\u00e0 augment\u00e9 apr\u00e8s la fermeture de la fronti\u00e8re Equato-guin\u00e9enne. Avec l\u2019augmentation de la valeur imposable d\u00e9cid\u00e9e par le gouvernement, les prix vont encore augmenter<\/em>\u00bb, r\u00e9agit <strong>A. Tchakam<\/strong>, un importateur contact\u00e9e. <strong>K. Dopleu<\/strong>, d\u00e9taillante de friperie au march\u00e9 central de Douala s\u2019inqui\u00e8te \u00e9galement : \u00ab<em>nous sommes oblig\u00e9s d\u2019appliquer les nouveaux prix. Mais, nous ne savons pas si les clients vont accepter cette hausse. C\u2019est un grand risque que nous prenons\u00a0<\/em>\u00bb, s\u2019exprime-t-elle. Rappelons que le Cameroun a import\u00e9 pour pr\u00e8s de <strong>40 milliards de Fcfa<\/strong> de friperie en 2018.<\/p>\n<div class=\"about-author about-author-box container-wrapper\">\n<div class=\"author-avatar\">\n<p><img decoding=\"async\" src=\"http:\/\/\" alt=\"\"\/><\/p>\n<\/div>\n<p><h4>La R\u00e9daction EcoMatin<\/h4>\n<\/p>\n<\/div>\n<div class=\"awac-wrapper awac widget blog_subscription-2\">\n<h4 class=\"widget-title\">Abonnez-vous \u00e0 notre lettre d&rsquo;information<\/h4>\n<\/div>\n<\/div>\n<div class=\"toggle-post-content clearfix\"><a id=\"toggle-post-button\" class=\"button\" href=\"#\">Afficher plus <\/a><\/div>\n<p>Auteur: EcoMatin<br \/>\n<a href=\"https:\/\/ecomatin.net\/friperie-augmentation-des-valeurs-imposables\/\">Cliquez ici pour lire l&rsquo;article depuis sa source.<\/a><\/p>\n","protected":false},"excerpt":{"rendered":"<p>Les douanes camerounaises viennent de mettre en application les dispositions de l\u2019article 9 (3) de la loi N\u00b02018\/022 du 11 d\u00e9cembre 2018, portant loi de Finances de la R\u00e9publique du Cameroun pour l\u2019exercice 2019, soumises aux valeurs imposables minimales CAF (Co\u00fbt-assurance-fret). Une d\u00e9cision de Louis Paul Motaz\u00e9 sign\u00e9e le 5 avril 2019 fixe les valeurs [&hellip;]<\/p>\n","protected":false},"author":1969,"featured_media":0,"comment_status":"closed","ping_status":"closed","sticky":false,"template":"","format":"standard","meta":{"fifu_image_url":"","fifu_image_alt":"","footnotes":""},"categories":[82,78],"tags":[],"class_list":["post-34778","post","type-post","status-publish","format-standard","hentry","category-cameroun","category-economie"],"_links":{"self":[{"href":"https:\/\/linitiative.ca\/International\/wp-json\/wp\/v2\/posts\/34778","targetHints":{"allow":["GET"]}}],"collection":[{"href":"https:\/\/linitiative.ca\/International\/wp-json\/wp\/v2\/posts"}],"about":[{"href":"https:\/\/linitiative.ca\/International\/wp-json\/wp\/v2\/types\/post"}],"author":[{"embeddable":true,"href":"https:\/\/linitiative.ca\/International\/wp-json\/wp\/v2\/users\/1969"}],"replies":[{"embeddable":true,"href":"https:\/\/linitiative.ca\/International\/wp-json\/wp\/v2\/comments?post=34778"}],"version-history":[{"count":0,"href":"https:\/\/linitiative.ca\/International\/wp-json\/wp\/v2\/posts\/34778\/revisions"}],"wp:attachment":[{"href":"https:\/\/linitiative.ca\/International\/wp-json\/wp\/v2\/media?parent=34778"}],"wp:term":[{"taxonomy":"category","embeddable":true,"href":"https:\/\/linitiative.ca\/International\/wp-json\/wp\/v2\/categories?post=34778"},{"taxonomy":"post_tag","embeddable":true,"href":"https:\/\/linitiative.ca\/International\/wp-json\/wp\/v2\/tags?post=34778"}],"curies":[{"name":"wp","href":"https:\/\/api.w.org\/{rel}","templated":true}]}}