{"id":34782,"date":"2019-05-16T12:08:17","date_gmt":"2019-05-16T16:08:17","guid":{"rendered":"https:\/\/linitiative.ca\/International\/banque-le-dg-de-scb-cameroun-de-nouveau-entendu-a-la-police-judiciaire\/"},"modified":"2019-05-16T12:08:17","modified_gmt":"2019-05-16T16:08:17","slug":"banque-le-dg-de-scb-cameroun-de-nouveau-entendu-a-la-police-judiciaire","status":"publish","type":"post","link":"https:\/\/linitiative.ca\/International\/banque-le-dg-de-scb-cameroun-de-nouveau-entendu-a-la-police-judiciaire\/","title":{"rendered":"Banque: le DG de SCB-Cameroun de nouveau entendu \u00e0 la police\u00a0judiciaire"},"content":{"rendered":"<div class=\"featured-area featured-area-inner\"><img loading=\"lazy\" decoding=\"async\" width=\"780\" height=\"405\" src=\"https:\/\/i2.wp.com\/ecomatin.net\/wp-content\/uploads\/2019\/05\/ecomatin.net-banque-le-dg-de-scb-cameroun-de-nouveau-entendu-a-la-police-judiciaire-scb-cameroun.jpg?resize=780%2C405&#038;ssl=1&#038;is-pending-load=1\" class=\"attachment-jannah-image-post size-jannah-image-post wp-post-image jetpack-lazy-image\" alt=\"\" data-attachment-id=\"8250\" data-permalink=\"https:\/\/ecomatin.net\/banque-le-dg-de-scb-cameroun-de-nouveau-entendu-a-la-police-judiciaire\/scb-cameroun-3\/\" data-orig-file=\"https:\/\/i2.wp.com\/ecomatin.net\/wp-content\/uploads\/2019\/05\/ecomatin.net-banque-le-dg-de-scb-cameroun-de-nouveau-entendu-a-la-police-judiciaire-scb-cameroun.jpg?fit=974%2C520&#038;ssl=1\" data-orig-size=\"974,520\" data-comments-opened=\"0\" data-image-meta=\"{\"aperture\":\"0\",\"credit\":\"\",\"camera\":\"\",\"caption\":\"\",\"created_timestamp\":\"0\",\"copyright\":\"\",\"focal_length\":\"0\",\"iso\":\"0\",\"shutter_speed\":\"0\",\"title\":\"\",\"orientation\":\"1\"}\" data-image-title=\"SCB-Cameroun\" data-image-description=\"\" data-medium-file=\"https:\/\/i2.wp.com\/ecomatin.net\/wp-content\/uploads\/2019\/05\/ecomatin.net-banque-le-dg-de-scb-cameroun-de-nouveau-entendu-a-la-police-judiciaire-scb-cameroun.jpg?fit=300%2C160&#038;ssl=1\" data-large-file=\"https:\/\/i2.wp.com\/ecomatin.net\/wp-content\/uploads\/2019\/05\/ecomatin.net-banque-le-dg-de-scb-cameroun-de-nouveau-entendu-a-la-police-judiciaire-scb-cameroun.jpg?fit=974%2C520&#038;ssl=1\" srcset=\"data:image\/gif;base64,R0lGODlhAQABAIAAAAAAAP\/\/\/yH5BAEAAAAALAAAAAABAAEAAAIBRAA7\"\/><\/div>\n<div class=\"entry-content entry clearfix\" readability=\"61.2914798206\">\n<p>Une \u00e9pine dans le pied de la Soci\u00e9t\u00e9 Commerciale de Banque du Cameroun (<strong>SCB Cameroun<\/strong>).\u00a0<strong>Mohammed Mejbar<\/strong>, directeur g\u00e9n\u00e9ral de la\u00a0<strong>SCB Cameroun<\/strong>,\u00a0\u00a0filiale du groupe marocain\u00a0<strong>Attijariwafa,\u00a0<\/strong>\u00e9t\u00e9 entendu<strong>,\u00a0<\/strong>en d\u00e9but de semaine, devant une commission mixte compos\u00e9e de les fins limiers de la Police judiciaire et de la DGRE \u00e0 Yaound\u00e9.<\/p>\n<p>Si les raisons officielles et les d\u00e9tails de son audition ne sont pas encore parvenus \u00e0 notre r\u00e9daction, il est fort probable que le DG de la SCB a \u00e9t\u00e9 questionn\u00e9, une nouvelle fois, sur plusieurs affaires sur lesquelles nous reviendrons dans nos prochaines \u00e9ditions, et surtout sur l\u2019affaire qui a co\u00fbte <strong>2 milliards de Fcfa<\/strong> \u00e0 sa Banque.<\/p>\n<p>En effet, il y a quelques semaines, <strong>EcoMatin<\/strong> r\u00e9v\u00e9lait dans son \u00e9dition du 6 mars dernier, que le Marocain avait d\u00e9pos\u00e9 une plainte \u00e0 la <strong>direction r\u00e9gionale de la police judiciaire pour le Littoral<\/strong> \u00e0 Douala suite \u00e0 des irr\u00e9gularit\u00e9s observ\u00e9es dans le syst\u00e8me de gestion de sa banque. Il \u00e9tait question de transfert de fonds irr\u00e9guliers et de virements de fonds intercept\u00e9s dans des comptes y log\u00e9s. En l\u2019occurrence <strong>des centaines de millions de francs Cfa<\/strong> transf\u00e9r\u00e9s, de fa\u00e7on frauduleuse \u00e0 plusieurs clients de la banque pour un montant total de <a href=\"https:\/\/ecomatin.net\/banque-le-dg-de-scb-cameroun-de-nouveau-entendu-a-la-police-judiciaire\/\"><strong>2 milliards de Fcfa<\/strong><\/a>. Selon nos informations, ce dossier qui au d\u00e9part \u00e9tait trait\u00e9 par les enqu\u00eateurs de la police judiciaire de Douala\u00a0 a \u00e9t\u00e9 r\u00e9cup\u00e9r\u00e9 par les enqu\u00eateurs du si\u00e8ge \u00e0 Yaound\u00e9.<\/p>\n<p>La SCB Cameroun est aussi sous le viseur de la Banque des Etats de l\u2019Afrique centrale (<strong>Beac<\/strong>) qui l\u2019accuse de n\u2019avoir pas d\u00e9clar\u00e9 et r\u00e9troc\u00e9d\u00e9 \u00e0 la banque centrale l\u2019\u00e9quivalent de <strong>1200 milliards<\/strong> de Fcfa de devises entre 2017 et 2019 comme le pr\u00e9voit la r\u00e9glementation en vigueur en zone\u00a0<strong>Cemac<\/strong>. La direction de la SCB a opt\u00e9 de sp\u00e9culer avec ces devises dans des \u00e9conomies hors zone Cemac, notamment en Afrique de l\u2019Ouest alors que la sous-r\u00e9gion traversait une crise de devises sans pr\u00e9c\u00e9dent. \u00ab\u00a0<em>Si la BEAC opte pour une application stricte des sanctions, a savoir appliquer \u00e0 la SCB le commission de 30% des montants frauduleux, cette banque fermera a coup s\u00fbr et tous les acteurs de la chaine de d\u00e9cision pourraient r\u00e9pondre de ces actes devant la justice camerounaise\u00a0<\/em>\u00bb nous confie un acteur du secteur bancaire camerounais.<\/p>\n<div class=\"rpbt_shortcode\">\n<h3>Voir aussi :<\/h3>\n<\/div>\n<div class=\"awac-wrapper awac widget blog_subscription-2\">\n<h4 class=\"widget-title\">Abonnez-vous \u00e0 notre lettre d&rsquo;information<\/h4>\n<\/div>\n<\/div>\n<div class=\"toggle-post-content clearfix\"><a id=\"toggle-post-button\" class=\"button\" href=\"#\">Afficher plus <\/a><\/div>\n<p>Auteur: Emile FIDIECK<br \/>\n<a href=\"https:\/\/ecomatin.net\/banque-le-dg-de-scb-cameroun-de-nouveau-entendu-a-la-police-judiciaire\/\">Cliquez ici pour lire l&rsquo;article depuis sa source.<\/a><\/p>\n","protected":false},"excerpt":{"rendered":"<p>Une \u00e9pine dans le pied de la Soci\u00e9t\u00e9 Commerciale de Banque du Cameroun (SCB Cameroun).\u00a0Mohammed Mejbar, directeur g\u00e9n\u00e9ral de la\u00a0SCB Cameroun,\u00a0\u00a0filiale du groupe marocain\u00a0Attijariwafa,\u00a0\u00e9t\u00e9 entendu,\u00a0en d\u00e9but de semaine, devant une commission mixte compos\u00e9e de les fins limiers de la Police judiciaire et de la DGRE \u00e0 Yaound\u00e9. Si les raisons officielles et les d\u00e9tails de [&hellip;]<\/p>\n","protected":false},"author":1969,"featured_media":0,"comment_status":"closed","ping_status":"closed","sticky":false,"template":"","format":"standard","meta":{"fifu_image_url":"","fifu_image_alt":"","footnotes":""},"categories":[82,78],"tags":[],"class_list":["post-34782","post","type-post","status-publish","format-standard","hentry","category-cameroun","category-economie"],"_links":{"self":[{"href":"https:\/\/linitiative.ca\/International\/wp-json\/wp\/v2\/posts\/34782","targetHints":{"allow":["GET"]}}],"collection":[{"href":"https:\/\/linitiative.ca\/International\/wp-json\/wp\/v2\/posts"}],"about":[{"href":"https:\/\/linitiative.ca\/International\/wp-json\/wp\/v2\/types\/post"}],"author":[{"embeddable":true,"href":"https:\/\/linitiative.ca\/International\/wp-json\/wp\/v2\/users\/1969"}],"replies":[{"embeddable":true,"href":"https:\/\/linitiative.ca\/International\/wp-json\/wp\/v2\/comments?post=34782"}],"version-history":[{"count":0,"href":"https:\/\/linitiative.ca\/International\/wp-json\/wp\/v2\/posts\/34782\/revisions"}],"wp:attachment":[{"href":"https:\/\/linitiative.ca\/International\/wp-json\/wp\/v2\/media?parent=34782"}],"wp:term":[{"taxonomy":"category","embeddable":true,"href":"https:\/\/linitiative.ca\/International\/wp-json\/wp\/v2\/categories?post=34782"},{"taxonomy":"post_tag","embeddable":true,"href":"https:\/\/linitiative.ca\/International\/wp-json\/wp\/v2\/tags?post=34782"}],"curies":[{"name":"wp","href":"https:\/\/api.w.org\/{rel}","templated":true}]}}