{"id":34787,"date":"2019-05-17T08:17:25","date_gmt":"2019-05-17T12:17:25","guid":{"rendered":"https:\/\/linitiative.ca\/International\/festival-explosion-creative-a-casablanca\/"},"modified":"2019-05-17T08:17:25","modified_gmt":"2019-05-17T12:17:25","slug":"festival-explosion-creative-a-casablanca","status":"publish","type":"post","link":"https:\/\/linitiative.ca\/International\/festival-explosion-creative-a-casablanca\/","title":{"rendered":"Festival \u00abExplosion cr\u00e9ative\u00bb  \u00e0 Casablanca"},"content":{"rendered":"<header>\n<div class=\"entry-post-meta\">\n<div class=\"author-link\">Publi\u00e9 par <a itemprop=\"author\" itemscope=\"\" itemtype=\"https:\/\/schema.org\/Person\" href=\"http:\/\/aujourdhui.ma\/profile\/kaid\" rel=\"author\"><span itemprop=\"name\">ALM<\/span><\/a><\/div>\n<p>Date\u00a0:<time content=\"2019-05-17T12:17:25+00:00\" class=\"entry-date updated\" datetime=\"2019-05-17T12:17:25+00:00\">mai 17, 2019<\/time><\/p>\n<div class=\"entry-cat\">dans:<a href=\"http:\/\/aujourdhui.ma\/category\/culture\" rel=\"category tag\">Culture<\/a><\/div>\n<p>0 Vues<\/p>\n<\/div>\n<\/header>\n<div class=\"entry-content clearfix\" readability=\"49\"><img decoding=\"async\" class=\"post_layout_5_img\" src=\"http:\/\/aujourdhui.ma\/wp-content\/uploads\/2019\/05\/Festival-Explosion-cre%CC%81ative.jpg?x29840\" alt=\"Festival \u00abExplosion cr\u00e9ative\u00bb \u00e0 Casablanca\"\/><\/p>\n<p class=\"p1\"><span class=\"s1\"><span class=\"c4\"><strong>La Fondation Ali Zaoua organise cette ann\u00e9e du 16 au 19 mai la 6\u00e8me<span class=\"Apple-converted-space\">\u00a0<\/span> \u00e9dition du festival annuel Explosion cr\u00e9ative.<\/strong><\/span><\/span><span id=\"more-311433\"\/><\/p>\n<p class=\"p1\"><span class=\"s1\">Ce rendez-vous, devenu incontournable pour les jeunes de Sidi Moumen, renouvelle son envie de mettre en avant les talents locaux, \u00e0 travers des pr\u00e9sentations, des sorties de r\u00e9sidences et des rencontres avec des professionnels et des artistes de renom.<\/span><\/p>\n<p class=\"p1\"><span class=\"s1\">Tout un programme qui invite les Casablancais \u00e0 changer de regard sur ce quartier qui foisonne de talents exceptionnels, et ce dans toutes les disciplines. Cette ann\u00e9e, le festival s\u2019ouvre avec l\u2019exposition d\u2019un artiste Graffiti qui marque de son empreinte le milieu des arts visuels, \u00e0 travers diverses exp\u00e9riences dont les expositions.<\/span><\/p>\n<\/div>\n<p>Auteur: ALM<br \/>\n<a href=\"http:\/\/aujourdhui.ma\/culture\/festival-explosion-creative-a-casablanca\">Cliquez ici pour lire l&rsquo;article depuis sa source.<\/a><\/p>\n","protected":false},"excerpt":{"rendered":"<p>Publi\u00e9 par ALM Date\u00a0:mai 17, 2019 dans:Culture 0 Vues La Fondation Ali Zaoua organise cette ann\u00e9e du 16 au 19 mai la 6\u00e8me\u00a0 \u00e9dition du festival annuel Explosion cr\u00e9ative. Ce rendez-vous, devenu incontournable pour les jeunes de Sidi Moumen, renouvelle son envie de mettre en avant les talents locaux, \u00e0 travers des pr\u00e9sentations, des sorties [&hellip;]<\/p>\n","protected":false},"author":1759,"featured_media":0,"comment_status":"closed","ping_status":"closed","sticky":false,"template":"","format":"standard","meta":{"fifu_image_url":"","fifu_image_alt":"","footnotes":""},"categories":[73,54],"tags":[],"class_list":["post-34787","post","type-post","status-publish","format-standard","hentry","category-actualite","category-maroc"],"_links":{"self":[{"href":"https:\/\/linitiative.ca\/International\/wp-json\/wp\/v2\/posts\/34787","targetHints":{"allow":["GET"]}}],"collection":[{"href":"https:\/\/linitiative.ca\/International\/wp-json\/wp\/v2\/posts"}],"about":[{"href":"https:\/\/linitiative.ca\/International\/wp-json\/wp\/v2\/types\/post"}],"author":[{"embeddable":true,"href":"https:\/\/linitiative.ca\/International\/wp-json\/wp\/v2\/users\/1759"}],"replies":[{"embeddable":true,"href":"https:\/\/linitiative.ca\/International\/wp-json\/wp\/v2\/comments?post=34787"}],"version-history":[{"count":0,"href":"https:\/\/linitiative.ca\/International\/wp-json\/wp\/v2\/posts\/34787\/revisions"}],"wp:attachment":[{"href":"https:\/\/linitiative.ca\/International\/wp-json\/wp\/v2\/media?parent=34787"}],"wp:term":[{"taxonomy":"category","embeddable":true,"href":"https:\/\/linitiative.ca\/International\/wp-json\/wp\/v2\/categories?post=34787"},{"taxonomy":"post_tag","embeddable":true,"href":"https:\/\/linitiative.ca\/International\/wp-json\/wp\/v2\/tags?post=34787"}],"curies":[{"name":"wp","href":"https:\/\/api.w.org\/{rel}","templated":true}]}}