{"id":34791,"date":"2019-05-17T10:00:34","date_gmt":"2019-05-17T14:00:34","guid":{"rendered":"https:\/\/linitiative.ca\/International\/groupe-accor-des-records-mondiaux-et-un-developpement-soutenu-au-maroc-en-2018\/"},"modified":"2019-05-17T10:00:34","modified_gmt":"2019-05-17T14:00:34","slug":"groupe-accor-des-records-mondiaux-et-un-developpement-soutenu-au-maroc-en-2018","status":"publish","type":"post","link":"https:\/\/linitiative.ca\/International\/groupe-accor-des-records-mondiaux-et-un-developpement-soutenu-au-maroc-en-2018\/","title":{"rendered":"Groupe Accor : Des records mondiaux et un d\u00e9veloppement soutenu au Maroc en 2018"},"content":{"rendered":"<header>\n<\/header>\n<div class=\"entry-content clearfix\" readability=\"69\"><img decoding=\"async\" class=\"post_layout_5_img\" src=\"http:\/\/aujourdhui.ma\/wp-content\/uploads\/2019\/05\/accor-hotels.jpg?x29840\" alt=\"Groupe Accor : Des records mondiaux et un d\u00e9veloppement soutenu au Maroc en 2018\"\/><\/p>\n<p class=\"p1\"><span class=\"s1\"><span class=\"c4\"><strong>D\u00e9cid\u00e9ment 2018 a \u00e9t\u00e9 de bon augure pour Accor. L\u2019ann\u00e9e a connu en effet des ouvertures et signatures records ainsi qu\u2019une acc\u00e9l\u00e9ration de l\u2019offre lifestye du groupe.<\/strong><\/span><\/span><span id=\"more-311364\"\/><\/p>\n<p class=\"p1\"><span class=\"s1\">En chiffre, ces performances se traduisent par un portefeuille record de pr\u00e8s de 4.800 h\u00f4tels, et 704.000 chambres dans plus de 100 pays. On rel\u00e8ve par ailleurs un pipeline in\u00e9gal\u00e9 de 198.000 chambres, soit 1.118 h\u00f4tels. Parmi les records enregistr\u00e9s, on cite \u00e9galement l\u2019acquisition de 287 h\u00f4tels et 56.000 chambres, un d\u00e9veloppement organique avec 300 h\u00f4tels ainsi que 480 h\u00f4tels sign\u00e9s avec 70.000 chambres. \u00ab<em>Cette ann\u00e9e encore le Groupe prouve qu\u2019il est capable de repousser ses propres limites. En 2018, AccorHotels n\u2019a jamais ouvert autant d\u2019h\u00f4tels de son histoire.<\/em><\/span><\/p>\n<p class=\"p1\"><span class=\"s1\"><em>Le Groupe s\u2019est aussi radicalement renforc\u00e9 sur le Lifestyle. En tr\u00e8s peu de temps, nos \u00e9quipes ont su rassembler un portefeuille de marques puissantes et compl\u00e8tes sur ce march\u00e9 et r\u00e9pondre ainsi \u00e0 une tr\u00e8s forte demande et sur tous les segments, des marques \u00e9conomiques au luxe<\/em>\u00bb, peut-on relever de Guarav Bhushan, directeur g\u00e9n\u00e9ral d\u00e9veloppement Accor. Le groupe a en effet rassembl\u00e9 un portefeuille de marques puissantes et compl\u00e8tes permettant d\u2019accompagner les clients de tous segments. Pas moins de 14 marques prestigieuses ont \u00e9t\u00e9 rachet\u00e9es durant l\u2019ann\u00e9e consolidant ainsi le positionnement de la marque sur des march\u00e9s et segments cl\u00e9s.<\/span><\/p>\n<p class=\"p1\"><span class=\"s1\">Au Maroc, Accor a proc\u00e9d\u00e9 au lancement des r\u00e9sidences Fairmont Marrakech et Rabat ainsi qu\u2019\u00e0 l\u2019ouverture du Novotel Mohammedia (114 chambres) et l\u2019int\u00e9gration de 3 Movenpicks, notamment ceux de Casablanca, Tanger et Marrakech portant sur un total de 907 chambres. Le groupe qui d\u00e9tient au niveau national 41 \u00e9tablissements h\u00f4teliers et plus de 6.300 chambres tend \u00e0 r\u00e9pondre aux attentes de sa client\u00e8le toutes cat\u00e9gories confondues.<\/span><\/p>\n<p class=\"p1\"><span class=\"s1\">Pour les voyages d\u2019affaires, Accor propose au niveau national la plus grande offre de salles. Elle inclut en effet le plus gros centre de congr\u00e8s au Maroc et plus de 130 salles de r\u00e9union. L\u2019enseigne appuie \u00e9galement le d\u00e9veloppement du co-working en proposant des lieux adapt\u00e9s aux r\u00e9unions et \u00e9v\u00e9nements au sein de ses h\u00f4tels. En ce qui concerne l\u2019activit\u00e9 culturelle du Maroc, Accor est partenaire de grandes manifestations pour ne citer que Mawazine, le Festival Gnaoua et le Festival du film de Marrakech.<\/span><\/p>\n<\/div>\n<p>Auteur: ALM<br \/>\n<a href=\"http:\/\/aujourdhui.ma\/economie\/groupe-accor-des-records-mondiaux-et-un-developpement-soutenu-au-maroc-en-2018\">Cliquez ici pour lire l&rsquo;article depuis sa source.<\/a><\/p>\n","protected":false},"excerpt":{"rendered":"<p>D\u00e9cid\u00e9ment 2018 a \u00e9t\u00e9 de bon augure pour Accor. L\u2019ann\u00e9e a connu en effet des ouvertures et signatures records ainsi qu\u2019une acc\u00e9l\u00e9ration de l\u2019offre lifestye du groupe. En chiffre, ces performances se traduisent par un portefeuille record de pr\u00e8s de 4.800 h\u00f4tels, et 704.000 chambres dans plus de 100 pays. On rel\u00e8ve par ailleurs un [&hellip;]<\/p>\n","protected":false},"author":1759,"featured_media":0,"comment_status":"closed","ping_status":"closed","sticky":false,"template":"","format":"standard","meta":{"fifu_image_url":"","fifu_image_alt":"","footnotes":""},"categories":[73,54],"tags":[],"class_list":["post-34791","post","type-post","status-publish","format-standard","hentry","category-actualite","category-maroc"],"_links":{"self":[{"href":"https:\/\/linitiative.ca\/International\/wp-json\/wp\/v2\/posts\/34791","targetHints":{"allow":["GET"]}}],"collection":[{"href":"https:\/\/linitiative.ca\/International\/wp-json\/wp\/v2\/posts"}],"about":[{"href":"https:\/\/linitiative.ca\/International\/wp-json\/wp\/v2\/types\/post"}],"author":[{"embeddable":true,"href":"https:\/\/linitiative.ca\/International\/wp-json\/wp\/v2\/users\/1759"}],"replies":[{"embeddable":true,"href":"https:\/\/linitiative.ca\/International\/wp-json\/wp\/v2\/comments?post=34791"}],"version-history":[{"count":0,"href":"https:\/\/linitiative.ca\/International\/wp-json\/wp\/v2\/posts\/34791\/revisions"}],"wp:attachment":[{"href":"https:\/\/linitiative.ca\/International\/wp-json\/wp\/v2\/media?parent=34791"}],"wp:term":[{"taxonomy":"category","embeddable":true,"href":"https:\/\/linitiative.ca\/International\/wp-json\/wp\/v2\/categories?post=34791"},{"taxonomy":"post_tag","embeddable":true,"href":"https:\/\/linitiative.ca\/International\/wp-json\/wp\/v2\/tags?post=34791"}],"curies":[{"name":"wp","href":"https:\/\/api.w.org\/{rel}","templated":true}]}}