{"id":34792,"date":"2019-05-17T10:40:27","date_gmt":"2019-05-17T14:40:27","guid":{"rendered":"https:\/\/linitiative.ca\/International\/enquete-les-fumeurs-consomment-en-moyenne-132-cigarettes-par-jour\/"},"modified":"2019-05-17T10:40:27","modified_gmt":"2019-05-17T14:40:27","slug":"enquete-les-fumeurs-consomment-en-moyenne-132-cigarettes-par-jour","status":"publish","type":"post","link":"https:\/\/linitiative.ca\/International\/enquete-les-fumeurs-consomment-en-moyenne-132-cigarettes-par-jour\/","title":{"rendered":"Enqu\u00eate : Les fumeurs consomment  en moyenne 13,2 cigarettes par jour"},"content":{"rendered":"<p><img decoding=\"async\" class=\"post_layout_5_img\" src=\"http:\/\/aujourdhui.ma\/wp-content\/uploads\/2016\/05\/cigarette-tabac.jpg?x29840\" alt=\"Enqu\u00eate : Les fumeurs consomment en moyenne 13,2 cigarettes par jour\"\/><\/p>\n<p class=\"p1\"><span class=\"c4\"><strong><em>Ils d\u00e9boursent 32,40 DH pour l\u2019achat d\u2019un paquet<\/em><\/strong><\/span> <span id=\"more-311390\"\/><\/p>\n<p class=\"p1\"><span class=\"s1\">Le minist\u00e8re de la sant\u00e9 vient de publier les r\u00e9sultats d\u2019une nouvelle enqu\u00eate \u00e9pid\u00e9miologique de pr\u00e9valence des facteurs de risque des maladies non transmissibles. Cette enqu\u00eate qui a \u00e9t\u00e9 r\u00e9alis\u00e9e en collaboration avec l\u2019OMS a pour objectif de d\u00e9terminer les facteurs de risque communs de ces maladies chez les sujets de 18 ans et plus. A noter que la derni\u00e8re \u00e9tude remonte \u00e0 l\u2019ann\u00e9e 2000. L\u2019enqu\u00eate a concern\u00e9 un \u00e9chantillon repr\u00e9sentatif de la population marocaine de 6.100 personnes. Elle s\u2019est d\u00e9roul\u00e9e du 1er f\u00e9vrier 2017 au 31 mars 2018. Cette enqu\u00eate qui s\u2019est int\u00e9ress\u00e9e entre autres au comportement tabagique a permis de r\u00e9v\u00e9ler que la pr\u00e9valence de l\u2019utilisation actuelle de toutes formes confondues de tabac \u00e9tait de 13,4%.<\/span><\/p>\n<p class=\"p1\"><span class=\"s1\">Elle est plus faible chez les femmes (0,4%) que chez les hommes (26,9%). Les pr\u00e9valences les plus \u00e9lev\u00e9es concernaient les tranches d\u2019\u00e2ge de 30-44 et 45-59 ans, avec respectivement 15,4 et 15,2%. Concernant le tabac fum\u00e9 (\u00e0 savoir l\u2018utilisation des cigarettes, du cigare, de la chicha\u2026,), la pr\u00e9valence de l\u2019utilisation actuelle \u00e9tait de 11,7%). Elle est tr\u00e8s faible chez les femmes (0,3%) que chez les hommes (23,4%). Sur l\u2019ensemble des r\u00e9pondants, 80,2% \u00e9taient non-fumeurs. La fr\u00e9quence la plus faible des non-fumeurs a \u00e9t\u00e9 enregistr\u00e9e dans la tranche d\u2019\u00e2ge 45-59 ans avec 73%. En revanche, les tranches d\u2019\u00e2ge 30-44 et 45-59 ans ont connu les pr\u00e9valences les plus \u00e9lev\u00e9es de fumeurs quotidiens avec respectivement 13 et 12,3%. Par ailleurs, l\u2019\u00e9tude de la proportion des fumeurs quotidiens parmi les fumeurs actuels a montr\u00e9 que cette proportion variait de 80,6 \u00e0 100%.<\/span><\/p>\n<p class=\"p1\"><span class=\"s1\">La plupart des fumeurs actuels du tabac fum\u00e9 \u00e9taient des fumeurs quotidiens. L\u2019\u00e2ge moyen de d\u00e9but de consommation de tabac \u00e9tait de 19 ans (18,9 ans pour les hommes contre 23,4 ans pour les femmes). L\u2019enqu\u00eate pr\u00e9cise que le nombre moyen total de cigarettes utilis\u00e9es par les fumeurs quotidiens \u00e9tait de 13,2 cigarettes par jour. Par contre, la quantit\u00e9 moyenne de tabac utilis\u00e9e chez les femmes qui fument quotidiennement n\u2019a pas \u00e9t\u00e9 rapport\u00e9e en raison de la faible pr\u00e9valence du tabagisme chez le sexe f\u00e9minin. A noter que les cigarettes roul\u00e9es ne d\u00e9passent pas le 1,8 cigarette par jour.<\/span><\/p>\n<p class=\"p3\"><span class=\"s1\"><strong>Plus de 64% ont essay\u00e9 d\u2019arr\u00eater de fumer\u00a0<\/strong><\/span><\/p>\n<p class=\"p1\"><span class=\"s1\">L\u2019enqu\u00eate signale \u00e9galement qu\u2019en moyenne les fumeurs actuels payent 32,40 DH pour l\u2019achat d\u2019un paquet de 20 cigarettes. Les fumeurs \u00e2g\u00e9s entre 60 \u00e0 69 ans d\u00e9pensent plus pour l\u2019achat d\u2019un paquet (20 cigarettes), \u00e0 savoir 37,8 DH. Sur l\u2019ensemble des fumeurs actuels, l\u2019\u00e9tude des tentatives d\u2019arr\u00eat de fumer a montr\u00e9 que 64,1% ont essay\u00e9 d\u2019arr\u00eater de fumer auparavant. Ce pourcentage est de 2\/3 pour les fumeurs \u00e2g\u00e9s entre 18 et 59 ans. Il passe \u00e0 la moiti\u00e9 pour les personnes \u00e2g\u00e9es de 60 ans et plus. Notons que parmi les fumeurs actuels, 38,3% ont \u00e9t\u00e9 avertis durant les 12 derniers mois par un m\u00e9decin afin d\u2019arr\u00eater de fumer. <span class=\"Apple-converted-space\">\u00a0<\/span> L\u2019exposition \u00e0 la fum\u00e9e secondaire a \u00e9t\u00e9 examin\u00e9e \u00e0 travers cette enqu\u00eate \u00e0 l\u2019int\u00e9rieur des maisons et sur le lieu de travail. On y apprend que 16,5% ont \u00e9t\u00e9 victimes de fum\u00e9e secondaire \u00e0 l\u2019int\u00e9rieur des maisons. Cette pr\u00e9valence est plus importante chez les hommes (19,2%) que les femmes (13,8%). Pour ce qui est du lieu de travail, le quart de la population cibl\u00e9e par l\u2019enqu\u00eate souffre de fum\u00e9e secondaire. Cette pr\u00e9valence est plus importante chez les hommes (35,6%) que les femmes (12,3% ). S\u2019agissant de la cigarette \u00e9lectronique, l\u2019enqu\u00eate a d\u00e9montr\u00e9 que la pr\u00e9valence \u00e9tait tr\u00e8s faible et ne d\u00e9passe pas 1%.\u00a0<\/span><\/p>\n<p class=\"p3\"><span class=\"s1\"><strong>Plus de 89% sont en faveur de l\u2019augmentation des taxes sur les produits tabagiques<\/strong><\/span><\/p>\n<p class=\"p1\"><span class=\"s1\">Les r\u00e9sultats de l\u2019enqu\u00eate ont d\u00e9montr\u00e9 que la majorit\u00e9 des personnes est en faveur des diff\u00e9rentes mesures visant \u00e0 r\u00e9duire la consommation du tabac et ses effets n\u00e9fastes sur le consommateur et son entourage. Ainsi, 89,7% sont en faveur de l\u2019augmentation des taxes sur les produits tabagiques. Aussi 97,3% sont en faveur de l\u2019interdiction de fumer dans les lieux publics. Signalons \u00e9galement que 95,9% de la population cible est en faveur de l\u2019utilisation des images illustratrices des m\u00e9faits du tabagisme sur la sant\u00e9 sur les produits tabagiques. Il est aussi important de pr\u00e9ciser que les trois quarts des fumeurs ont confirm\u00e9 avoir d\u00e9j\u00e0 remarqu\u00e9 la pr\u00e9sence de mise en garde de sant\u00e9 sur les paquets de cigarettes. Aussi 71,5% des fumeurs ont confirm\u00e9 que la pr\u00e9sence de ces mises en garde leur a fait penser \u00e0 arr\u00eater de fumer.\u00a0<\/span><\/p>\n<p>Auteur: Laila Zerrour<br \/>\n<a href=\"http:\/\/aujourdhui.ma\/societe\/enquete-les-fumeurs-consomment-en-moyenne-132-cigarettes-par-jour\">Cliquez ici pour lire l&rsquo;article depuis sa source.<\/a><\/p>\n","protected":false},"excerpt":{"rendered":"<p>Ils d\u00e9boursent 32,40 DH pour l\u2019achat d\u2019un paquet Le minist\u00e8re de la sant\u00e9 vient de publier les r\u00e9sultats d\u2019une nouvelle enqu\u00eate \u00e9pid\u00e9miologique de pr\u00e9valence des facteurs de risque des maladies non transmissibles. Cette enqu\u00eate qui a \u00e9t\u00e9 r\u00e9alis\u00e9e en collaboration avec l\u2019OMS a pour objectif de d\u00e9terminer les facteurs de risque communs de ces maladies [&hellip;]<\/p>\n","protected":false},"author":1759,"featured_media":0,"comment_status":"closed","ping_status":"closed","sticky":false,"template":"","format":"standard","meta":{"fifu_image_url":"","fifu_image_alt":"","footnotes":""},"categories":[73,54],"tags":[],"class_list":["post-34792","post","type-post","status-publish","format-standard","hentry","category-actualite","category-maroc"],"_links":{"self":[{"href":"https:\/\/linitiative.ca\/International\/wp-json\/wp\/v2\/posts\/34792","targetHints":{"allow":["GET"]}}],"collection":[{"href":"https:\/\/linitiative.ca\/International\/wp-json\/wp\/v2\/posts"}],"about":[{"href":"https:\/\/linitiative.ca\/International\/wp-json\/wp\/v2\/types\/post"}],"author":[{"embeddable":true,"href":"https:\/\/linitiative.ca\/International\/wp-json\/wp\/v2\/users\/1759"}],"replies":[{"embeddable":true,"href":"https:\/\/linitiative.ca\/International\/wp-json\/wp\/v2\/comments?post=34792"}],"version-history":[{"count":0,"href":"https:\/\/linitiative.ca\/International\/wp-json\/wp\/v2\/posts\/34792\/revisions"}],"wp:attachment":[{"href":"https:\/\/linitiative.ca\/International\/wp-json\/wp\/v2\/media?parent=34792"}],"wp:term":[{"taxonomy":"category","embeddable":true,"href":"https:\/\/linitiative.ca\/International\/wp-json\/wp\/v2\/categories?post=34792"},{"taxonomy":"post_tag","embeddable":true,"href":"https:\/\/linitiative.ca\/International\/wp-json\/wp\/v2\/tags?post=34792"}],"curies":[{"name":"wp","href":"https:\/\/api.w.org\/{rel}","templated":true}]}}