{"id":34794,"date":"2019-05-17T07:51:45","date_gmt":"2019-05-17T11:51:45","guid":{"rendered":"https:\/\/linitiative.ca\/International\/une-approche-a-bannir\/"},"modified":"2019-05-17T07:51:45","modified_gmt":"2019-05-17T11:51:45","slug":"une-approche-a-bannir","status":"publish","type":"post","link":"https:\/\/linitiative.ca\/International\/une-approche-a-bannir\/","title":{"rendered":"Une approche \u00e0 bannir!"},"content":{"rendered":"<p class=\"c4\"><span class=\"c3\"><strong><span class=\"c2\">O<\/span>n reviendra sur une attitude inappropri\u00e9e qui tend \u00e0 persister dans les rouages administratifs du royaume. Certes, on se dote d\u2019une panoplie de textes qui rectifie ces conduites drastiques des employeurs vis-\u00e0-vis des divers subalternes au sein de l\u2019administration. Mais, il se trouve que des abus ne sont encore pr\u00eats \u00e0 abandonner ces agissements draconiens. En effet, on a toujours l\u2019habitude d\u2019exp\u00e9dier un commis de l\u2019Etat dans un patelin recul\u00e9 du territoire national pour le sanctionner. Un comportement fort fr\u00e9quent au sein des d\u00e9cideurs pour donner l\u2019exemple aux autres dans un syst\u00e8me \u00e9tabli.<\/strong><\/span><\/p>\n<p class=\"c4\">Si cette conduite semble \u00eatre d\u00e9plac\u00e9e pour la personne concern\u00e9e, elle l\u2019est \u00e9galement pour la localit\u00e9 d\u2019accueil des agents \u00abind\u00e9sirables\u00bb. Ai fait, il est insoutenable de constater que ces coins abandonn\u00e9s du pays ne soient bons, en fin de compte, que pour punir les \u00abfauteurs\u00bb. La frustration est alors doublement ressentie. Tout d\u2019abord, elle constitue pour la victime renvoy\u00e9e un lourd fardeau moral. Ce sentiment de rejet p\u00e8sera dans son rapport avec le lieu de sanction et sa nouveau point de chute qui ne parvient nullement \u00e0 tol\u00e9rer son existence dans ses murs.<\/p>\n<p class=\"c4\">D\u2019autre part, les populations de ces zones purgatives sont, de plus en plus, mal \u00e0 l\u2019aise \u00e0 l\u2019id\u00e9e de savoir que leur \u00abbled\u00bb n\u2019est autre qu\u2019un camp d\u2019exil pour \u00ables contrevenants\u00bb. Cette sensation est d\u2019autant plus mitig\u00e9e qu\u2019elle donne \u00e0 croire que le pays est r\u00e9ellement scind\u00e9 en r\u00e9gions \u00abutiles\u00bb et d\u2019autres \u00abinutiles\u00bb, pour parapher cette distinction aberrante et r\u00e9volue, aux connotations coloniales. On d\u00e9plorera alors le maintien de cette approche s\u00e9gr\u00e9gative \u00e0 ce niveau, au point de semer une profonde r\u00e9action de d\u2019indignation chez des citoyens, frapp\u00e9s par la privation et l\u2019exclusive.<\/p>\n<p class=\"c4\">Le fait de s\u2019ent\u00eater \u00e0 se comporter de la sorte, en termes de mesures disciplinaires adopt\u00e9es \u00e0 l\u2019encontre des fonctionnaires de l\u2019Etat, donne bien la preuve que ces espaces purgatoires sont ignor\u00e9s et d\u00e9laiss\u00e9s. Except\u00e9 pour r\u00e9primer les dissidents. C\u2019est ainsi que dans la conscience collective des marocains, des villes \u00abde marge\u00bb telles Tinghir, Bouarfa, Foum Zguid, M\u2019hamed Ghizlane, Assa Zag et bien d\u2019autres sont toujours consid\u00e9r\u00e9s comme des endroits de pr\u00e9dilection pour infliger un ch\u00e2timent de supplice \u00e0 tel ou tel gouverneur et caid d\u00e9grad\u00e9s, tel ou tel chef de service ext\u00e9rieur d\u00e9mis de ses fonctions dans une m\u00e9tropole du centre.<\/p>\n<p class=\"c4\">En fait, on ne saurait gu\u00e8re proc\u00e9der par discrimination s\u00e9lective envers des cadres, de mani\u00e8re \u00e0 concentrer les affectations dans les villes \u00abfavoris\u00e9es\u00bb et marginaliser celles se trouvant dans ce qu\u2019on appelle commun\u00e9ment le Maroc profond. Plus question alors de consid\u00e9rer ces contr\u00e9es se trouvant dans les confins du pays comme des lieux de \u00abs\u00e9questration\u00bb pour tous ceux ou celles ayant, peut-\u00eatre, \u00abgaff\u00e9\u00bb.<\/p>\n<p class=\"c4\">En se conduisant de cette fa\u00e7on, on ne fait, en cons\u00e9quence\u00bb qu\u2019enfoncer le clou pour ces citoyens qui ressentent de la vexation devant de telles intimidations. Il y a bien mille mani\u00e8res de rappeler \u00e0 l\u2019ordre tous ceux qui faillent \u00e0 leurs obligations, surtout pas au d\u00e9triment des concitoyens, profond\u00e9ment affect\u00e9s dans leur amour propre. Ni la Constitution qui stipule la justice spatiale et sociale, ni les droits humains qui promulguent la pr\u00e9servation de la dignit\u00e9 ne permettent de tels d\u00e9rapages.<\/p>\n<p>Auteur: rahal mehamed<br \/>\n<a href=\"http:\/\/albayane.press.ma\/une-approche-a-bannir.html\">Cliquez ici pour lire l&rsquo;article depuis sa source.<\/a><\/p>\n","protected":false},"excerpt":{"rendered":"<p>On reviendra sur une attitude inappropri\u00e9e qui tend \u00e0 persister dans les rouages administratifs du royaume. Certes, on se dote d\u2019une panoplie de textes qui rectifie ces conduites drastiques des employeurs vis-\u00e0-vis des divers subalternes au sein de l\u2019administration. Mais, il se trouve que des abus ne sont encore pr\u00eats \u00e0 abandonner ces agissements draconiens. [&hellip;]<\/p>\n","protected":false},"author":1760,"featured_media":0,"comment_status":"closed","ping_status":"closed","sticky":false,"template":"","format":"standard","meta":{"fifu_image_url":"","fifu_image_alt":"","footnotes":""},"categories":[73,54],"tags":[],"class_list":["post-34794","post","type-post","status-publish","format-standard","hentry","category-actualite","category-maroc"],"_links":{"self":[{"href":"https:\/\/linitiative.ca\/International\/wp-json\/wp\/v2\/posts\/34794","targetHints":{"allow":["GET"]}}],"collection":[{"href":"https:\/\/linitiative.ca\/International\/wp-json\/wp\/v2\/posts"}],"about":[{"href":"https:\/\/linitiative.ca\/International\/wp-json\/wp\/v2\/types\/post"}],"author":[{"embeddable":true,"href":"https:\/\/linitiative.ca\/International\/wp-json\/wp\/v2\/users\/1760"}],"replies":[{"embeddable":true,"href":"https:\/\/linitiative.ca\/International\/wp-json\/wp\/v2\/comments?post=34794"}],"version-history":[{"count":0,"href":"https:\/\/linitiative.ca\/International\/wp-json\/wp\/v2\/posts\/34794\/revisions"}],"wp:attachment":[{"href":"https:\/\/linitiative.ca\/International\/wp-json\/wp\/v2\/media?parent=34794"}],"wp:term":[{"taxonomy":"category","embeddable":true,"href":"https:\/\/linitiative.ca\/International\/wp-json\/wp\/v2\/categories?post=34794"},{"taxonomy":"post_tag","embeddable":true,"href":"https:\/\/linitiative.ca\/International\/wp-json\/wp\/v2\/tags?post=34794"}],"curies":[{"name":"wp","href":"https:\/\/api.w.org\/{rel}","templated":true}]}}