{"id":34796,"date":"2019-05-17T08:17:11","date_gmt":"2019-05-17T12:17:11","guid":{"rendered":"https:\/\/linitiative.ca\/International\/la-nakba-qui-interpelle-le-monde\/"},"modified":"2019-05-17T08:17:11","modified_gmt":"2019-05-17T12:17:11","slug":"la-nakba-qui-interpelle-le-monde","status":"publish","type":"post","link":"https:\/\/linitiative.ca\/International\/la-nakba-qui-interpelle-le-monde\/","title":{"rendered":"La \u00abNakba\u00bb qui interpelle le monde"},"content":{"rendered":"<p class=\"c4\"><span class=\"c3\"><strong>\u00ab<span class=\"c2\">D<\/span>\u00e9sastre\u00bb, \u00abcatastrophe\u00bb, \u00abNakba\u00bb. Ces concepts, rappel\u00e9s, repris et remis sur le devant de la sc\u00e8ne m\u00e9diatique et politique internationale, chaque ann\u00e9e, en ce moment de comm\u00e9moration du triste anniversaire du peuple palestinien massacr\u00e9 et chass\u00e9 de ses terres en 1948.<\/strong><\/span><\/p>\n<p class=\"c4\">En effet, au moment o\u00f9 le monde sortait de la deuxi\u00e8me guerre mondiale, au moment o\u00f9 la conjoncture mondiale \u00e9tait sur la voie de la d\u00e9colonisation, au moment\u00a0 o\u00f9 le monde lan\u00e7ait les jalons du d\u00e9veloppement durable, l\u2019Histoire retient que dans cette zone du Proche-Orient le conflit durable \u00e9tait lanc\u00e9, supplantant ainsi une tr\u00eave durable et renvoyant du coup aux calendes grecques une paix durable.<\/p>\n<p class=\"c4\">Depuis lors, le conflit isra\u00e9lo-palestinien ou palestino-isra\u00e9lien s\u2019accentuait et se compliquait pour devenir durable et, semble-t-il, sans issue aujourd\u2019hui. Et la \u00abNakba\u00bb, qui a d\u00e9marr\u00e9 en 1948 par une d\u00e9possession de la terre, s\u2019est poursuivie pour consolider et \u00abl\u00e9gitimer\u00bb la d\u00e9possession et se poursuit toujours par une d\u00e9possession sur toute la ligne.<\/p>\n<p class=\"c4\">C\u2019est dans ce sillage que la formule de \u00abdeux Etats\u00bb a \u00e9t\u00e9 mise en avant, mais sans mesures concr\u00e8tes pour baliser la voie \u00e0 sa mise en \u0153uvre effective et durable. Ensuite, la question du statut de la ville sainte d\u2019Al Qods\u00a0 a \u00e9t\u00e9 manipul\u00e9e pour ne donner aucun espoir \u00e0 la formule de deux Etats. A ce propos, la d\u00e9cision des USA de transf\u00e9rer leur ambassade \u00e0 J\u00e9rusalem et l\u2019adoption de la loi d\u00e9finissant Isra\u00ebl comme \u00abEtat nation du peuple juif\u00bb, ont d\u00e9finitivement renvoy\u00e9 le projet de paix aux calendes grecques.<\/p>\n<p class=\"c4\">Cette situation ne cesse d\u2019interpeller Rabat qui a toujours pr\u00f4n\u00e9 la voie de la paix et de la cohabitation des deux Etats voisins. \u00abEn Notre qualit\u00e9 de Pr\u00e9sident du Comit\u00e9 Al-Qods, issu de l\u2019Organisation de la Coop\u00e9ration Islamique, Nous avons affirm\u00e9 \u00e0 Son Excellence Monsieur Donald Trump, Pr\u00e9sident des Etats-Unis d\u2019Am\u00e9rique, et \u00e0 Son Excellence Monsieur Antonio Guterres, Secr\u00e9taire g\u00e9n\u00e9ral de l\u2019Organisation des Nations-Unies, l\u2019importance extr\u00eame de la ville d\u2019Al-Qods, non seulement pour les parties au conflit, mais \u00e9galement pour les adeptes des trois religions monoth\u00e9istes, et que toute atteinte au statut juridique et historique reconnu d\u2019Al-Qods, renferme le danger d\u2019entra\u00eener la question palestinienne dans les m\u00e9andres des conflits religieux\u00bb, a soulign\u00e9 SM le Roi Mohammed VI dans un message au pr\u00e9sident de l\u2019Etat de Palestine, Mahmoud Abbas, suite \u00e0 la mise en \u0153uvre par l\u2019Administration am\u00e9ricaine de sa d\u00e9cision de reconna\u00eetre Al-Qods comme capitale d\u2019Isra\u00ebl et d\u2019y transf\u00e9rer son ambassade.<\/p>\n<p class=\"c5\"><strong>B.Amenzou<\/strong><\/p>\n<p>Auteur: rahal mehamed<br \/>\n<a href=\"http:\/\/albayane.press.ma\/la-nakba-qui-interpelle-le-monde.html\">Cliquez ici pour lire l&rsquo;article depuis sa source.<\/a><\/p>\n","protected":false},"excerpt":{"rendered":"<p>\u00abD\u00e9sastre\u00bb, \u00abcatastrophe\u00bb, \u00abNakba\u00bb. Ces concepts, rappel\u00e9s, repris et remis sur le devant de la sc\u00e8ne m\u00e9diatique et politique internationale, chaque ann\u00e9e, en ce moment de comm\u00e9moration du triste anniversaire du peuple palestinien massacr\u00e9 et chass\u00e9 de ses terres en 1948. En effet, au moment o\u00f9 le monde sortait de la deuxi\u00e8me guerre mondiale, au moment [&hellip;]<\/p>\n","protected":false},"author":1760,"featured_media":0,"comment_status":"closed","ping_status":"closed","sticky":false,"template":"","format":"standard","meta":{"fifu_image_url":"","fifu_image_alt":"","footnotes":""},"categories":[73,54],"tags":[],"class_list":["post-34796","post","type-post","status-publish","format-standard","hentry","category-actualite","category-maroc"],"_links":{"self":[{"href":"https:\/\/linitiative.ca\/International\/wp-json\/wp\/v2\/posts\/34796","targetHints":{"allow":["GET"]}}],"collection":[{"href":"https:\/\/linitiative.ca\/International\/wp-json\/wp\/v2\/posts"}],"about":[{"href":"https:\/\/linitiative.ca\/International\/wp-json\/wp\/v2\/types\/post"}],"author":[{"embeddable":true,"href":"https:\/\/linitiative.ca\/International\/wp-json\/wp\/v2\/users\/1760"}],"replies":[{"embeddable":true,"href":"https:\/\/linitiative.ca\/International\/wp-json\/wp\/v2\/comments?post=34796"}],"version-history":[{"count":0,"href":"https:\/\/linitiative.ca\/International\/wp-json\/wp\/v2\/posts\/34796\/revisions"}],"wp:attachment":[{"href":"https:\/\/linitiative.ca\/International\/wp-json\/wp\/v2\/media?parent=34796"}],"wp:term":[{"taxonomy":"category","embeddable":true,"href":"https:\/\/linitiative.ca\/International\/wp-json\/wp\/v2\/categories?post=34796"},{"taxonomy":"post_tag","embeddable":true,"href":"https:\/\/linitiative.ca\/International\/wp-json\/wp\/v2\/tags?post=34796"}],"curies":[{"name":"wp","href":"https:\/\/api.w.org\/{rel}","templated":true}]}}