{"id":34808,"date":"2019-05-17T13:04:05","date_gmt":"2019-05-17T17:04:05","guid":{"rendered":"https:\/\/linitiative.ca\/International\/lartiste-peintre-hind-ziour-expose-a-alger\/"},"modified":"2019-05-17T13:04:05","modified_gmt":"2019-05-17T17:04:05","slug":"lartiste-peintre-hind-ziour-expose-a-alger","status":"publish","type":"post","link":"https:\/\/linitiative.ca\/International\/lartiste-peintre-hind-ziour-expose-a-alger\/","title":{"rendered":"L&rsquo;artiste peintre Hind Ziour expose \u00e0 Alger"},"content":{"rendered":"<div>\n<div class=\"K2FeedImage\"><img decoding=\"async\" src=\"http:\/\/www.aps.dz\/media\/k2\/items\/cache\/c2ef3385ac3607c5365c3001421f7555_S.jpg\" alt=\"L'artiste peintre Hind Ziour expose \u00e0 Alger\"><\/div>\n<div class=\"K2FeedIntroText\">\n<p><strong>ALGER &#8211; Une exposition des \u0153uvres de l\u2019artiste peintre Hind Ziour qui explore la qu\u00eate identitaire et la reconqu\u00eate de soi, a \u00e9t\u00e9 inaugur\u00e9e jeudi soir \u00e0 Alger.<\/strong><\/p>\n<\/div>\n<div class=\"K2FeedFullText\">\n<p>Intitul\u00e9e \u00ab\u00a0Ch\u2019koun ena\u00a0\u00bb (Qui suis-je?), l\u2019exposition regroupe une trentaine de toiles &#8211; en partie in\u00e9dites-, r\u00e9alis\u00e9es avec des techniques mixtes alliant peinture \u00e0 l\u2019huile et aquarelle, pastel et acrylique et couteau et collage.<\/p>\n<p>En grand et petit formats, les \u0153uvres de Hind Ziour c\u00e9l\u00e8brent la femme africaine, berb\u00e8re, arabe et ottomane \u00e0 travers des portraits en hommage au courage des femmes comme dans \u00ab\u00a0African woman\u00a0\u00bb.<\/p>\n<p>\u00ab\u00a0Je me r\u00e9clame du mouvement artistique Aouchem qui pr\u00f4ne la r\u00e9appropriation de l\u2019identit\u00e9 alg\u00e9rienne dans le signe et le symbole\u00a0\u00bb, a-t-elle dit en marge du vernissage de sa premi\u00e8re exposition individuelle en Alg\u00e9rie.<\/p>\n<blockquote>\n<p><em><strong>Empreintes d\u2019\u00e9motions, ses \u0153uvres racontent des histoires v\u00e9cues par des Alg\u00e9riens comme dans cette toile intitul\u00e9e \u00ab\u00a0Wanted\u00a0\u00bb o\u00f9 l\u2019artiste rend hommage aux \u00ab\u00a0disparus\u00a0\u00bb des \u00e9v\u00e8nements d\u2019octobre 1988 qui se sont sold\u00e9s par des morts et des bless\u00e9s.<\/strong><\/em><\/p>\n<\/blockquote>\n<p>Les crises et conflits qui secouent la stabilit\u00e9 du Sahel s\u2019invitent \u00e9galement dans les \u0153uvres de Hind qui se \u00ab\u00a0revendique\u00a0\u00bb, a-t-elle attest\u00e9, de \u00ab\u00a0l\u2019h\u00e9ritage africano-amazigh qui a tant nourri\u00a0\u00bb l\u2019Afrique du Nord et l\u2019Egypte.<\/p>\n<p>Dans d\u2019autres tableaux aux formes plut\u00f4t abstraites, l\u2019artiste \u00e9voque l\u2019\u00a0\u00bbobsession culturelle\u00a0\u00bb\u00a0 et la qu\u00eate identitaire tout en restant attach\u00e9e \u00e0 son environnement social dont elle s&rsquo;inspire.<\/p>\n<p>Hind Ziour a particip\u00e9 \u00e0 plusieurs expositions collectives en France et en Alg\u00e9rie.<\/p>\n<p>L\u2019exposition \u00ab\u00a0Qui suis-je\u00a0\u00bb se poursuit jusqu\u2019au 29 juin prochain \u00e0 l\u2019espace Hadj-Omar du Th\u00e9\u00e2tre national alg\u00e9rien Mahieddine-Bachtarzi (TNA).<\/p>\n<\/div>\n<\/div>\n<p>Auteur:<br \/>\n<a href=\"http:\/\/www.aps.dz\/culture\/89536-l-artiste-peintre-hind-ziour-expose-a-alger\">Cliquez ici pour lire l&rsquo;article depuis sa source.<\/a><\/p>\n","protected":false},"excerpt":{"rendered":"<p>ALGER &#8211; Une exposition des \u0153uvres de l\u2019artiste peintre Hind Ziour qui explore la qu\u00eate identitaire et la reconqu\u00eate de soi, a \u00e9t\u00e9 inaugur\u00e9e jeudi soir \u00e0 Alger. Intitul\u00e9e \u00ab\u00a0Ch\u2019koun ena\u00a0\u00bb (Qui suis-je?), l\u2019exposition regroupe une trentaine de toiles &#8211; en partie in\u00e9dites-, r\u00e9alis\u00e9es avec des techniques mixtes alliant peinture \u00e0 l\u2019huile et aquarelle, pastel [&hellip;]<\/p>\n","protected":false},"author":1790,"featured_media":34809,"comment_status":"closed","ping_status":"closed","sticky":false,"template":"","format":"standard","meta":{"fifu_image_url":"","fifu_image_alt":"","footnotes":""},"categories":[53,79],"tags":[],"class_list":["post-34808","post","type-post","status-publish","format-standard","has-post-thumbnail","hentry","category-algerie","category-culture"],"_links":{"self":[{"href":"https:\/\/linitiative.ca\/International\/wp-json\/wp\/v2\/posts\/34808","targetHints":{"allow":["GET"]}}],"collection":[{"href":"https:\/\/linitiative.ca\/International\/wp-json\/wp\/v2\/posts"}],"about":[{"href":"https:\/\/linitiative.ca\/International\/wp-json\/wp\/v2\/types\/post"}],"author":[{"embeddable":true,"href":"https:\/\/linitiative.ca\/International\/wp-json\/wp\/v2\/users\/1790"}],"replies":[{"embeddable":true,"href":"https:\/\/linitiative.ca\/International\/wp-json\/wp\/v2\/comments?post=34808"}],"version-history":[{"count":0,"href":"https:\/\/linitiative.ca\/International\/wp-json\/wp\/v2\/posts\/34808\/revisions"}],"wp:featuredmedia":[{"embeddable":true,"href":"https:\/\/linitiative.ca\/International\/wp-json\/"}],"wp:attachment":[{"href":"https:\/\/linitiative.ca\/International\/wp-json\/wp\/v2\/media?parent=34808"}],"wp:term":[{"taxonomy":"category","embeddable":true,"href":"https:\/\/linitiative.ca\/International\/wp-json\/wp\/v2\/categories?post=34808"},{"taxonomy":"post_tag","embeddable":true,"href":"https:\/\/linitiative.ca\/International\/wp-json\/wp\/v2\/tags?post=34808"}],"curies":[{"name":"wp","href":"https:\/\/api.w.org\/{rel}","templated":true}]}}