{"id":34812,"date":"2019-05-17T13:04:10","date_gmt":"2019-05-17T17:04:10","guid":{"rendered":"https:\/\/linitiative.ca\/International\/concert-en-hommage-a-la-diva-fayrouz-farah-rigal-en-automne-en-algerie\/"},"modified":"2019-05-17T13:04:10","modified_gmt":"2019-05-17T17:04:10","slug":"concert-en-hommage-a-la-diva-fayrouz-farah-rigal-en-automne-en-algerie","status":"publish","type":"post","link":"https:\/\/linitiative.ca\/International\/concert-en-hommage-a-la-diva-fayrouz-farah-rigal-en-automne-en-algerie\/","title":{"rendered":"Concert en hommage \u00e0 la diva Fayrouz: Farah Rigal en automne en Alg\u00e9rie"},"content":{"rendered":"<div>\n<div class=\"K2FeedImage\"><img decoding=\"async\" src=\"http:\/\/www.aps.dz\/media\/k2\/items\/cache\/796bf244f5348386c2f68f0e5c1e9d09_S.jpg\" alt=\"Concert en hommage \u00e0 la diva Fayrouz: Farah Rigal en automne en Alg\u00e9rie\"><\/div>\n<div class=\"K2FeedIntroText\">\n<p><strong>PARIS &#8211; La chanteuse franco-marocaine Farah Rigal se d\u00e9placera en automne prochain en Alg\u00e9rie pour un concert en hommage \u00e0 la diva de la chanson arabe Fayrouz, a-t-on appris vendredi de son producteur.<\/strong><\/p>\n<\/div>\n<div class=\"K2FeedFullText\">\n<p>\u00ab\u00a0La chanteuse, qui donnera des concerts dans dix villes alg\u00e9riennes, dont deux \u00e0 Alger, pr\u00e9sentera un concept exceptionnel et unique en hommage \u00e0 la grande chanteuse libanaise Fayrouz\u00a0\u00bb, a indiqu\u00e9 \u00e0 l&rsquo;APS Bernard Nicolet, patron de la bo\u00eete Labalme Music France qui dit qu&rsquo;il ne produit que celui qui lui plait.<\/p>\n<p>Farah Rigal se d\u00e9placera \u00ab\u00a0tr\u00e8s prochainement\u00a0\u00bb en Alg\u00e9rie pour une op\u00e9ration m\u00e9dias de son concert qui porte l&rsquo;ambition de faire revivre les ann\u00e9es du rayonnement culturel musical du Liban sur le monde arabe.<\/p>\n<blockquote>\n<p><em><strong>Le concept du concert \u00ab\u00a0Hommage \u00e0 la diva Fayrouz\u00a0\u00bb de 1h40, explique le producteur, est compos\u00e9 d&rsquo;un collectif d&rsquo;artistes, dont une partie a \u00e9t\u00e9 berc\u00e9e et initi\u00e9e au r\u00e9pertoire de Fayrouz et l&rsquo;autre n&rsquo;a connu son \u0153uvre que \u00ab\u00a0bien plus tard\u00a0\u00bb.<\/strong><\/em><\/p>\n<\/blockquote>\n<p>Farah Rigal revisite donc les chansons de la chanteuse libanaise dans un style Funky, a ajout\u00e9 Bernard Nicolet, qui est \u00e9galement le producteur du jeune chanteur d&rsquo;origine alg\u00e9rienne Smam&rsquo;s (Smain Arif).<\/p>\n<p>La chanteuse, \u00e0 la voix g\u00e9n\u00e9reuse et groovy, chante Fayrouz, en version moderne, \u00ab\u00a0avec une proposition musicale originale et exigeante\u00a0\u00bb. Farah Rigal est une jeune artiste qui enrichit depuis une dizaine d&rsquo;ann\u00e9es, selon les connaisseurs, une exp\u00e9rience de sc\u00e8ne et studio dans des registres multiples : Pop-Rock, Soul\/Funk, folk, World et jazz.<\/p>\n<p>Entour\u00e9e de musiciens de divers horizons, elle a d\u00e9cid\u00e9 en 2019 de revenir aux sources de sa culture d&rsquo;origine pour pr\u00eater sa voix en hommage \u00e0 la diva libanaise et mettre la culture arabe \u00e0 l&rsquo;honneur.<\/p>\n<\/div>\n<\/div>\n<p>Auteur:<br \/>\n<a href=\"http:\/\/www.aps.dz\/culture\/89540-concert-en-hommage-a-la-diva-fayrouz-farah-rigal-en-automne-en-algerie\">Cliquez ici pour lire l&rsquo;article depuis sa source.<\/a><\/p>\n","protected":false},"excerpt":{"rendered":"<p>PARIS &#8211; La chanteuse franco-marocaine Farah Rigal se d\u00e9placera en automne prochain en Alg\u00e9rie pour un concert en hommage \u00e0 la diva de la chanson arabe Fayrouz, a-t-on appris vendredi de son producteur. \u00ab\u00a0La chanteuse, qui donnera des concerts dans dix villes alg\u00e9riennes, dont deux \u00e0 Alger, pr\u00e9sentera un concept exceptionnel et unique en hommage [&hellip;]<\/p>\n","protected":false},"author":1790,"featured_media":34813,"comment_status":"closed","ping_status":"closed","sticky":false,"template":"","format":"standard","meta":{"fifu_image_url":"","fifu_image_alt":"","footnotes":""},"categories":[53,79],"tags":[],"class_list":["post-34812","post","type-post","status-publish","format-standard","has-post-thumbnail","hentry","category-algerie","category-culture"],"_links":{"self":[{"href":"https:\/\/linitiative.ca\/International\/wp-json\/wp\/v2\/posts\/34812","targetHints":{"allow":["GET"]}}],"collection":[{"href":"https:\/\/linitiative.ca\/International\/wp-json\/wp\/v2\/posts"}],"about":[{"href":"https:\/\/linitiative.ca\/International\/wp-json\/wp\/v2\/types\/post"}],"author":[{"embeddable":true,"href":"https:\/\/linitiative.ca\/International\/wp-json\/wp\/v2\/users\/1790"}],"replies":[{"embeddable":true,"href":"https:\/\/linitiative.ca\/International\/wp-json\/wp\/v2\/comments?post=34812"}],"version-history":[{"count":0,"href":"https:\/\/linitiative.ca\/International\/wp-json\/wp\/v2\/posts\/34812\/revisions"}],"wp:featuredmedia":[{"embeddable":true,"href":"https:\/\/linitiative.ca\/International\/wp-json\/"}],"wp:attachment":[{"href":"https:\/\/linitiative.ca\/International\/wp-json\/wp\/v2\/media?parent=34812"}],"wp:term":[{"taxonomy":"category","embeddable":true,"href":"https:\/\/linitiative.ca\/International\/wp-json\/wp\/v2\/categories?post=34812"},{"taxonomy":"post_tag","embeddable":true,"href":"https:\/\/linitiative.ca\/International\/wp-json\/wp\/v2\/tags?post=34812"}],"curies":[{"name":"wp","href":"https:\/\/api.w.org\/{rel}","templated":true}]}}