{"id":34826,"date":"2019-05-17T10:12:00","date_gmt":"2019-05-17T14:12:00","guid":{"rendered":"https:\/\/linitiative.ca\/International\/les-manifestants-semparent-de-lesplanade-de-la-grande-poste\/"},"modified":"2019-05-17T10:12:00","modified_gmt":"2019-05-17T14:12:00","slug":"les-manifestants-semparent-de-lesplanade-de-la-grande-poste","status":"publish","type":"post","link":"https:\/\/linitiative.ca\/International\/les-manifestants-semparent-de-lesplanade-de-la-grande-poste\/","title":{"rendered":"Les manifestants s\u2019emparent de l\u2019esplanade de la Grande Poste"},"content":{"rendered":"<div id=\"originalText\" readability=\"38\">\n<p class=\"c10\">Apr\u00e8s plusieurs heures de pers\u00e9v\u00e9rance, les milliers de manifestants descendus \u00e0 Alger, pour ce 13e vendredi de marche, ont fini par prendre possession de l\u2019esplanade de la Grande Poste, depuis ce matin compl\u00e8tement quadrill\u00e9e par les forces de l\u2019ordre.<\/p>\n<p class=\"c11\"><strong>R\u00e9daction Web<\/strong><\/p>\n<\/div>\n<div id=\"text_core\" readability=\"38\">\n<p class=\"c10\">Apr\u00e8s plusieurs heures de pers\u00e9v\u00e9rance, les milliers de manifestants descendus \u00e0 Alger, pour ce 13e vendredi de marche, ont fini par prendre possession de l\u2019esplanade de la Grande Poste, depuis ce matin compl\u00e8tement quadrill\u00e9e par les forces de l\u2019ordre.<\/p>\n<p class=\"c11\"><strong>R\u00e9daction Web<\/strong><\/p>\n<\/div>\n<p>Auteur:<br \/>\n<a href=\"https:\/\/www.liberte-algerie.com\/actualite\/les-manifestants-semparent-de-lesplanade-de-la-grande-poste-316010\">Cliquez ici pour lire l&rsquo;article depuis sa source.<\/a><\/p>\n","protected":false},"excerpt":{"rendered":"<p>Apr\u00e8s plusieurs heures de pers\u00e9v\u00e9rance, les milliers de manifestants descendus \u00e0 Alger, pour ce 13e vendredi de marche, ont fini par prendre possession de l\u2019esplanade de la Grande Poste, depuis ce matin compl\u00e8tement quadrill\u00e9e par les forces de l\u2019ordre. R\u00e9daction Web Apr\u00e8s plusieurs heures de pers\u00e9v\u00e9rance, les milliers de manifestants descendus \u00e0 Alger, pour ce [&hellip;]<\/p>\n","protected":false},"author":1742,"featured_media":0,"comment_status":"closed","ping_status":"closed","sticky":false,"template":"","format":"standard","meta":{"fifu_image_url":"","fifu_image_alt":"","footnotes":""},"categories":[73,53],"tags":[],"class_list":["post-34826","post","type-post","status-publish","format-standard","hentry","category-actualite","category-algerie"],"_links":{"self":[{"href":"https:\/\/linitiative.ca\/International\/wp-json\/wp\/v2\/posts\/34826","targetHints":{"allow":["GET"]}}],"collection":[{"href":"https:\/\/linitiative.ca\/International\/wp-json\/wp\/v2\/posts"}],"about":[{"href":"https:\/\/linitiative.ca\/International\/wp-json\/wp\/v2\/types\/post"}],"author":[{"embeddable":true,"href":"https:\/\/linitiative.ca\/International\/wp-json\/wp\/v2\/users\/1742"}],"replies":[{"embeddable":true,"href":"https:\/\/linitiative.ca\/International\/wp-json\/wp\/v2\/comments?post=34826"}],"version-history":[{"count":0,"href":"https:\/\/linitiative.ca\/International\/wp-json\/wp\/v2\/posts\/34826\/revisions"}],"wp:attachment":[{"href":"https:\/\/linitiative.ca\/International\/wp-json\/wp\/v2\/media?parent=34826"}],"wp:term":[{"taxonomy":"category","embeddable":true,"href":"https:\/\/linitiative.ca\/International\/wp-json\/wp\/v2\/categories?post=34826"},{"taxonomy":"post_tag","embeddable":true,"href":"https:\/\/linitiative.ca\/International\/wp-json\/wp\/v2\/tags?post=34826"}],"curies":[{"name":"wp","href":"https:\/\/api.w.org\/{rel}","templated":true}]}}