{"id":34828,"date":"2019-05-16T21:10:40","date_gmt":"2019-05-17T01:10:40","guid":{"rendered":"https:\/\/linitiative.ca\/International\/celebration-a-marrakech-du-63eme-anniversaire-de-la-creation-de-la-dgsn\/"},"modified":"2019-05-16T21:10:40","modified_gmt":"2019-05-17T01:10:40","slug":"celebration-a-marrakech-du-63eme-anniversaire-de-la-creation-de-la-dgsn","status":"publish","type":"post","link":"https:\/\/linitiative.ca\/International\/celebration-a-marrakech-du-63eme-anniversaire-de-la-creation-de-la-dgsn\/","title":{"rendered":"C\u00e9l\u00e9bration \u00e0 Marrakech du 63\u00e8me anniversaire de la cr\u00e9ation de la DGSN"},"content":{"rendered":"<div readability=\"38\">\n<p>Marrakech \u2013 La pr\u00e9fecture de police de Marrakech a organis\u00e9, jeudi, une c\u00e9r\u00e9monie \u00e0 l\u2019occasion de la c\u00e9l\u00e9bration du 63\u00e8me anniversaire de la cr\u00e9ation de la Direction g\u00e9n\u00e9rale de la S\u00fbret\u00e9 Nationale (DGSN), une occasion de faire la lumi\u00e8re sur les grands efforts consentis par la pr\u00e9fecture pour le maintien de l\u2019ordre public et la protection des citoyens et de leurs biens.<\/p>\n<\/div>\n<div readability=\"110\">\n<p>Dans une allocution \u00e0 cette occasion, le pr\u00e9fet de police de Marrakech, Sa\u00efd El Aloua, a indiqu\u00e9 que la c\u00e9l\u00e9bration de cet anniversaire offre l\u2019occasion de rappeler les r\u00e9alisations accomplies par les diff\u00e9rentes composantes et l\u2019ensemble des services de la pr\u00e9fecture en mati\u00e8re de lutte contre tout ce qui touche aux domaines vitaux de la s\u00e9curit\u00e9, \u00e0 l\u2019atteinte aux personnes et \u00e0 leurs vies, ainsi qu\u2019\u00e0 tout ce qui concerne la pr\u00e9servation de la s\u00e9curit\u00e9 nationale, tout en veillant \u00e0 l\u2019application de la loi, d\u2019une part, et au respect des droits et libert\u00e9s et \u00e0 la pr\u00e9servation de la dignit\u00e9 humaine, de l\u2019autre.<\/p>\n<p>Et de poursuivre que cette ann\u00e9e (p\u00e9riode entre les 62\u00e8 et 63\u00e8 anniversaires) a \u00e9t\u00e9 marqu\u00e9e par des efforts constants de la pr\u00e9fecture de police pour s\u2019acquitter de son r\u00f4le efficient et de sa mission en vue de l\u2019instauration de la s\u00e9curit\u00e9, ainsi que par une action quotidienne organis\u00e9e et empreinte d\u2019une supervision directe et permanente, de l\u2019esprit d\u2019initiative, de la vigilance continue et de la responsabilit\u00e9 et de l\u2019\u00e9valuation en continu.<\/p>\n<p>Il a soulign\u00e9 que les statistiques, notamment celles li\u00e9es \u00e0 la lutte contre la criminalit\u00e9, les infractions de la loi et les comportements portant atteinte \u00e0 l\u2019ordre public, bien qu\u2019elles repr\u00e9sentent, apr\u00e8s analyse et \u00e9valuation, des chiffres tr\u00e8s d\u00e9terminants qui refl\u00e8tent les efforts d\u00e9ploy\u00e9s dans ce sens, mais elles d\u00e9montrent aussi le r\u00f4le majeur de l\u2019action proactive dans la mise en \u00e9chec de toute tentative attentatoire \u00e0 la qui\u00e9tude et \u00e0 la s\u00e9curit\u00e9 des citoyens, et le renforcement du sentiment de s\u00e9curit\u00e9, un aspect auquel contribuent les diff\u00e9rentes composantes de la S\u00fbret\u00e9 nationale au niveau de la pr\u00e9fecture.<\/p>\n<p>M. El Aloua a, dans ce sillage, relev\u00e9 que la \u00ab\u00a0police de secours\u00a0\u00bb, en tant que l\u2019une des structures ayant achev\u00e9 son mod\u00e8le avanc\u00e9, a re\u00e7u, \u00e0 travers la ligne t\u00e9l\u00e9phonique 19, un total de 2.386.431 appels sanctionn\u00e9s par la r\u00e9alisation de 71.144 interventions sur le terrain, et 13.943 appels pour renseignements, sans oublier les grands progr\u00e8s r\u00e9alis\u00e9s en mati\u00e8re de r\u00e9duction de la dur\u00e9e des op\u00e9rations et de la rapidit\u00e9 des interventions.<\/p>\n<p>Et d\u2019ajouter qu\u2019il a \u00e9t\u00e9 proc\u00e9d\u00e9, en outre, \u00e0 la cr\u00e9ation de nouveaux services pour r\u00e9pondre aux \u00e9volutions territoriales en mati\u00e8re de s\u00e9curit\u00e9 et aux exigences de l\u2019extension de la couverture s\u00e9curitaire des villes \u00e9mergentes afin d\u2019accompagner l\u2019expansion urbaine et de rapprocher les services de s\u00e9curit\u00e9 des citoyens et des touristes.<\/p>\n<p>Le pr\u00e9fet de police a aussi not\u00e9 que la DGSN envisage, \u00e0 travers le renforcement de la s\u00e9curit\u00e9 dans la cit\u00e9 ocre, la cr\u00e9ation d\u2019un cinqui\u00e8me district de police au niveau de l\u2019ancienne m\u00e9dina, en vue de consacrer davantage la proximit\u00e9, l\u2019efficience et l\u2019efficacit\u00e9 de son action, et d\u2019assurer le contr\u00f4le de toutes les composantes de cet espace.<\/p>\n<p>Cette c\u00e9r\u00e9monie, \u00e0 laquelle ont pris part notamment le wali de la r\u00e9gion de Marrakech-Safi, gouverneur de la pr\u00e9fecture de Marrakech, Karim Kassi-Lahlou, le gouverneur de la province d\u2019Al Haouz, Rachid Benchikhi, le pr\u00e9sident de la r\u00e9gion de Marrakech-Safi, Ahmed Akhchichine, le pr\u00e9sident du conseil communal de Marrakech, Mohamed Larbi Belca\u00efd et des personnalit\u00e9s civiles et militaires, a \u00e9t\u00e9 marqu\u00e9e par la d\u00e9coration de quatre \u00e9l\u00e9ments de la police de Wissams Royaux qui leur ont \u00e9t\u00e9 d\u00e9cern\u00e9s par SM le Roi Mohammed VI.<\/p>\n<\/div>\n<p>Auteur: Meriem IGASS<br \/>\n<a href=\"http:\/\/www.mapmarrakech.ma\/fr\/celebration-a-marrakech-du-63eme-anniversaire-de-la-creation-de-la-dgsn\/\">Cliquez ici pour lire l&rsquo;article depuis sa source.<\/a><\/p>\n","protected":false},"excerpt":{"rendered":"<p>Marrakech \u2013 La pr\u00e9fecture de police de Marrakech a organis\u00e9, jeudi, une c\u00e9r\u00e9monie \u00e0 l\u2019occasion de la c\u00e9l\u00e9bration du 63\u00e8me anniversaire de la cr\u00e9ation de la Direction g\u00e9n\u00e9rale de la S\u00fbret\u00e9 Nationale (DGSN), une occasion de faire la lumi\u00e8re sur les grands efforts consentis par la pr\u00e9fecture pour le maintien de l\u2019ordre public et la [&hellip;]<\/p>\n","protected":false},"author":1788,"featured_media":0,"comment_status":"closed","ping_status":"closed","sticky":false,"template":"","format":"standard","meta":{"fifu_image_url":"","fifu_image_alt":"","footnotes":""},"categories":[54,76],"tags":[],"class_list":["post-34828","post","type-post","status-publish","format-standard","hentry","category-maroc","category-regions"],"_links":{"self":[{"href":"https:\/\/linitiative.ca\/International\/wp-json\/wp\/v2\/posts\/34828","targetHints":{"allow":["GET"]}}],"collection":[{"href":"https:\/\/linitiative.ca\/International\/wp-json\/wp\/v2\/posts"}],"about":[{"href":"https:\/\/linitiative.ca\/International\/wp-json\/wp\/v2\/types\/post"}],"author":[{"embeddable":true,"href":"https:\/\/linitiative.ca\/International\/wp-json\/wp\/v2\/users\/1788"}],"replies":[{"embeddable":true,"href":"https:\/\/linitiative.ca\/International\/wp-json\/wp\/v2\/comments?post=34828"}],"version-history":[{"count":0,"href":"https:\/\/linitiative.ca\/International\/wp-json\/wp\/v2\/posts\/34828\/revisions"}],"wp:attachment":[{"href":"https:\/\/linitiative.ca\/International\/wp-json\/wp\/v2\/media?parent=34828"}],"wp:term":[{"taxonomy":"category","embeddable":true,"href":"https:\/\/linitiative.ca\/International\/wp-json\/wp\/v2\/categories?post=34828"},{"taxonomy":"post_tag","embeddable":true,"href":"https:\/\/linitiative.ca\/International\/wp-json\/wp\/v2\/tags?post=34828"}],"curies":[{"name":"wp","href":"https:\/\/api.w.org\/{rel}","templated":true}]}}