{"id":34830,"date":"2019-05-17T08:49:09","date_gmt":"2019-05-17T12:49:09","guid":{"rendered":"https:\/\/linitiative.ca\/International\/la-place-jamaa-el-fna-entre-preservation-du-patrimoine-populaire-et-deperdition-de-lart-de-la-halqa\/"},"modified":"2019-05-17T08:49:09","modified_gmt":"2019-05-17T12:49:09","slug":"la-place-jamaa-el-fna-entre-preservation-du-patrimoine-populaire-et-deperdition-de-lart-de-la-halqa","status":"publish","type":"post","link":"https:\/\/linitiative.ca\/International\/la-place-jamaa-el-fna-entre-preservation-du-patrimoine-populaire-et-deperdition-de-lart-de-la-halqa\/","title":{"rendered":"La Place Jamaa El Fna : Entre pr\u00e9servation du patrimoine populaire et d\u00e9perdition de l\u2019art de la \u00ab\u00a0Halqa\u00a0\u00bb"},"content":{"rendered":"<div readability=\"42\">\n<p>Marrakech \u2013 Site embl\u00e9matique charg\u00e9 d\u2019Histoire et de symboles, et l\u2019un des principaux monuments et sites dont regorge le Maroc, en g\u00e9n\u00e9ral, et la ville imp\u00e9riale de Marrakech, en particulier, la mythique Place Jamaa El Fna se trouve plus que jamais face \u00e0 la n\u00e9cessit\u00e9 imp\u00e9rieuse de la pr\u00e9servation du patrimoine populaire, et \u00e0 la d\u00e9perdition en silence d\u2019un art si s\u00e9culaire qui faisait son charme, \u00e0 savoir celui de la \u00ab\u00a0Halqa\u00a0\u00bb.<\/p>\n<\/div>\n<div readability=\"186\">\n<p>Cette place publique, dont la notori\u00e9t\u00e9 \u00e0 l\u2019\u00e9chelle plan\u00e9taire n\u2019est plus \u00e0 d\u00e9montrer, repr\u00e9sente le coeur battant de la cit\u00e9 ocre et l\u2019un des espaces les plus privil\u00e9gi\u00e9s et les plus pris\u00e9s de la ville, eu \u00e9gard \u00e0 sa port\u00e9e historique et \u00e0 la richesse de la culture populaire qu\u2019elle n\u2019a cess\u00e9 de c\u00e9l\u00e9brer depuis de longs si\u00e8cles.<\/p>\n<p>La Place devait donc toute sa singularit\u00e9 et son charme d\u2019autrefois \u00e0 ses \u00ab\u00a0Halqa\u00a0\u00bb, qui l\u2019avaient toujours meubl\u00e9, en offrant aux visiteurs parmi les plus curieux et avides de d\u00e9couverte, toute une panoplie de divertissements et de spectacles hors-pair o\u00f9 spontan\u00e9it\u00e9 et talent inn\u00e9 rimaient avec professionnalisme pour cr\u00e9er une ambiance inou\u00efe.<\/p>\n<p>Et ce n\u2019est pas un hasard de voir la Place Jamaa El Fna servir de v\u00e9ritable zone n\u00e9vralgique de la m\u00e9dina, \u00e0 la faveur de ses sp\u00e9cificit\u00e9s, de son originalit\u00e9 et de son attractivit\u00e9 inqualifiables, devenant ainsi l\u2019un des lieux patrimoniaux mondialement reconnus et ce, apr\u00e8s avoir \u00e9t\u00e9 proclam\u00e9e en 2001 patrimoine oral et immat\u00e9riel de l\u2019Humanit\u00e9 par l\u2019Organisation des Nations Unies pour la Culture, l\u2019Education et les Sciences (UNESCO).<\/p>\n<p>Cette Place unique au monde, perp\u00e9tuellement tr\u00e8s anim\u00e9e, situ\u00e9e en plein c\u0153ur de cette cit\u00e9 mill\u00e9naire, a toujours \u00e9t\u00e9 un haut lieu de rencontres tr\u00e8s attractif aussi bien pour les amoureux et passionn\u00e9s de l\u2019art du spectacle que pour les touristes marocains et \u00e9trangers, o\u00f9 ils sont subjugu\u00e9s par la magnificence de cet espace culturel qui laisse d\u00e9gager un aspect tr\u00e8s authentique et original, minutieusement pr\u00e9serv\u00e9 aux c\u00f4t\u00e9s du riche patrimoine culturel populaire que la Place n\u2019a cess\u00e9 d\u2019offrir g\u00e9n\u00e9reusement \u00e0 ses visiteurs issus des quatre coins de la plan\u00e8te.<\/p>\n<p>Construit sous l\u2019\u00e8re des Almoravides lors du V\u00e8me si\u00e8cle de l\u2019H\u00e9gire, ce monument embl\u00e9matique est rest\u00e9 tout au long des si\u00e8cles pass\u00e9s un espace artistique \u00e0 ciel ouvert connu par ses grandes figures qui ont excell\u00e9 dans l\u2019art du conte qui distinguait l\u2019espace dit \u00ab\u00a0la petite place\u00a0\u00bb \u00e0 Jamaa El Fna, qui \u00e9tait r\u00e9serv\u00e9e aux conteurs tels que feu Omar Mikhi et feu Abdelhakim El Khebzaoui ainsi que les \u00ab\u00a0maddahas\u00a0\u00bb (chanteurs du madih), vu sa proximit\u00e9 de l\u2019une des mosqu\u00e9es.<\/p>\n<p>Cette petite place jouxte un autre espace amplement anim\u00e9, connu sous le nom de \u00a0\u00bbla grande place\u00a0\u00bb qui \u00e9tait investi par plusieurs troupes musicales et populaires, les charmeurs des serpents et les acrobates, entre autres.<\/p>\n<p>Ainsi, un total de 33 \u00ab\u00a0Halqa\u00a0\u00bb meublaient les deux places, dont sept dans la petite, o\u00f9 les conteurs offraient leurs spectacles avec grande aisance et habilit\u00e9, m\u00eame si elle abritait \u00e0 une \u00e9poque r\u00e9volue de petits kiosques d\u00e9di\u00e9s \u00e0 la vente des livres usag\u00e9s. N\u00e9anmoins, le tout \u00e9tait bien organis\u00e9 et toutes les conditions \u00e9taient r\u00e9unies pour l\u2019effervescence de tous les genres de la \u00ab\u00a0Halqa\u00a0\u00bb.<\/p>\n<p>Cependant, au fil des ann\u00e9es, en particulier en 1976, ces conteurs ou \u00ab\u00a0hlayqiya\u00a0\u00bb commen\u00e7aient \u00e0 faire face \u00e0 plusieurs difficult\u00e9s qui mena\u00e7aient la pr\u00e9sentation de leurs spectacles et ce, en raison des mutations structurelles qu\u2019a connues cet espace culturel ayant fait l\u2019objet d\u2019une \u00ab\u00a0invasion\u00a0\u00bb de la part d\u2019autres m\u00e9tiers, tels que les propri\u00e9taires de stands de restauration en plein air, de vendeurs de jus et de fruits secs, et d\u2019autres professions.<\/p>\n<p>Cette situation a eu pour effet d\u2019engendrer la disparition de certaines \u00ab\u00a0Halqa\u00a0\u00bb comme celles r\u00e9serv\u00e9es aux conteurs, aux \u00ab\u00a0maddahas\u00a0\u00bb et aux acrobates, au point que les \u00ab\u00a0hlayqiya\u00a0\u00bb, qui sont toujours pr\u00e9sents sur la Place Jamaa El Fna, ne peuvent plus exploiter qu\u2019une superficie tr\u00e8s r\u00e9duite \u00e0 m\u00eame d\u2019\u00eatre entass\u00e9s les uns \u00e0 c\u00f4t\u00e9 des autres, sans oublier les spectateurs qui trouvent de grandes difficult\u00e9s en termes de fluidit\u00e9 pour passer d\u2019une \u00ab\u00a0Halqa\u00a0\u00bb \u00e0 une autre, en raison de l\u2019encombrement provoqu\u00e9 et d\u00fb essentiellement \u00e0 l\u2019\u00e9mergence de nouveaux m\u00e9tiers sur ladite Place.<\/p>\n<p>Ce constat amer a incit\u00e9 les conteurs, les musiciens, les charmeurs des serpents et les porteurs de singes \u00e0 agir pour la cr\u00e9ation d\u2019une structure qui rassemble tous les \u00ab\u00a0hlayqiya\u00a0\u00bb en vue de la d\u00e9fense de leur espace et de leurs droits sur la Place face \u00e0 la situation de congestion qu\u2019elle conna\u00eet, en raison de la pr\u00e9sence d\u2019autres professions. Cette structure se donne aussi pour mission l\u2019am\u00e9lioration de la situation sociale des professionnels du \u00a0\u00bbspectacle\u00a0\u00bb.<\/p>\n<p>Dans le souci de pr\u00e9server ce qui restait de la belle \u00e9poque de ladite Place, plusieurs autres associations ont vu le jour avec pour mission principale de d\u00e9fendre les \u00ab\u00a0hlayqiya\u00a0\u00bb qui \u00e9taient confront\u00e9s \u00e0 de nombreux probl\u00e8mes, ce qui exigeait l\u2019intervention rapide des parties responsables de la Place et de la sauvegarde du patrimoine culturel pour mieux \u00ab\u00a0immuniser\u00a0\u00bb les espaces d\u00e9di\u00e9s \u00e0 ces \u00ab\u00a0hlaqiya\u00a0\u00bb et faiseurs de spectacles et, partant, leur assurer une vie digne et un revenu d\u00e9cent.<\/p>\n<p>Une entreprise qui n\u2019est nullement ais\u00e9e si on doit noter parall\u00e8lement cet imp\u00e9ratif majeur de veiller \u00e9galement \u00e0 la pr\u00e9servation du patrimoine populaire authentique, dont les diverses facettes et manifestations \u00e0 caract\u00e8re spectaculaire ont commenc\u00e9 \u00e0 dispara\u00eetre en silence, alors qu\u2019une multitude de ces \u00ab\u00a0Halqa\u00a0\u00bb \u00e9taient reconnues pour leur place de choix au c\u0153ur de la c\u00e9l\u00e8bre Place Jamaa El Fna.<\/p>\n<p>Dans ce sens, la pr\u00e9sidente de l\u2019association des artistes de la Halqa, du spectacle, du patrimoine et de tous les arts de la Place Jamaa El Fna, Mme Meriem Amal, a indiqu\u00e9 que la \u00ab\u00a0Halqa\u00a0\u00bb, qui repr\u00e9sentait un grand symbole de la culture populaire pour tout visiteur, peine aujourd\u2019hui \u00e0 pr\u00e9server sa place, ajoutant que ce genre de spectacle constitue un mod\u00e8le unique t\u00e9moignant de l\u2019effervescence et de la richesse de l\u2019offre culturelle, puisque le public assistait, de longues heures durant, \u00e0 divers spectacles plus fascinants et envo\u00fbtants les uns que les autres.<\/p>\n<p>Dans une d\u00e9claration \u00e0 la MAP, elle a rappel\u00e9 que la Place Jamaa El Fna, \u00e9tait r\u00e9serv\u00e9e aux \u00ab\u00a0hlayqiya\u00a0\u00bb qui s\u2019y relayaient jour et nuit pour pr\u00e9senter leurs spectacles, sans \u00eatre \u00ab\u00a0harcel\u00e9s\u00a0\u00bb ou menac\u00e9s dans leur gagne-pain par d\u2019autres professions qui ont pris d\u2019assaut cet espace.<\/p>\n<p>Mme Amal a, en outre, d\u00e9plor\u00e9 que la \u00ab\u00a0Halqa\u00a0\u00bb a perdu plusieurs de ses aspects et ingr\u00e9dients qui en faisaient un magnifique spectacle populaire sur la Place, laquelle est envahie aujourd\u2019hui par les kiosques d\u00e9di\u00e9s \u00e0 la restauration, les tatoueuses au henn\u00e9 et d\u2019autres m\u00e9tiers. \u00ab\u00a0Nous ne disposons d\u00e9sormais que de 5% de la superficie de la Place avec un total de 160 personnes qui animent les Halqa restantes\u00a0\u00bb, a-t-elle pr\u00e9cis\u00e9 avec regret et amertume.<\/p>\n<p>Dans ce cens, elle a appel\u00e9 \u00e0 la f\u00e9d\u00e9ration des efforts de l\u2019ensemble des acteurs pour la r\u00e9habilitation de la Place et la promotion de son r\u00f4le \u00e9ducatif et de sa mission culturelle \u00e0 travers la cr\u00e9ation d\u2019une institution qui sera charg\u00e9e de la gestion des affaires des \u00ab\u00a0hlayqiya\u00a0\u00bb et de l\u2019am\u00e9lioration de leur situation sociale, en mettant sur pied une Caisse qui garantira des revenus mensuels \u00e0 ces conteurs qui se comptent d\u00e9sormais sur les bouts des doigts.<\/p>\n<p>Face \u00e0 la situation que vit actuellement l\u2019art de la \u00ab\u00a0Halqa\u00a0\u00bb et ses pionniers sur la Place Jamaa El Fna, force est de constater qu\u2019il est devenu crucial de r\u00e9habiliter la \u00ab\u00a0Halqa\u00a0\u00bb et de lui redonner ses lettres de noblesse, ce qui permettra de mieux embellir ladite Place qui regorge aujourd\u2019hui d\u2019une multitude de m\u00e9tiers qui ont lourdement affect\u00e9 l\u2019authenticit\u00e9 de cet espace fascinant ainsi que tous les efforts d\u00e9ploy\u00e9s en vue de la pr\u00e9servation de cet art et patrimoine oral authentique.<\/p>\n<\/div>\n<p>Auteur: Meriem IGASS<br \/>\n<a href=\"http:\/\/www.mapmarrakech.ma\/fr\/la-place-jamaa-el-fna-entre-necessite-de-preservation-du-patrimoine-populaire-et-deperdition-en-silence-de-lart-de-la-halqa\/\">Cliquez ici pour lire l&rsquo;article depuis sa source.<\/a><\/p>\n","protected":false},"excerpt":{"rendered":"<p>Marrakech \u2013 Site embl\u00e9matique charg\u00e9 d\u2019Histoire et de symboles, et l\u2019un des principaux monuments et sites dont regorge le Maroc, en g\u00e9n\u00e9ral, et la ville imp\u00e9riale de Marrakech, en particulier, la mythique Place Jamaa El Fna se trouve plus que jamais face \u00e0 la n\u00e9cessit\u00e9 imp\u00e9rieuse de la pr\u00e9servation du patrimoine populaire, et \u00e0 la [&hellip;]<\/p>\n","protected":false},"author":1788,"featured_media":0,"comment_status":"closed","ping_status":"closed","sticky":false,"template":"","format":"standard","meta":{"fifu_image_url":"","fifu_image_alt":"","footnotes":""},"categories":[54,76],"tags":[],"class_list":["post-34830","post","type-post","status-publish","format-standard","hentry","category-maroc","category-regions"],"_links":{"self":[{"href":"https:\/\/linitiative.ca\/International\/wp-json\/wp\/v2\/posts\/34830","targetHints":{"allow":["GET"]}}],"collection":[{"href":"https:\/\/linitiative.ca\/International\/wp-json\/wp\/v2\/posts"}],"about":[{"href":"https:\/\/linitiative.ca\/International\/wp-json\/wp\/v2\/types\/post"}],"author":[{"embeddable":true,"href":"https:\/\/linitiative.ca\/International\/wp-json\/wp\/v2\/users\/1788"}],"replies":[{"embeddable":true,"href":"https:\/\/linitiative.ca\/International\/wp-json\/wp\/v2\/comments?post=34830"}],"version-history":[{"count":0,"href":"https:\/\/linitiative.ca\/International\/wp-json\/wp\/v2\/posts\/34830\/revisions"}],"wp:attachment":[{"href":"https:\/\/linitiative.ca\/International\/wp-json\/wp\/v2\/media?parent=34830"}],"wp:term":[{"taxonomy":"category","embeddable":true,"href":"https:\/\/linitiative.ca\/International\/wp-json\/wp\/v2\/categories?post=34830"},{"taxonomy":"post_tag","embeddable":true,"href":"https:\/\/linitiative.ca\/International\/wp-json\/wp\/v2\/tags?post=34830"}],"curies":[{"name":"wp","href":"https:\/\/api.w.org\/{rel}","templated":true}]}}