{"id":34832,"date":"2019-05-17T08:41:55","date_gmt":"2019-05-17T12:41:55","guid":{"rendered":"https:\/\/linitiative.ca\/International\/alger-des-logements-sociaux-pour-les-familles-residant-dans-des-centres-daccueil\/"},"modified":"2019-05-17T08:41:55","modified_gmt":"2019-05-17T12:41:55","slug":"alger-des-logements-sociaux-pour-les-familles-residant-dans-des-centres-daccueil","status":"publish","type":"post","link":"https:\/\/linitiative.ca\/International\/alger-des-logements-sociaux-pour-les-familles-residant-dans-des-centres-daccueil\/","title":{"rendered":"Alger: des logements sociaux pour les familles r\u00e9sidant dans des centres d&rsquo;accueil"},"content":{"rendered":"<div>\n<div class=\"K2FeedImage\"><img decoding=\"async\" src=\"http:\/\/www.aps.dz\/media\/k2\/items\/cache\/a48e3210bd9a868877c892ca91fd609d_S.jpg\" alt=\"Alger: des logements sociaux pour les familles r\u00e9sidant dans des centres d'accueil\"><\/div>\n<div class=\"K2FeedIntroText\">\n<p><strong>ALGER &#8211; Le wali d&rsquo;Alger, Abdelkhalek Sayouda, a annonc\u00e9 jeudi \u00e0 Alger, l&rsquo;affectation d&rsquo;un quota de logements sociaux aux familles r\u00e9sidant dans des centres d&rsquo;accueil d&rsquo;urgence et \u00e9tablissements d&rsquo;accueil de personnes \u00e2g\u00e9es et de la petite enfance, apr\u00e8s \u00ab\u00a0\u00e9tude minutieuse\u00a0\u00bb des dossiers.<\/strong><\/p>\n<\/div>\n<div class=\"K2FeedFullText\">\n<p>Lors d&rsquo;une visite d&rsquo;inspection \u00e0 plusieurs centres d&rsquo;accueil de personnes \u00e2g\u00e9es et de la petite enfance \u00e0 Alger, le wali d&rsquo;Alger a pr\u00e9cis\u00e9 que ses services proc\u00e9deront \u00e0 l&rsquo;\u00e9tude les dossiers des familles d\u00e9munies r\u00e9sidant dans certains centres \u00e0 caract\u00e8re social \u00e0 l&rsquo;image du centre d&rsquo;accueil d&rsquo;urgence, du centre de la petite enfance de Dely Ibrahim, du centre Dar El Hassana \u00e0 Bologhine (Bab El Oued) et du centre de r\u00e9\u00e9ducation et de r\u00e9adaptation d&rsquo;El Biar.<\/p>\n<p>A ce propos, le wali d&rsquo;Alger a indiqu\u00e9 qu&rsquo;il a instruit les walis d\u00e9l\u00e9gu\u00e9s d&rsquo;affecter des logements d\u00e9cents \u00e0 cette cat\u00e9gorie vuln\u00e9rable de la soci\u00e9t\u00e9, et ce, avant la fin du mois de Ramadhan.<\/p>\n<hr>\n<h3>Lire aussi:\u00a0<a href=\"http:\/\/www.aps.dz\/regions\/89108-alger-reception-en-juillet-des-premiers-quotas-de-logements-lpl\" target=\"_blank\" rel=\"noopener noreferrer\">Alger: r\u00e9ception en juillet des premiers quotas de logements LPL<\/a><\/h3>\n<hr>\n<p>L&rsquo;objectif de cette visite est de s&rsquo;enqu\u00e9rir du niveau des prestations offertes aux pensionnaires de ces centres et des conditions de restauration, a d\u00e9clar\u00e9 M. Sayouda, qui s&rsquo;est f\u00e9licit\u00e9 des prestations \u00ab\u00a0acceptables\u00a0\u00bb en termes de repas, d&rsquo;\u00e9quipements des chambres et de la prise en charge sanitaire des malades.<\/p>\n<p>Le wali d&rsquo;Alger a \u00e9chang\u00e9 quelques propos avec les r\u00e9sidentes des quatre centres qu&rsquo;il a visit\u00e9s et pris note des observations et lacunes soulev\u00e9es. Il a ordonn\u00e9, ainsi, l&rsquo;acquisition de certains \u00e9quipements et des bus au profit des enfants scolaris\u00e9s r\u00e9sidant dans ces centres.<\/p>\n<p>De son c\u00f4t\u00e9, la Directrice de l&rsquo;Action sociale de la wilaya d&rsquo;Alger, Maiouche Saliha, a indiqu\u00e9 \u00e0 l&rsquo;APS qu&rsquo;un d\u00e9cret ex\u00e9cutif \u00e9tait en cours d&rsquo;application pour rebaptiser le Centre de r\u00e9\u00e9ducation et de r\u00e9adaptation d&rsquo;El Biar (Alger) \u00ab\u00a0Centre de protection de l&rsquo;Enfance\u00a0\u00bb pour souligner que ce centre n&rsquo;est pas un \u00e9tablissement p\u00e9nitentiaire, mais plut\u00f4t une structure \u00e0 caract\u00e8re social destin\u00e9e \u00e0 la protection des enfants en situation de d\u00e9tresse.<\/p>\n<hr>\n<h3>Lire aussi:\u00a0<a href=\"http:\/\/www.aps.dz\/regions\/89330-11-familles-occupant-des-habitations-precaires-a-bab-ezzouar-relogees\" target=\"_blank\" rel=\"noopener noreferrer\">11 familles occupant des habitations pr\u00e9caires \u00e0 Bab Ezzouar relog\u00e9es<\/a><\/h3>\n<hr>\n<p>Par ailleurs, le Directeur du Bureau de la solidarit\u00e9 nationale de la wilaya d&rsquo;Alger, Mohamed Laichi a fait \u00e9tat \u00e0 l&rsquo;APS de la distribution, durant tout le mois du Ramadhan, de 76.000 repas chauds \u00e0 travers 22 Restos \u00e0 raison de 2500 repas\/jour pr\u00e9par\u00e9s au niveau des cantines du 1er Mai (Brisco) et de \u00ab\u00a0Dar El Hassanate\u00a0\u00bb \u00e0 Bab El Oued.<\/p>\n<p>M. Laichi a rappel\u00e9, \u00e9galement, la prise en charge en 2018 de dix enfants mineurs qui \u00e9taient exploit\u00e9s dans la mendicit\u00e9, pr\u00e9cisant que toutes les mesures l\u00e9gales avaient \u00e9taient prises en ce sens.<\/p>\n<p>A cette occasion, des cadeaux symboliques ont \u00e9t\u00e9 distribu\u00e9s aux pensionnaires des centres de personnes \u00e2g\u00e9es et d&rsquo;enfance assist\u00e9e au niveau de la capitale.<\/p>\n<\/div>\n<\/div>\n<p>Auteur:<br \/>\n<a href=\"http:\/\/www.aps.dz\/regions\/89533-alger-des-logements-sociaux-pour-les-familles-residant-dans-des-centres-d-accueil\">Cliquez ici pour lire l&rsquo;article depuis sa source.<\/a><\/p>\n","protected":false},"excerpt":{"rendered":"<p>ALGER &#8211; Le wali d&rsquo;Alger, Abdelkhalek Sayouda, a annonc\u00e9 jeudi \u00e0 Alger, l&rsquo;affectation d&rsquo;un quota de logements sociaux aux familles r\u00e9sidant dans des centres d&rsquo;accueil d&rsquo;urgence et \u00e9tablissements d&rsquo;accueil de personnes \u00e2g\u00e9es et de la petite enfance, apr\u00e8s \u00ab\u00a0\u00e9tude minutieuse\u00a0\u00bb des dossiers. Lors d&rsquo;une visite d&rsquo;inspection \u00e0 plusieurs centres d&rsquo;accueil de personnes \u00e2g\u00e9es et de [&hellip;]<\/p>\n","protected":false},"author":1790,"featured_media":34833,"comment_status":"closed","ping_status":"closed","sticky":false,"template":"","format":"standard","meta":{"fifu_image_url":"","fifu_image_alt":"","footnotes":""},"categories":[53,76],"tags":[],"class_list":["post-34832","post","type-post","status-publish","format-standard","has-post-thumbnail","hentry","category-algerie","category-regions"],"_links":{"self":[{"href":"https:\/\/linitiative.ca\/International\/wp-json\/wp\/v2\/posts\/34832","targetHints":{"allow":["GET"]}}],"collection":[{"href":"https:\/\/linitiative.ca\/International\/wp-json\/wp\/v2\/posts"}],"about":[{"href":"https:\/\/linitiative.ca\/International\/wp-json\/wp\/v2\/types\/post"}],"author":[{"embeddable":true,"href":"https:\/\/linitiative.ca\/International\/wp-json\/wp\/v2\/users\/1790"}],"replies":[{"embeddable":true,"href":"https:\/\/linitiative.ca\/International\/wp-json\/wp\/v2\/comments?post=34832"}],"version-history":[{"count":0,"href":"https:\/\/linitiative.ca\/International\/wp-json\/wp\/v2\/posts\/34832\/revisions"}],"wp:featuredmedia":[{"embeddable":true,"href":"https:\/\/linitiative.ca\/International\/wp-json\/"}],"wp:attachment":[{"href":"https:\/\/linitiative.ca\/International\/wp-json\/wp\/v2\/media?parent=34832"}],"wp:term":[{"taxonomy":"category","embeddable":true,"href":"https:\/\/linitiative.ca\/International\/wp-json\/wp\/v2\/categories?post=34832"},{"taxonomy":"post_tag","embeddable":true,"href":"https:\/\/linitiative.ca\/International\/wp-json\/wp\/v2\/tags?post=34832"}],"curies":[{"name":"wp","href":"https:\/\/api.w.org\/{rel}","templated":true}]}}