{"id":34834,"date":"2019-05-17T09:52:16","date_gmt":"2019-05-17T13:52:16","guid":{"rendered":"https:\/\/linitiative.ca\/International\/adrar-tekerkeba-un-rite-special-ramadhan-encore-preserve\/"},"modified":"2019-05-17T09:52:16","modified_gmt":"2019-05-17T13:52:16","slug":"adrar-tekerkeba-un-rite-special-ramadhan-encore-preserve","status":"publish","type":"post","link":"https:\/\/linitiative.ca\/International\/adrar-tekerkeba-un-rite-special-ramadhan-encore-preserve\/","title":{"rendered":"Adrar: \u00ab\u00a0Tekerkeba\u00a0\u00bb, un rite sp\u00e9cial Ramadhan encore pr\u00e9serv\u00e9"},"content":{"rendered":"<div>\n<div class=\"K2FeedImage\"><img decoding=\"async\" src=\"http:\/\/www.aps.dz\/media\/k2\/items\/cache\/21f4464b227a1df5df7fdd1a5d3c05bf_S.jpg\" alt=\"Adrar: \" tekerkeba un rite sp ramadhan encore pr><\/div>\n<div class=\"K2FeedIntroText\">\n<p><strong>ADRAR &#8211; Les habitants du Touat (Adrar) renouent, \u00e0 l\u2019av\u00e8nement de chaque mois de Ramadhan, avec \u00ab\u00a0Tekerkeba\u00a0\u00bb, un rite jalousement pr\u00e9serv\u00e9.<\/strong><\/p>\n<\/div>\n<div class=\"K2FeedFullText\">\n<p>Faisant partie de l\u2019ambiance ramadhanesque et l\u00e9gu\u00e9 d\u2019une g\u00e9n\u00e9ration \u00e0 l\u2019autre, Tekerkeba, puis\u00e9 du nom d\u2019un grand tambour recouvert d\u2019une peau d\u2019animal, est devenue l\u2019appellation attribu\u00e9e \u00e0 la mission de la personne, un b\u00e9n\u00e9vole, charg\u00e9e de r\u00e9veiller les habitants pour le rite ramadhanesque du \u00ab\u00a0S\u2019hour\u00a0\u00bb (repas d\u2019avant reprise du je\u00fbne).<\/p>\n<blockquote>\n<p><em><strong>Cet instrument est utilis\u00e9, de par ses fortes sonorit\u00e9s produites par les coups de baguette, pouvant \u00eatre entendues de tr\u00e8s loin, pour r\u00e9veiller les habitants et les extirper de leur profond sommeil pour se pr\u00e9parer, \u00e0 travers le \u00ab\u00a0S\u2019hour\u00a0\u00bb, \u00e0 une nouvelle journ\u00e9e de je\u00fbne, explique le Mesharati, Ramdane Moussaoui (73 ans), connu localement\u00a0 sous le nom de \u00ab\u00a0Ba Ramdane\u00a0\u00bb, issu du ksar de Bouandji, commune d\u2019Anzedjemir (Sud d\u2019Adrar).<\/strong><\/em><\/p>\n<\/blockquote>\n<p>Ayant gagn\u00e9 la confiance de la population locale pour assurer la rel\u00e8ve de ce m\u00e9tier tr\u00e8s ancien, Ba Ramdane se l\u00e8ve, avant l\u2019aube, arm\u00e9 de son tambour pour aller, \u00e0 travers les rues et ruelles de la ville, faire r\u00e9sonner son tambour et signifier l\u2019heure du repas du S\u2019hour.<\/p>\n<p>\u00ab\u00a0On m\u2019a confi\u00e9 cette mission citoyenne depuis des ann\u00e9es, recevant ainsi le flambeau de mes a\u00efeux du ksar, \u00e0 l\u2019instar de Koukou, Hamou Ould M\u2019barek, Hadj Salem et Loued M\u2019barek, qui se sont relay\u00e9s ce flambeau s\u00e9culaire, pour pr\u00e9server ce legs ancestral de \u00ab\u00a0Mesharati\u00a0\u00bb (Celui qui appelle au S\u2019hour) et p\u00e9renniser ce rite ramadhanesque\u00a0\u00bb, a-t-il confi\u00e9.<\/p>\n<hr>\n<h3>Lire aussi:\u00a0<a href=\"http:\/\/www.aps.dz\/culture\/83010-culture-festival-ahellil-legs-culturel-seculaire-celebre-a-timimoun\" target=\"_blank\" rel=\"noopener noreferrer\">Culture\/Festival: Ahellil, legs culturel s\u00e9culaire c\u00e9l\u00e9br\u00e9 \u00e0 Timimoun<\/a><\/h3>\n<hr>\n<p>Ba Ramdane se rappelle encore l\u2019entame de cette mission, avec un petit \u00ab\u00a0t\u2019bel\u00a0\u00bb (tambourin), avant d\u2019\u00eatre favorablement accueilli par la population qui l\u2019a encourag\u00e9, notamment sa m\u00e8re, \u00e0 continuer cette \u00ab\u00a0noble\u00a0\u00bb t\u00e2che.<\/p>\n<p>Faisant partie du d\u00e9cor et de l\u2019ambiance ramadhanesque, ce \u00ab\u00a0r\u00e9veilleur\u00a0\u00bb s\u2019emploie tout au long des nuits du mois de Ramadhan, avec ponctualit\u00e9, \u00e0 sillonner la ville, donnant des percussions de tambours rythm\u00e9es \u00e0 des louanges et invocations \u00e0 Allah, et d\u2019autres faisant l\u2019\u00e9loge du je\u00fbne.<\/p>\n<p>Quelques nuits avant la cl\u00f4ture du mois de Ramadhan, Ba Ramdane, reprend d\u2019autres expressions annon\u00e7ant la fin proche du mois sacr\u00e9, et re\u00e7oit \u00e0 l\u2019aube de la journ\u00e9e de l\u2019A\u00efd El-Fitr des dons et cadeaux de la part des habitants scellant le respect que lui voue la population, dont des dattes, semoules et autres produits, en signe de r\u00e9compense aux efforts et missions accomplis au service de la communaut\u00e9 et de sa religion.<\/p>\n<blockquote>\n<p><em><strong>Le fait est de constater que la personnalit\u00e9 assumant cette mission de Mesharati est souvent polyvalente et se charge, outre la mission de r\u00e9veiller les jeuneurs, des devoirs d\u2019appel \u00e0 la pri\u00e8re (Muezzin), et d\u2019autres qualit\u00e9s, tels que les m\u00e9tiers d\u2019ouvrier ou forgeron d\u2019instruments et outils agricoles, en plus de l\u2019animation de regroupements conviviaux, f\u00eates notamment.<\/strong><\/em><\/p>\n<\/blockquote>\n<p>\u00a0<\/p>\n<p style=\"text-align: center;\"><strong>Pour la valorisation de la mission de Tekerkeba et Mesharati<\/strong><\/p>\n<p>\u00a0<\/p>\n<p>En d\u00e9pit des riches et divers \u00e9quipements et technologies disponibles pouvant \u00eatre exploit\u00e9s dans le r\u00e9veil pour le S\u2019hour, la population locale reste fortement attach\u00e9e au rite s\u00e9culaire de \u00ab\u00a0Tekerkeba\u00a0\u00bb, consid\u00e9r\u00e9 un \u00ab\u00a0ingr\u00e9dient\u00a0\u00bb sp\u00e9cial du mois de Ramadhan.<\/p>\n<p>Conscients de la dimension ancestrale et populaire du Mesharati, le secteur de la Culture et des associations socioculturelles s\u2019emploient \u00e0 mettre en exergue cette mission et sa p\u00e9rennisation.<\/p>\n<p>Le pr\u00e9sident de l\u2019association culturelle pour les arts dramatiques \u00ab\u00a0Oussoud El-Khachaba\u00a0\u00bb (Lions des planches) d\u2019Adrar, Nour Abdesettar, pr\u00e9sente Tekerkeba ou Dendoune comme un cr\u00e9neau culturel et populaire, apanage des ksour du Touat, \u00e0 pr\u00e9serve et valoriser pour les perp\u00e9tuer aux futures g\u00e9n\u00e9rations.<\/p>\n<hr>\n<h3>Lire aussi:\u00a0<a href=\"http:\/\/www.aps.dz\/regions\/79061-adrar-valoriser-de-nouvelles-destinations-pour-promouvoir-le-tourisme-dans-la-region\" target=\"_blank\" rel=\"noopener noreferrer\">Adrar: valoriser de nouvelles destinations pour promouvoir le tourisme dans la r\u00e9gion<\/a><\/h3>\n<hr>\n<p>Dans ce cadre, des associations culturelles se sont attel\u00e9es, chacune \u00e0 sa mani\u00e8re, \u00e0 mettre en valeur ces facettes du patrimoine dans la production et la r\u00e9alisation d\u2019\u0153uvres th\u00e9\u00e2trales, \u00e0 l\u2019instar de celles reproduites en plein air, en \u00ab\u00a0th\u00e9\u00e2tre de Halqa\u00a0\u00bb (cercle), loin des salles pour animer la sc\u00e8ne culturelle, \u00e0 la satisfaction du public.<\/p>\n<blockquote>\n<p><em><strong>\u00ab\u00a0Symboliser le personnage du Mesharati dans certaines \u0153uvres th\u00e9\u00e2trales fait partie des actions de promotion et de valorisation de ce patrimoine s\u00e9culaire\u00a0\u00bb, estime M. Abdesettar, en citant l\u2019exemple de la repr\u00e9sentation th\u00e9\u00e2trale ou Ami Sa\u00efd incarne le r\u00f4le de Mesharati arm\u00e9 de son tambour \u00e0 percussions assourdissantes, personnalit\u00e9 pro\u00e9minente de la culture populaire locale.<\/strong><\/em><\/p>\n<\/blockquote>\n<p>La r\u00e9gion du Touat regorge de formes d\u2019expressions culturelles populaires, selon le m\u00eame responsable associatif qui rend hommage aux associations culturelles pour leurs efforts dans l\u2019archivage et le r\u00e9pertoire des composantes de ce patrimoine, en l\u2019exploitant dans des \u0153uvres artistiques \u00e0 m\u00eame d\u2019enrichir les contenus de travaux litt\u00e9raires et culturels, notamment th\u00e9\u00e2traux.<\/p>\n<\/div>\n<\/div>\n<p>Auteur:<br \/>\n<a href=\"http:\/\/www.aps.dz\/regions\/89544-adrar-tekerkeba-un-rite-special-ramadhan-encore-preserve\">Cliquez ici pour lire l&rsquo;article depuis sa source.<\/a><\/p>\n","protected":false},"excerpt":{"rendered":"<p>ADRAR &#8211; Les habitants du Touat (Adrar) renouent, \u00e0 l\u2019av\u00e8nement de chaque mois de Ramadhan, avec \u00ab\u00a0Tekerkeba\u00a0\u00bb, un rite jalousement pr\u00e9serv\u00e9. Faisant partie de l\u2019ambiance ramadhanesque et l\u00e9gu\u00e9 d\u2019une g\u00e9n\u00e9ration \u00e0 l\u2019autre, Tekerkeba, puis\u00e9 du nom d\u2019un grand tambour recouvert d\u2019une peau d\u2019animal, est devenue l\u2019appellation attribu\u00e9e \u00e0 la mission de la personne, un b\u00e9n\u00e9vole, [&hellip;]<\/p>\n","protected":false},"author":1790,"featured_media":34835,"comment_status":"closed","ping_status":"closed","sticky":false,"template":"","format":"standard","meta":{"fifu_image_url":"","fifu_image_alt":"","footnotes":""},"categories":[53,76],"tags":[],"class_list":["post-34834","post","type-post","status-publish","format-standard","has-post-thumbnail","hentry","category-algerie","category-regions"],"_links":{"self":[{"href":"https:\/\/linitiative.ca\/International\/wp-json\/wp\/v2\/posts\/34834","targetHints":{"allow":["GET"]}}],"collection":[{"href":"https:\/\/linitiative.ca\/International\/wp-json\/wp\/v2\/posts"}],"about":[{"href":"https:\/\/linitiative.ca\/International\/wp-json\/wp\/v2\/types\/post"}],"author":[{"embeddable":true,"href":"https:\/\/linitiative.ca\/International\/wp-json\/wp\/v2\/users\/1790"}],"replies":[{"embeddable":true,"href":"https:\/\/linitiative.ca\/International\/wp-json\/wp\/v2\/comments?post=34834"}],"version-history":[{"count":0,"href":"https:\/\/linitiative.ca\/International\/wp-json\/wp\/v2\/posts\/34834\/revisions"}],"wp:featuredmedia":[{"embeddable":true,"href":"https:\/\/linitiative.ca\/International\/wp-json\/"}],"wp:attachment":[{"href":"https:\/\/linitiative.ca\/International\/wp-json\/wp\/v2\/media?parent=34834"}],"wp:term":[{"taxonomy":"category","embeddable":true,"href":"https:\/\/linitiative.ca\/International\/wp-json\/wp\/v2\/categories?post=34834"},{"taxonomy":"post_tag","embeddable":true,"href":"https:\/\/linitiative.ca\/International\/wp-json\/wp\/v2\/tags?post=34834"}],"curies":[{"name":"wp","href":"https:\/\/api.w.org\/{rel}","templated":true}]}}